{"id":63494,"date":"2009-07-22T00:00:00","date_gmt":"2009-07-22T00:00:00","guid":{"rendered":"http:\/\/kentyasam.com.tr\/wp\/?p=63494"},"modified":"2009-07-22T00:00:00","modified_gmt":"2009-07-22T00:00:00","slug":"gittim-ve-dondum","status":"publish","type":"post","link":"https:\/\/kentyasam.com.tr\/wp\/2009\/07\/22\/gittim-ve-dondum\/","title":{"rendered":"Gittim&#8230;  Ve d\u00f6nd\u00fcm&#8230;"},"content":{"rendered":"Haftan\u0131n yedi g\u00fcn\u00fc yazan bir gazeteci olarak alt\u0131 g\u00fcn &#8220;yazmamak&#8221;  ger\u00e7ekten zormu\u015f&#8230; \r<br>Bosna Hersek, H\u0131rvatistan, az biraz S\u0131rbistan, Karada\u011f yollar\u0131nda ge\u00e7en geziyi bitirdik ve \u00e7ok \u015f\u00fck\u00fcr \u0130zmir?e d\u00f6nd\u00fck&#8230; \r<br>Bu gezi elbette bu k\u00f6\u015fede yer bulacak&#8230; \r<br>Kafam bozulmu\u015ftu, t\u00fcrl\u00fc s\u0131k\u0131nt\u0131lar\u0131n kemirdi\u011fi beynimi biraz rahatlatmak i\u00e7in davete icabet ettik ve &#8220;dostlu\u011fun&#8221; iyice yok oldu\u011fu bir &#8220;havada&#8221;  dostlarla birlikte &#8220;yeni&#8221; dostluklar kurduk. \r<br>Bolca d\u00fc\u015f\u00fc\u015f\u00fcnd\u00fcm&#8230; \r<br>Bolca muhakeme, muhasebe ve de mukayese ettim&#8230; \r<br>&#8220;G\u0131rg\u0131r&#8221;  ya da &#8220;sulu tatil&#8221;  de\u011fildi bu yorucu alt\u0131 g\u00fcn&#8230; \r<br>\r<br><img decoding=\"async\" src=\"http:\/\/www.kentyasam.com.tr\/Konuk\/22072009htk01.jpg\" border=\"0\" style=\"border:3px solid #dddddd; padding:2px; margin-left:10px;\" align=\"right\">Adeta tarihte yolculuk gibi bir ser\u00fcvendi&#8230; \r<br>F\u0131rsat bulduk\u00e7a internete dald\u0131k ve \u0130zmir?de neler oluyor diye de bakt\u0131k&#8230; \r<br>Yorgunlu\u011fu atamad\u0131\u011f\u0131m i\u00e7in bug\u00fcn biraz da &#8220;k\u0131sa k\u0131sa&#8221; al\u0131\u015ft\u0131rma yazal\u0131m dedik&#8230; Hakk\u0131m\u0131zda kim ne d\u00fc\u015f\u00fcn\u00fcyorsa Allah ona iki kat\u0131n\u0131 versin&#8230; \r<br>\r<br><b>Ba\u015f\u0131n sa\u011folsun T\u00fcrk\u00e2n Ablam&#8230; <\/b>\r<br>\r<br>Evlat ac\u0131s\u0131 ba\u015fka ac\u0131lara benzemez&#8230; Evlat can par\u00e7as\u0131d\u0131r ka\u00e7 ya\u015f\u0131nda olursa olsun. Ve evlat ac\u0131s\u0131n\u0131, zannetmem ki evlad\u0131 olmayan bilsin&#8230; Siyaset\u00e7ili\u011fi bir yana &#8220;insan kad\u0131n&#8221; T\u00fcrkan Mi\u00e7oo\u011fullar\u0131&#8230;  Duru\u015fu, ya\u015fant\u0131s\u0131, yakla\u015f\u0131mlar\u0131 hep \u00f6vg\u00fcye de\u011fer. Lakin anne de T\u00fcrkan Mi\u00e7oo\u011fullar\u0131&#8230;  Anne, abla T\u00fcrkan Mi\u00e7o\u011fullar\u0131&#8230;  Lakin T\u00fcrkan Abla, T\u00fcrkan anne &#8220;can par\u00e7as\u0131n\u0131&#8221;  yitirdi ve ta uzaklarda duydum ac\u0131s\u0131n\u0131&#8230;  Kolay de\u011fil, hi\u00e7 de\u011fil &#8220;evlat kaybetmeye&#8221;  dayanmak. Allah sab\u0131r versin, sa\u011fl\u0131kl\u0131 uzun \u00f6m\u00fcr versin&#8230; Gencecik ya\u015f\u0131nda sonsuzlu\u011fa g\u00f6\u00e7en evlad\u0131na da Allah rahmet etsin, mek\u00e2n\u0131 cennet olsun&#8230; \r<br>\r<br><b>\u00c7i\u00e7ekli k\u00f6ye ne oldu?<\/b>\r<br>\r<br>\u00c7i\u00e7ekli K\u00f6y?\u00fcn a\u011fa\u00e7lar\u0131n\u0131n yand\u0131\u011f\u0131n\u0131 \u00f6\u011frendi\u011fimde \u00f6fkeden delirdim&#8230;  Son iki, \u00fc\u00e7 ay\u0131m\u0131 verdi\u011fim o b\u00f6lge i\u00e7in nas\u0131l kayg\u0131land\u0131\u011f\u0131m\u0131 &#8220;bilen bilir&#8221;&#8230;  Nas\u0131l yanm\u0131\u015f, ne kadar yanm\u0131\u015f, yak\u0131lm\u0131\u015f m\u0131 gibi sorular\u0131 gereksiz ve sa\u00e7ma buluyorum. \u00c7\u00fcnk\u00fc y\u00fczlerce a\u011fa\u00e7, insan denen sorumsuz yarat\u0131\u011f\u0131n ihmali y\u00fcz\u00fcnden ve belki de beddualar ederek yand\u0131 yine&#8230;  Ne tedbirlere inanc\u0131m kald\u0131 ne de &#8220;tedbir almakla&#8221;  m\u00fckellef zevata&#8230;  O b\u00f6lgenin hemen biti\u015fi\u011findeki bir S\u0130T ihlalini ve benzin istasyonunu bile &#8220;g\u00f6rmezden&#8221;  gelenlerin koca ormana &#8220;bek\u00e7ilik&#8221;  edeceklerine mi inanaca\u011f\u0131m? Bornova Belediye Ba\u015fkan\u0131 &#8220;yanan her bir a\u011faca kar\u015f\u0131 iki a\u011fa\u00e7 dikece\u011fiz&#8221;  demi\u015f&#8230;  Ne g\u00fczel&#8230;  Lakin bu hassasiyeti &#8220;bay ve bayan&#8221;  y\u00f6neticiler onca a\u011fa\u00e7 yanmadan \u00f6nce g\u00f6stermeliydi. S\u0130T hassasiyetiyle alay edip, \u00fc\u00e7 kuru\u015fluk karlar u\u011fruna do\u011faya k\u0131yanlar\u0131n, do\u011fan\u0131n yitmesine g\u00f6z yumanlar\u0131n yerinde olmak istemezdim. \u00c7i\u00e7ekli ve civar\u0131 ile ilgili &#8220;samimi hassasiyet g\u00f6sterilmedi ki &#8220;yine&#8221;  yand\u0131&#8230;  Yap\u0131lan ve yap\u0131lacak t\u00fcm a\u00e7\u0131klamalar\u0131 da bo\u015f verip, bir &#8220;sit ihlaline&#8221;  kar\u015f\u0131 bile elini kolunu ba\u011fl\u0131 tutanlar\u0131n, t\u00fcrl\u00fc iftiralara boyun e\u011fmelerini de sadece kahrolarak izliyorum&#8230; \r<br>\u00c7i\u00e7ekli yand\u0131, bitti, k\u00fcl oldu&#8230; \r<br>Acaba s\u0131ra \u015fimdi nerede? \r<br>\r<br><b>AK Parti soka\u011fa m\u0131 \u00e7\u0131km\u0131\u015f?<\/b>\r<br>\r<br>Alt\u0131 g\u00fcn &#8220;yoktuk&#8221; , bir \u00f6\u011frendik ki &#8220;\u015ferhli kongre mahsul\u00fc&#8221;  AK Parti \u0130l Y\u00f6netimi?nin Ba\u015fkan\u0131 \u00d6m\u00fcr Kabak Bey &#8220;sokaklara&#8221;  \u00e7\u0131km\u0131\u015f, Aziz Bey?i ele\u015ftirmi\u015f&#8230; \r<br>?Hay\u0131rd\u0131r in\u015fallah&#8221;  diyorum&#8230; \r<br>Ba\u015fka da bir \u015fey demiyorum&#8230; \r<br>\u00d6zellikle de metro in\u015faat\u0131 ile ilgili i\u015fleri bozulan esnaf\u0131 m\u0131 konu etmi\u015f Ba\u015fkan Kabak?\r<br>Al\u0131n size bir &#8220;hay\u0131rd\u0131r in\u015fallah&#8221; daha&#8230; \r<br>Yahu, &#8220;ecnebi hipermarketlerin&#8221; can\u0131m bakkal amcam\u0131 bo\u011fazlamas\u0131na ses \u00e7\u0131kard\u0131 m\u0131 AK Parti \u0130l Ba\u015fkan\u0131?\r<br>Ya &#8220;te\u011fet ge\u00e7ti\u011fine&#8221; sadece kendisinin&#8221; inand\u0131\u011f\u0131 krize kar\u015f\u0131 emeklinin, \u00e7al\u0131\u015fan\u0131n &#8220;yan\u0131nda&#8221; durdu mu AK Parti \u0130l Ba\u015fkan\u0131?\r<br>\u00d6mr\u00fcn\u00fc devlete, millete hizmetle ge\u00e7irmi\u015f, ya\u015fam\u0131n\u0131n son bahar\u0131nda huzur ve namerde muhta\u00e7 olmamaktan ba\u015fka beklentisi olmayan emeklilere &#8220;dilenci sadakas\u0131&#8221;  gibi maa\u015flar vermeyi i\u00e7ine sindirebilmi\u015f mi AK Parti \u0130l Ba\u015fkan\u0131?\r<br>Ama &#8220;her \u015feye ra\u011fmen&#8221; \u0130zmir?de &#8220;muhalefet&#8221; yapmaya \u00e7al\u0131\u015fan \u00d6m\u00fcr Kabak?\u0131 &#8220;ezmemek&#8221; laz\u0131m. Anla\u015f\u0131lan o ki, yerel CHP iktidar\u0131na kar\u015f\u0131 &#8220;sokakta&#8221; muhalefet sesi \u00e7\u0131karacaklar. Ama \u00fclke iktidar\u0131ndan kaynaklanan sefalet ve yozla\u015fmaya kar\u015f\u0131 gelebilecek &#8220;tepkilere de&#8221; haz\u0131rl\u0131kl\u0131 olmal\u0131lar. Tabii &#8220;ger\u00e7ek demokrasiye&#8221; inan\u0131yorlarsa&#8230; \r<br>\r<br><b>Demirta\u015f &#8220;do\u011fru&#8221; yapm\u0131\u015f&#8230; <\/b>\r<br>\r<br>Yenig\u00fcn Gazetesi&#8217;nin internet sitesinde Cemal Sevgi karde\u015fimin yaz\u0131s\u0131ndan \u00f6\u011frendim ki, \u0130zmir Ticaret Odas\u0131 Ba\u015fkan\u0131 Ekrem Demirta\u015f, benim ba\u015ftan beri &#8220;ne i\u015fe yar\u0131yor?&#8221; diye sorgulamaya \u00e7al\u0131\u015ft\u0131\u011f\u0131m, ne oldu\u011funu asla anlayamad\u0131\u011f\u0131m, adeta ba\u015fka birliktelikleri and\u0131ran &#8220;Ba\u015fkanlar Kurulu&#8221; i\u00e7inden ayr\u0131lmas\u0131n\u0131 sadece alk\u0131\u015fl\u0131yorum&#8230;  Ayr\u0131lmakta bence ge\u00e7 bile kald\u0131&#8230;  Bir tak\u0131m \u00f6rg\u00fctlerin ba\u015fkanlar\u0131n\u0131n bir araya gelip yeniden \u00f6rg\u00fctlenmeleri ve ad\u0131na da &#8220;ba\u015fkanlar kurulu&#8221; gibi a\u011f\u0131r bir isim koymalar\u0131n\u0131, kendilerini adeta \u0130zmir?in &#8220;\u00fcst kurulu&#8221; gibi g\u00f6stermelerini zaten yad\u0131rg\u0131yordum. \u0130zmir?in son yirmi y\u0131l\u0131nda &#8220;ba\u015fkanl\u0131ktan ba\u015fka&#8221; bir \u015fey de yap\u0131p, \u015f\u00f6yle \u0130zmirlinin y\u00fcz\u00fcn\u00fc g\u00fcld\u00fcrememi\u015f, sorunlar\u0131n \u00e7\u00f6z\u00fcm\u00fcne inand\u0131r\u0131c\u0131 ve genel katk\u0131 koyamam\u0131\u015f, neredeyse &#8220;ba\u015fkanlar\u0131n&#8221; ki\u015fisel egolar\u0131n\u0131 giderme mekanizmas\u0131 olmu\u015f bu kurulun Ekrem Bey?in de \u00e7\u0131k\u0131\u015f\u0131yla da\u011f\u0131lmas\u0131n\u0131 dilerim&#8230; \u0130zmir?in bir tane &#8220;b\u00fcy\u00fck\u015fehir belediye ba\u015fkan\u0131&#8221;  var&#8230; Resmi ve yasal oda, sendika, dernek ba\u015fkanlar\u0131da var&#8230; Bunlar aralar\u0131nda zaten i\u015fbirli\u011fi yap\u0131yorlar. Ba\u015fka bir &#8220;\u00fcst&#8221; birli\u011fe ayn\u0131 kentte ne gerek var Allah a\u015fk\u0131na? Hem de &#8220;se\u00e7mece&#8221;&#8230; \u0130nan\u00e7lar\u0131na g\u00f6re ayr\u0131m yap\u0131l\u0131yor mu diye soraca\u011f\u0131m &#8220;ay\u0131p&#8221; olacak&#8230;  G\u00f6rd\u00fc\u011f\u00fcn\u00fcz gibi sormuyorum&#8230; Ekrem Demirta\u015f&#8221;sormu\u015f&#8221;  ama cevap alamam\u0131\u015f galiba&#8230; \r<br>\r<br><b>Deve garabeti&#8230; <\/b>\r<br>\r<br>\u00c7ankaya?da as\u0131ld\u0131\u011f\u0131 gece g\u00f6rm\u00fc\u015ft\u00fcm &#8220;develi \u0130zmir?i&#8221;&#8230; \r<br>Kimin akl\u0131yd\u0131 o garabet bilmiyorum&#8230; \r<br>Aziz Bey ger\u00e7ekten inceledi mi o garabeti, bilmiyorum?\r<br>\u0130zmir?de \u0130zmir?i anlatacak ba\u015fka bir manzara, g\u00f6r\u00fcnt\u00fc m\u00fc kalmam\u0131\u015f, bilmiyorum?\r<br>Orada &#8220;o deve&#8221; daha ne kadar kalacak ve &#8220;develi \u0130zmir&#8221;  ka\u00e7a patlad\u0131, bilmiyorum?\r<br>Deve ile aramda bir sorun yok ama galiba b\u00f6yle giderse &#8220;develerle&#8221; olacak m\u0131, bilmiyorum? \r<br>\r<br><b>K\u0131saca&#8230; <\/b>\r<br>\r<br>Alt\u0131 g\u00fcn yoktuk, d\u00f6nd\u00fck. D\u00f6nd\u00fc\u011f\u00fcm\u00fcz gece Adnan Menderes Hava Liman\u0131 D\u0131\u015f Hatlar?da &#8220;acayip&#8221;  bir olay ya\u015fad\u0131k. Ben de itiraz ettim, polis &#8220;halk\u0131 galeyana getirmekle&#8221; su\u00e7lad\u0131, g\u00fcld\u00fcm ge\u00e7tim. Lakin aram\u0131zda olan bir \u0130ngiliz yolcunun &#8220;b\u00f6yle uluslar aras\u0131 havaalan\u0131 m\u0131 olur?&#8221; diye sordu\u011fu soruyu aynen \u0130zmir Valisi?ne, \u0130zmir Emniyet M\u00fcd\u00fcr\u00fc?ne ben de soruyorum! Olay\u0131n ayr\u0131nt\u0131lar\u0131n\u0131 yazmayaca\u011f\u0131m bug\u00fcn. d\u00fc\u015f\u00fcn\u00fcyorum. Bosna ve civar\u0131 yaz\u0131lar\u0131n\u0131 san\u0131r\u0131m gelecek hafta kaleme al\u0131r\u0131m. Hem de resimli&#8230; Tabii ki &#8220;benim \u00fcslubumla&#8221;&#8230; Sorusu olan var m\u0131?<h3>Related Images:<\/h3>","protected":false},"excerpt":{"rendered":"<div class=\"mh-excerpt\"><p>Haftan\u0131n yedi g\u00fcn\u00fc yazan bir gazeteci olarak alt\u0131 g\u00fcn &#8220;yazmamak&#8221; ger\u00e7ekten zormu\u015f&#8230; Bosna Hersek, H\u0131rvatistan, az biraz S\u0131rbistan, Karada\u011f yollar\u0131nda ge\u00e7en geziyi bitirdik ve \u00e7ok <a class=\"mh-excerpt-more\" href=\"https:\/\/kentyasam.com.tr\/wp\/2009\/07\/22\/gittim-ve-dondum\/\" title=\"Gittim&#8230;  Ve d\u00f6nd\u00fcm&#8230;\">[&#8230;]<\/a><\/p>\n<\/div>","protected":false},"author":1,"featured_media":0,"comment_status":"open","ping_status":"open","sticky":false,"template":"","format":"standard","meta":{"ngg_post_thumbnail":0,"footnotes":""},"categories":[30],"tags":[],"_links":{"self":[{"href":"https:\/\/kentyasam.com.tr\/wp\/wp-json\/wp\/v2\/posts\/63494"}],"collection":[{"href":"https:\/\/kentyasam.com.tr\/wp\/wp-json\/wp\/v2\/posts"}],"about":[{"href":"https:\/\/kentyasam.com.tr\/wp\/wp-json\/wp\/v2\/types\/post"}],"author":[{"embeddable":true,"href":"https:\/\/kentyasam.com.tr\/wp\/wp-json\/wp\/v2\/users\/1"}],"replies":[{"embeddable":true,"href":"https:\/\/kentyasam.com.tr\/wp\/wp-json\/wp\/v2\/comments?post=63494"}],"version-history":[{"count":0,"href":"https:\/\/kentyasam.com.tr\/wp\/wp-json\/wp\/v2\/posts\/63494\/revisions"}],"wp:attachment":[{"href":"https:\/\/kentyasam.com.tr\/wp\/wp-json\/wp\/v2\/media?parent=63494"}],"wp:term":[{"taxonomy":"category","embeddable":true,"href":"https:\/\/kentyasam.com.tr\/wp\/wp-json\/wp\/v2\/categories?post=63494"},{"taxonomy":"post_tag","embeddable":true,"href":"https:\/\/kentyasam.com.tr\/wp\/wp-json\/wp\/v2\/tags?post=63494"}],"curies":[{"name":"wp","href":"https:\/\/api.w.org\/{rel}","templated":true}]}}