{"id":63386,"date":"2009-05-29T00:00:00","date_gmt":"2009-05-29T00:00:00","guid":{"rendered":"http:\/\/kentyasam.com.tr\/wp\/?p=63386"},"modified":"2009-05-29T00:00:00","modified_gmt":"2009-05-29T00:00:00","slug":"mayinlari-sokmeyin-ve-irak-sinirina-da-doseyin","status":"publish","type":"post","link":"https:\/\/kentyasam.com.tr\/wp\/2009\/05\/29\/mayinlari-sokmeyin-ve-irak-sinirina-da-doseyin\/","title":{"rendered":"May\u0131nlar\u0131 s\u00f6kmeyin ve Irak s\u0131n\u0131r\u0131na da d\u00f6\u015feyin!"},"content":{"rendered":"May\u0131nla kaybetti\u011fimiz \u015fehitlerimizin ailelerine, T\u00fcrk Silahl\u0131 Kuvvetleri&#8217;ne ve ulusumuza ba\u015fsa\u011fl\u0131\u011f\u0131 dile\u011fiyle&#8230;\r<br>\r<br>\u0130\u015fte bug\u00fcn ka\u00e7 \u015fehit daha verdik?\r<br>\r<br>Hem de PKK&#8217;n\u0131n s\u0131ra s\u0131ra d\u00f6\u015fedi\u011fi \u0130talyan marka Amerikan may\u0131nlar\u0131yla; AB-ABD emperyalizmi ile sava\u015ft\u0131\u011f\u0131m\u0131z\u0131n ispat\u0131d\u0131r bu \u00f6l\u00fcmler.\r<br>\r<br>Bu nas\u0131l i\u015ftir ki, bir yandan ABD da\u011flar\u0131m\u0131z\u0131 yollar\u0131m\u0131z\u0131 may\u0131nlarla d\u00f6\u015fetiyor, bir yandan 1954&#8217;de NATO karar\u0131yla d\u00f6\u015fetti\u011fi may\u0131nlar\u0131 geri &#8220;s\u00f6k&#8221; diye dayat\u0131yor. Benim ba\u015fbakan\u0131m 2001&#8217;de gitmi\u015f \u00e7akm\u0131\u015f imzay\u0131. \u015eimdi, &#8220;\u0130mzalad\u0131n, yerine getir&#8221; diye, ABD onu, o bizi azarl\u0131yor.\r<br>\r<br>Sizce Ba\u015fbakan neden bu kadar y\u00fcksek sesle ba\u011f\u0131rarak, \u00fcstelik &#8220;T\u00fcrkiye bu kadar k\u00fc\u00e7\u00fck m\u00fc?&#8221; gibi a\u015fa\u011f\u0131lay\u0131c\u0131 s\u00f6ylemlerle y\u00fckleniyor Meclis&#8217;e? Dayat\u0131yor adeta. \u00c7\u00fcnk\u00fc verilmi\u015f s\u00f6z\u00fc, at\u0131lm\u0131\u015f imzas\u0131 var.\r<br>\r<br>B\u00f6yle katakulli ile may\u0131n s\u00f6kt\u00fcrtecekler bize, \u00fcst\u00fcne topraklar\u0131n alt\u0131n\u0131 da \u00fcst\u00fcn\u00fc de birilerine i\u015flet diye verece\u011fiz&#8230; Tipik Yahudi kurnazl\u0131\u011f\u0131d\u0131r. \u00d6nce yerli birileri al\u0131r, onlar da ondan devral\u0131r, bunu \u00e7ok g\u00f6rd\u00fck.\r<br>\r<br>T\u00fcrk halk\u0131 ve T\u00fcrk Silahl\u0131 Kuvvetleri her g\u00fcn yas i\u00e7indeyken; o\u011fullar\u0131m\u0131z\u0131n may\u0131nlarla parampar\u00e7a olmu\u015f bedenlerini toplarken&#8230; \u0130nsaf\u0131n\u0131z yok mu beyler?\r<br>\r<br>Allahtan korkun yahu! Kimden neyi istiyorsunuz, fark\u0131nda de\u011filsiniz?\r<br>\r<br>O may\u0131nlar\u0131 NATO ne i\u00e7in d\u00f6\u015fedi bilmiyorsunuz galiba: \u0130srail&#8217;i Rusya&#8217;ya kar\u015f\u0131 g\u00fcvenceye almak i\u00e7indi. \u015eimdi niye a\u00e7\u0131n diyorlar? Demek ki \u0130srail art\u0131k buralarda rahatlad\u0131, yay\u0131lmak istiyor, \u00f6n\u00fcnde may\u0131nl\u0131 arazi engeli istemiyor! Kerk\u00fck petrollerini Hayfa&#8217;ya g\u00fcvenli ta\u015f\u0131mak istiyor.\r<br>\r<br>TSK&#8217;y\u0131 y\u0131pratma malzemesi yap\u0131ld\u0131 bu konu! Herkes y\u00fckleniyor Silahl\u0131 Kuvvetler&#8217;e, acaba neden? Sa\u011f-sol birlikte &#8220;vurun abal\u0131ya&#8221; diyor. Bunu g\u00f6rmek ve &#8220;\u00f6yleyse bu i\u015fte bir terslik var&#8221; diye d\u00fc\u015f\u00fcnmek gerek!\r<br>\r<br>Art\u0131k zihinsel alg\u0131lama sistemimizi yeniden kurmal\u0131;\r<br>\r<br>&#8211; Medyada man\u015fetten verilen her \u015feyi TERS\u0130NDEN OKUMALIYIZ!\r<br>\r<br>&#8211; &#8220;ABD ile anla\u015fma gere\u011fi&#8221; yap\u0131lan her i\u015fin alt\u0131nda bir \u00e7apano\u011flu aramal\u0131y\u0131z!\r<br>\r<br>&#8211; &#8220;Kendi yarar\u0131na zannederek asl\u0131nda bizim istedi\u011fimiz i\u015fleri yapacaklar&#8221; takti\u011fi uygulad\u0131klar\u0131n\u0131 d\u00fc\u015f\u00fcnmeliyiz.\r<br>\r<br>Urfal\u0131 topraks\u0131z k\u00f6yl\u00fcye toprak verilece\u011fi bir palavrad\u0131r. Modern \u00fcretim \u00e7iftli\u011fi Urfa Ceylanp\u0131nar&#8217;\u0131 unuttuk; PKK eliyle oradaki \u00fcretimi durdurttular, trakt\u00f6rleri yakt\u0131lar, evleri, ah\u0131rlar\u0131 bombalatt\u0131lar, insanlar\u0131 ka\u00e7\u0131rtt\u0131lar&#8230; Binlerce e\u011fitilmi\u015f tar\u0131m i\u015f\u00e7isi, orda \u00e7al\u0131\u015fan ziraat m\u00fchendisleri, deneyimleriyle birlikte tuz buz oldu. Sigortal\u0131 tar\u0131m i\u015f\u00e7ili\u011fi yok edildi; i\u015fsiz, g\u00fc\u00e7s\u00fcz, a\u015fs\u0131z, ba\u015fs\u0131z, peri\u015fan edildiler.\r<br>\r<br>\u015eimdi TRT rop\u00f6rtaj yap\u0131yor Urfa&#8217;da, &#8220;toprak istiyoruz&#8221; diyeni g\u00f6r\u00fcnt\u00fcl\u00fcyor. &#8220;Ceylanp\u0131nar \u00dcretim \u00c7iftli\u011fi&#8217;ni geri isteriz&#8221; diyen yok mu? Yani, maksada uygun sorularla kamuoyu y\u00f6nlendiriliyor; &#8220;may\u0131nlar s\u00f6k\u00fcls\u00fcn diyor halk&#8221; mesaj\u0131 veriliyor. \r<br>\r<br><b>HAYIR, MAYINLAR YER\u0130NDE KALSIN!<\/b>\r<br>\r<br>Siyonist yay\u0131lmac\u0131 \u0130srail, Urfa&#8217;y\u0131 ata yurdu diye dillendirmeye devam ederken, dursun orda may\u0131nlar. \u0130srail bu politikas\u0131ndan vazge\u00e7ti\u011fi zaman, Amerika ve \u0130srail d\u00fcnya egemenli\u011finden vaz ge\u00e7ti\u011fi zaman, biz kendimiz s\u00f6keriz onlar\u0131.\r<br>\r<br>\u015eimdi, hain pusularda delikanl\u0131 o\u011fullar\u0131m\u0131z topra\u011fa d\u00fc\u015ferken, o may\u0131nlar\u0131 d\u00f6\u015fetenlere sesimizi y\u00fckseltmektir yapmam\u0131z gereken.\r<br>\r<br>Eklemeliyim; bu TRT art\u0131k bizim TRT&#8217;miz de\u011fildir. TRT \u00c7ocuk kanal\u0131nda, &#8220;Burada hi\u00e7 g\u00fcne\u015f yok, ne g\u00fczel de\u011fil mi?&#8221; diye, t\u0131pk\u0131 ilkokul kitaplar\u0131nda g\u00fcne\u015fi karartt\u0131klar\u0131 gibi s\u00f6zler var. Bunlar beyin patlatan may\u0131nlard\u0131r. L\u00fctfen \u00e7ocuklar\u0131m\u0131za yanl\u0131\u015f fikirler veren bu kanal\u0131 izlettirmeyelim ve kanal\u0131 RT\u00dcK&#8217;e \u015fikayet edelim.\r<br>\r<br>Art\u0131k \u00e7ocuklara TRT ne diyorsa, ilk\u00f6\u011fretim kitaplar\u0131 ne yaz\u0131yorsa ve ABD ne istiyorsa, Ba\u015fbakan ba\u011f\u0131rarak ne diyorsa, tersini yapmak zaman\u0131d\u0131r.<h3>Related Images:<\/h3>","protected":false},"excerpt":{"rendered":"<div class=\"mh-excerpt\"><p>May\u0131nla kaybetti\u011fimiz \u015fehitlerimizin ailelerine, T\u00fcrk Silahl\u0131 Kuvvetleri&#8217;ne ve ulusumuza ba\u015fsa\u011fl\u0131\u011f\u0131 dile\u011fiyle&#8230; \u0130\u015fte bug\u00fcn ka\u00e7 \u015fehit daha verdik? Hem de PKK&#8217;n\u0131n s\u0131ra s\u0131ra d\u00f6\u015fedi\u011fi \u0130talyan marka <a class=\"mh-excerpt-more\" href=\"https:\/\/kentyasam.com.tr\/wp\/2009\/05\/29\/mayinlari-sokmeyin-ve-irak-sinirina-da-doseyin\/\" title=\"May\u0131nlar\u0131 s\u00f6kmeyin ve Irak s\u0131n\u0131r\u0131na da d\u00f6\u015feyin!\">[&#8230;]<\/a><\/p>\n<\/div>","protected":false},"author":1,"featured_media":0,"comment_status":"open","ping_status":"open","sticky":false,"template":"","format":"standard","meta":{"ngg_post_thumbnail":0,"footnotes":""},"categories":[87],"tags":[],"_links":{"self":[{"href":"https:\/\/kentyasam.com.tr\/wp\/wp-json\/wp\/v2\/posts\/63386"}],"collection":[{"href":"https:\/\/kentyasam.com.tr\/wp\/wp-json\/wp\/v2\/posts"}],"about":[{"href":"https:\/\/kentyasam.com.tr\/wp\/wp-json\/wp\/v2\/types\/post"}],"author":[{"embeddable":true,"href":"https:\/\/kentyasam.com.tr\/wp\/wp-json\/wp\/v2\/users\/1"}],"replies":[{"embeddable":true,"href":"https:\/\/kentyasam.com.tr\/wp\/wp-json\/wp\/v2\/comments?post=63386"}],"version-history":[{"count":0,"href":"https:\/\/kentyasam.com.tr\/wp\/wp-json\/wp\/v2\/posts\/63386\/revisions"}],"wp:attachment":[{"href":"https:\/\/kentyasam.com.tr\/wp\/wp-json\/wp\/v2\/media?parent=63386"}],"wp:term":[{"taxonomy":"category","embeddable":true,"href":"https:\/\/kentyasam.com.tr\/wp\/wp-json\/wp\/v2\/categories?post=63386"},{"taxonomy":"post_tag","embeddable":true,"href":"https:\/\/kentyasam.com.tr\/wp\/wp-json\/wp\/v2\/tags?post=63386"}],"curies":[{"name":"wp","href":"https:\/\/api.w.org\/{rel}","templated":true}]}}