{"id":63153,"date":"2009-01-20T00:00:00","date_gmt":"2009-01-20T00:00:00","guid":{"rendered":"http:\/\/kentyasam.com.tr\/wp\/?p=63153"},"modified":"2009-01-20T00:00:00","modified_gmt":"2009-01-20T00:00:00","slug":"nezaket-ustune","status":"publish","type":"post","link":"https:\/\/kentyasam.com.tr\/wp\/2009\/01\/20\/nezaket-ustune\/","title":{"rendered":"Nezaket \u00fcst\u00fcne&#8230;"},"content":{"rendered":"\u0130zmir B\u00fcy\u00fck\u015fehir Belediyesi&#8217;nin sanat ve k\u00fclt\u00fcrden sorumlu bir b\u00fcrokrat\u0131 &#8220;\u0130zmir Sanat&#8217;\u0131 nas\u0131l ba\u015far\u0131yla y\u00f6netiyorsak, Ahmet Adnan Saygun Sanat Merkezi&#8217;ni de ayn\u0131 \u015fekilde ba\u015far\u0131yla y\u00f6netece\u011fiz&#8221; demi\u015f. \u00d6nce \u015funu belirtelim \u0130zmir Sanat ba\u015far\u0131yla y\u00f6netilmiyor. \r<br>\r<br>&#8220;Ahmet Adnan Saygun Sanat Merkezi&#8217;nin (AASSM) 25 ki\u015filik bir dan\u0131\u015fma kurulu, \u0130zmir&#8217;in k\u00fclt\u00fcr sanat ya\u015fam\u0131na yepyeni projelerle ayr\u0131 bir renk ve g\u00fc\u00e7 kat\u0131yor&#8221; haberine ger\u00e7ekten inanmak isterim. Dan\u0131\u015fma kurulu i\u00e7erisinde \u00f6nceki y\u0131llarda da dan\u0131\u015fmanl\u0131k yapan, ancak kentin k\u00fclt\u00fcr ve sanat ya\u015fam\u0131na renk ve g\u00fc\u00e7 katamayan isimler var. \r<br>\r<br>\u00d6n\u00fcm\u00fczdeki g\u00fcnlerde \u0130zmir&#8217;e &#8220;\u0130zmir M\u00fczik Tarihi&#8221; kitab\u0131n\u0131 arma\u011fan edecek&#8221;\u00a0Kent-Ya\u015fam yazar\u0131, de\u011ferli k\u00fclt\u00fcr ve sanat insan\u0131m\u0131z Ya\u015far \u00dcr\u00fck&#8217;e, Ahmet Adnan Saygun Sanat Merkezi&#8217;nin a\u00e7\u0131l\u0131\u015f\u0131n\u0131n hangi g\u00fcn\u00fcne davetiye ald\u0131\u011f\u0131n\u0131 sordum. Ya\u015far \u00dcr\u00fck gibi kentin sanat ve k\u00fclt\u00fcr ya\u015fam\u0131na katk\u0131 vermi\u015f az say\u0131daki insan\u0131n ilk \u00fc\u00e7 g\u00fcn, koltuklar\u0131n bo\u015f olmas\u0131na ra\u011fmen yer bulamamas\u0131 unutkanl\u0131k olabilir mi?\r<br>\r<br>\u0130stanbul B\u00fcy\u00fck\u015fehir Belediyesi, halkla ili\u015fkilerini iyi y\u00f6netiyor. Hi\u00e7 bir yak\u0131nl\u0131\u011f\u0131m olmamas\u0131na ra\u011fmen t\u00fcm etkinliklerine kat\u0131lmam i\u00e7in davetiye g\u00f6nderme nezaketinde bulunuyorlar. \u0130zmir B\u00fcy\u00fck\u015fehir Belediyesi i\u00e7in ayn\u0131 \u015feyleri s\u00f6yleyemiyorum. Galiba b\u00fct\u00fcn sorun burada yat\u0131yor.\r<br>\r<br>***\r<br>\r<br>CHP kulislerinden bir mail geldi. Kars Demokrat Dernekleri Federasyonu taraf\u0131ndan G\u00fcltepe&#8217;de d\u00fczenlenen a\u015fure g\u00fcn\u00fc yo\u011fun bir kat\u0131l\u0131ma sahne olmu\u015f. Etkinli\u011fe ba\u015fta konfederasyon yetkilileri ve \u00fcyeleri olmak \u00fczere, CHP Konak belediye ba\u015fkan aday aday\u0131 Muhsin Kurt, CHP Konak \u0130l\u00e7e Ba\u015fkan\u0131 U\u011fur Yelekli, Konak Belediye Ba\u015fkan\u0131 Muzaffer Tun\u00e7a\u011f ve \u00e7ok say\u0131da vatanda\u015f kat\u0131lm\u0131\u015f.\u00a0\r<br>\r<br>Etkinli\u011fe kat\u0131lan kalabal\u0131klar, a\u015fure g\u00fcn\u00fc boyunca Ba\u015fkan Muzaffer Tun\u00e7a\u011f&#8217;\u0131n yan\u0131nda, Muhsin Kurt &#8220;Ba\u015fkan, Muhsin Kurt Ba\u015fkan!&#8221; diye tezah\u00fcratta bulunmu\u015flar. Sizin anlayaca\u011f\u0131n\u0131z a\u015fure g\u00fcn\u00fc CHP Konak belediye ba\u015fkan aday aday\u0131 Muhsin Kurt&#8217;un yeni bir g\u00f6vde g\u00f6sterisine d\u00f6n\u00fc\u015fm\u00fc\u015f. Muhsin Kurt da s\u0131k s\u0131k aya\u011fa kalkarak halk\u0131n\u0131 selamlam\u0131\u015f. Etkinli\u011fe kat\u0131lan Konak Belediye Ba\u015fkan\u0131 Muzaffer Tun\u00e7a\u011f&#8217;\u0131n, en b\u00fcy\u00fck rakibi olan Muhsin Kurt&#8217;un halk\u0131n sevgisine kar\u015f\u0131l\u0131k verdi\u011fi anlarda alk\u0131\u015flan\u0131rken, \u00f6zellikle Ba\u015fkan Muzaffer Tun\u00e7a\u011f&#8217;\u0131n hareketsiz kalmas\u0131 dikkatlerden ka\u00e7mam\u0131\u015f.\r<br>\r<br>Benim tan\u0131d\u0131\u011f\u0131m Ba\u015fkan Muzaffer Tun\u00e7a\u011f, b\u00fct\u00fcn yurtta\u015f davetlerine kat\u0131lacak kadar al\u00e7ak g\u00f6n\u00fcll\u00fc, sevilen belediye ba\u015fkan\u0131d\u0131r.\r<br>\r<br>Ba\u015fkan Muzaffer Tun\u00e7a\u011f&#8217;\u0131n en b\u00fcy\u00fck rakibi, hayali, ipe sapa gelmez Konak Meydan\u0131 projesini ortaya atan, ancak bir internet sitesi dahi kurmay\u0131 ba\u015faramam\u0131\u015f CHP \u0130zmir il y\u00f6netimidir.\r<br>\r<br>A\u015fure g\u00fcn\u00fcn\u00fc politik arenaya \u00e7evirip, davet edilen ba\u015fkana nezaket d\u0131\u015f\u0131 davranmak hangi gelene\u011fe s\u0131\u011far?<h3>Related Images:<\/h3>","protected":false},"excerpt":{"rendered":"<div class=\"mh-excerpt\"><p>\u0130zmir B\u00fcy\u00fck\u015fehir Belediyesi&#8217;nin sanat ve k\u00fclt\u00fcrden sorumlu bir b\u00fcrokrat\u0131 &#8220;\u0130zmir Sanat&#8217;\u0131 nas\u0131l ba\u015far\u0131yla y\u00f6netiyorsak, Ahmet Adnan Saygun Sanat Merkezi&#8217;ni de ayn\u0131 \u015fekilde ba\u015far\u0131yla y\u00f6netece\u011fiz&#8221; demi\u015f. <a class=\"mh-excerpt-more\" href=\"https:\/\/kentyasam.com.tr\/wp\/2009\/01\/20\/nezaket-ustune\/\" title=\"Nezaket \u00fcst\u00fcne&#8230;\">[&#8230;]<\/a><\/p>\n<\/div>","protected":false},"author":1,"featured_media":0,"comment_status":"open","ping_status":"open","sticky":false,"template":"","format":"standard","meta":{"ngg_post_thumbnail":0,"footnotes":""},"categories":[31],"tags":[],"_links":{"self":[{"href":"https:\/\/kentyasam.com.tr\/wp\/wp-json\/wp\/v2\/posts\/63153"}],"collection":[{"href":"https:\/\/kentyasam.com.tr\/wp\/wp-json\/wp\/v2\/posts"}],"about":[{"href":"https:\/\/kentyasam.com.tr\/wp\/wp-json\/wp\/v2\/types\/post"}],"author":[{"embeddable":true,"href":"https:\/\/kentyasam.com.tr\/wp\/wp-json\/wp\/v2\/users\/1"}],"replies":[{"embeddable":true,"href":"https:\/\/kentyasam.com.tr\/wp\/wp-json\/wp\/v2\/comments?post=63153"}],"version-history":[{"count":0,"href":"https:\/\/kentyasam.com.tr\/wp\/wp-json\/wp\/v2\/posts\/63153\/revisions"}],"wp:attachment":[{"href":"https:\/\/kentyasam.com.tr\/wp\/wp-json\/wp\/v2\/media?parent=63153"}],"wp:term":[{"taxonomy":"category","embeddable":true,"href":"https:\/\/kentyasam.com.tr\/wp\/wp-json\/wp\/v2\/categories?post=63153"},{"taxonomy":"post_tag","embeddable":true,"href":"https:\/\/kentyasam.com.tr\/wp\/wp-json\/wp\/v2\/tags?post=63153"}],"curies":[{"name":"wp","href":"https:\/\/api.w.org\/{rel}","templated":true}]}}