{"id":62916,"date":"2008-08-02T00:00:00","date_gmt":"2008-08-02T00:00:00","guid":{"rendered":"http:\/\/kentyasam.com.tr\/wp\/?p=62916"},"modified":"2008-08-02T00:00:00","modified_gmt":"2008-08-02T00:00:00","slug":"akp-aklini-basina-alir-mi","status":"publish","type":"post","link":"https:\/\/kentyasam.com.tr\/wp\/2008\/08\/02\/akp-aklini-basina-alir-mi\/","title":{"rendered":"AKP, akl\u0131n\u0131 ba\u015f\u0131na al\u0131r m\u0131?"},"content":{"rendered":"Hi\u00e7 uzatmadan ba\u015fl\u0131ktaki sorunun yan\u0131t\u0131n\u0131 vereyim:\r<br>\r<br>Almak zorunda&#8230;\r<br>\r<br>Peki neden?\r<br>\r<br>\u00c7\u00fcnk\u00fc gidilen yol, do\u011fru yol de\u011fildi.\r<br>\r<br>Bunu ben s\u00f6ylemiyorum.\r<br>\r<br>Y\u00fcksek yarg\u0131n\u0131n 11 \u00fcyesinden, 10&#8217;u s\u00f6yl\u00fcyor. Anayasa Mahkemesi y\u00fcce T\u00fcrk milleti ad\u0131na verdi\u011fi kararda, &#8220;AKP laiklik kar\u015f\u0131t\u0131 hareketlerin oda\u011f\u0131d\u0131r&#8221; diyerek su\u00e7lu buluyor.\r<br>\r<br>AKP, a\u011f\u0131r bir ihtar ve para cezas\u0131yla kapanmaktan kurtulmu\u015ftur.\r<br>\r<br>Yani, 22.8 milyon YTL kar\u015f\u0131l\u0131\u011f\u0131 (Bu rakam, AKP&#8217;nin 2008 y\u0131l\u0131 b\u00fct\u00e7esinden ald\u0131\u011f\u0131 Hazine yard\u0131m\u0131n\u0131n tam yar\u0131s\u0131d\u0131r) kefaletle serbest b\u0131rak\u0131lm\u0131\u015ft\u0131r.\r<br>\r<br>\u015eimdi takkeyi \u00f6ne koyup d\u00fc\u015f\u00fcnme zaman\u0131d\u0131r?\r<br>\r<br>***\r<br>\r<br>Verilen mesaj iyi okunmal\u0131d\u0131r.\r<br>\r<br>Toplumun geni\u015f kesiminde var olan d\u00fc\u015f\u00fcnce \u015fudur:\r<br>\r<br>Be\u011fensin ya da be\u011fenmesin herkes verilen karara sayg\u0131 duymak zorundad\u0131r.\r<br>\r<br>Bu mesele demokratik hukuk devleti kurallar\u0131 i\u00e7inde sonu\u00e7lanm\u0131\u015ft\u0131r.\r<br>\r<br>Belirsizlik ortadan kalkm\u0131\u015ft\u0131r.\r<br>\r<br>Gerilimlerle ge\u00e7en 22 Temmuz se\u00e7im s\u00fcrecinden bu yana, beklenen uzla\u015fma ortam\u0131 do\u011fmu\u015ftur.\r<br>\r<br>70 milyonu y\u00f6netme sorumlulu\u011funu ta\u015f\u0131yanlar kucakla\u015fmal\u0131d\u0131r.\r<br>\r<br>B\u00fct\u00fcn dikkatler, ciddi risklerle kar\u015f\u0131 kar\u015f\u0131ya olan ekonomiye ve \u00fclkenin huzuruna yo\u011funla\u015fmal\u0131d\u0131r.\r<br>\r<br>***\r<br>\r<br>AKP \u0130zmir \u0130l Ba\u015fkan\u0131 Ayd\u0131n \u015eeng\u00fcl&#8217;\u00fcn yapt\u0131\u011f\u0131 ilk a\u00e7\u0131klamalar, te\u015fkilatlar\u0131n da bu beklentiler i\u00e7inde oldu\u011fu izlenimini vermi\u015ftir.\r<br>\r<br>\u015eeng\u00fcl&#8217;\u00fcn &#8220;Bu karardan herkes kendine d\u00fc\u015feni alg\u0131layacakt\u0131r. Daha uzla\u015fmac\u0131, birbirini anlayan bir ortam do\u011facakt\u0131r. Herkes i\u00e7in yeni bir g\u00fcn ba\u015flad\u0131&#8221; s\u00f6zlerinin alt\u0131 \u00e7izilmelidir.\r<br>\r<br>Bunun ifadesi \u015fudur:\r<br>\r<br>Top direkten d\u00f6nm\u00fc\u015ft\u00fcr. AKP de bunun fark\u0131ndad\u0131r.\r<br>\r<br>Ba\u015flar\u0131n\u0131n \u00fczerinde Demokles&#8217;in k\u0131l\u0131c\u0131 gibi sallanan, &#8220;Bir daha olursa kapat\u0131l\u0131rs\u0131n\u0131z&#8221; bask\u0131s\u0131 vard\u0131r.\r<br>\r<br>Tabii, kap\u0131ya kilit vurulmamas\u0131, tabelan\u0131n indirilmemesi partiye moral vermi\u015ftir. Bu ruh hali, herkesin almak i\u00e7in \u00e7al\u0131\u015ft\u0131\u011f\u0131 \u0130zmir&#8217;de, doping etkisi yapm\u0131\u015ft\u0131r.\r<br>\r<br>Mart 2009&#8217;daki yerel se\u00e7imin dengeleri de de\u011fi\u015fmi\u015ftir. AKP, a\u00e7aca\u011f\u0131 beyaz bir sayfayla \u0130zmir&#8217;de var olan \u015fans\u0131n\u0131 art\u0131rma f\u0131rsat\u0131 bulmu\u015ftur.\r<br>\r<br>***\r<br>\r<br>Son s\u00f6z; ki\u015fi\u015fel olarak, sonu\u00e7tan memnumum. AKP&#8217;nin &#8220;ma\u011fduru oynama&#8221; pozisyonu ortadan kalkm\u0131\u015ft\u0131r. Art\u0131k AKP, se\u00e7menden oy alabilmek i\u00e7in, uzla\u015f\u0131 i\u00e7inde yeni demokratik a\u00e7\u0131l\u0131mlar ve ekonomik programlar, projeler ortaya koymak zorundad\u0131r.<h3>Related Images:<\/h3>","protected":false},"excerpt":{"rendered":"<div class=\"mh-excerpt\"><p>Hi\u00e7 uzatmadan ba\u015fl\u0131ktaki sorunun yan\u0131t\u0131n\u0131 vereyim: Almak zorunda&#8230; Peki neden? \u00c7\u00fcnk\u00fc gidilen yol, do\u011fru yol de\u011fildi. Bunu ben s\u00f6ylemiyorum. Y\u00fcksek yarg\u0131n\u0131n 11 \u00fcyesinden, 10&#8217;u s\u00f6yl\u00fcyor. <a class=\"mh-excerpt-more\" href=\"https:\/\/kentyasam.com.tr\/wp\/2008\/08\/02\/akp-aklini-basina-alir-mi\/\" title=\"AKP, akl\u0131n\u0131 ba\u015f\u0131na al\u0131r m\u0131?\">[&#8230;]<\/a><\/p>\n<\/div>","protected":false},"author":1,"featured_media":0,"comment_status":"open","ping_status":"open","sticky":false,"template":"","format":"standard","meta":{"ngg_post_thumbnail":0,"footnotes":""},"categories":[71],"tags":[],"_links":{"self":[{"href":"https:\/\/kentyasam.com.tr\/wp\/wp-json\/wp\/v2\/posts\/62916"}],"collection":[{"href":"https:\/\/kentyasam.com.tr\/wp\/wp-json\/wp\/v2\/posts"}],"about":[{"href":"https:\/\/kentyasam.com.tr\/wp\/wp-json\/wp\/v2\/types\/post"}],"author":[{"embeddable":true,"href":"https:\/\/kentyasam.com.tr\/wp\/wp-json\/wp\/v2\/users\/1"}],"replies":[{"embeddable":true,"href":"https:\/\/kentyasam.com.tr\/wp\/wp-json\/wp\/v2\/comments?post=62916"}],"version-history":[{"count":0,"href":"https:\/\/kentyasam.com.tr\/wp\/wp-json\/wp\/v2\/posts\/62916\/revisions"}],"wp:attachment":[{"href":"https:\/\/kentyasam.com.tr\/wp\/wp-json\/wp\/v2\/media?parent=62916"}],"wp:term":[{"taxonomy":"category","embeddable":true,"href":"https:\/\/kentyasam.com.tr\/wp\/wp-json\/wp\/v2\/categories?post=62916"},{"taxonomy":"post_tag","embeddable":true,"href":"https:\/\/kentyasam.com.tr\/wp\/wp-json\/wp\/v2\/tags?post=62916"}],"curies":[{"name":"wp","href":"https:\/\/api.w.org\/{rel}","templated":true}]}}