{"id":62488,"date":"2007-09-17T00:00:00","date_gmt":"2007-09-17T00:00:00","guid":{"rendered":"http:\/\/kentyasam.com.tr\/wp\/?p=62488"},"modified":"2007-09-17T00:00:00","modified_gmt":"2007-09-17T00:00:00","slug":"bu-kafayla-adalet-ve-kalkinma-saglanir-mi","status":"publish","type":"post","link":"https:\/\/kentyasam.com.tr\/wp\/2007\/09\/17\/bu-kafayla-adalet-ve-kalkinma-saglanir-mi\/","title":{"rendered":"Bu kafayla adalet ve kalk\u0131nma sa\u011flan\u0131r m\u0131?"},"content":{"rendered":"M\u0130LL\u0130 Savunma Bakanl\u0131\u011f\u0131 koltu\u011funda oturan Vecdi G\u00f6n\u00fcl, ge\u00e7en hafta Bornova&#8217;da bir f\u0131r\u0131n\u0131n a\u00e7\u0131l\u0131\u015f\u0131n\u0131 yapt\u0131. \r<br>Bu a\u00e7\u0131l\u0131\u015fa AKP&#8217;li iki milletvekilinin yan\u0131 s\u0131ra devletin valisi ile emniyet m\u00fcd\u00fcr\u00fc de kat\u0131ld\u0131.\r<br>Gazetelerde boy boy foto\u011fraflar\u0131 yer ald\u0131.\r<br>Oysa&#8230;\r<br>T\u00fcrkiye Cumhuriyeti&#8217;nin bir vatanda\u015f\u0131 olarak; beni temsil eden bakan\u0131, y\u00fczlerce ki\u015fiye istihdam sa\u011flayacak bir fabrikan\u0131n kurdelesini keserken g\u00f6rmek isterdim.\r<br>Ya da ne bileyim, savunma sanayisi ile ilgili bir tesisi a\u00e7arken&#8230;\r<br>Ger\u00e7i; &#8221;Can\u0131m ilk kez mi bir bakan f\u0131r\u0131n a\u00e7\u0131yor? Zaman\u0131nda tuvalet a\u00e7anlar\u0131 bile g\u00f6rd\u00fck&#8221; diyebilirsiniz.\r<br>Bakanlar, b\u00f6yle basit t\u00f6renlerde zaman\u0131n\u0131 harcad\u0131\u011f\u0131 i\u00e7in bug\u00fcn \u00fclkemizin \u00e7a\u011fda\u015f uluslar aras\u0131ndaki yeri ortada&#8230; \r<br>\u00c7ok yaz\u0131k&#8230;\r<br>Bu kafayla m\u0131 kalk\u0131naca\u011f\u0131z, geli\u015fece\u011fiz?\r<br>\r<br>* * *\r<br>\r<br>S\u00d6Z AKP&#8217;li bakanlardan a\u00e7\u0131lm\u0131\u015fken; ge\u00e7en hafta i\u00e7erisinde yine kabinenin iki bakan\u0131 (Vecdi G\u00f6n\u00fcl ve Mehmet Ayd\u0131n) ve iktidar partisine mensup alt\u0131 milletvekili, \u0130zmir i\u015f d\u00fcnyas\u0131n\u0131 temsil eden meslek odalar\u0131n\u0131n temsilcileri ile biraraya geldi. Ama\u00e7; kentin sorunlar\u0131n\u0131 belirmek ve bunlara \u00e7\u00f6z\u00fcm bulmak.\r<br>\u0130\u015f d\u00fcnyas\u0131n\u0131n temsilcileri kendilerine g\u00f6re kentin \u00f6ncelikli sorunlar\u0131n\u0131 bakanlara ve milletvekillerine aktard\u0131. AKP \u0130l Ba\u015fkanl\u0131\u011f\u0131&#8217;n\u0131n talebi do\u011frultusunda bas\u0131na kapal\u0131 d\u00fczenlenen bu toplant\u0131da; i\u015f d\u00fcnyas\u0131n\u0131n temsilcilerinin d\u0131\u015f\u0131nda, onbinlerce ki\u015fiyi temsil eden TMMOB&#8217;un, \u0130zmir Barosu&#8217;nun, mali m\u00fc\u015favir ve muhasebeciler odas\u0131n\u0131n, i\u015f\u00e7i ve memur sendikalar\u0131n\u0131n, emekli ve kad\u0131n \u00f6rg\u00fctlerinin k\u0131sacas\u0131 toplum katmanlar\u0131n\u0131n b\u00fcy\u00fck \u00e7o\u011funlu\u011funun \u00fcye oldu\u011fu sivil toplum \u00f6rg\u00fctlerinin tek bir temsilcisinin dahi olmay\u0131\u015f\u0131 dikkat \u00e7ekti. \r<br>Oysa&#8230;\r<br>Ba\u015fta EXPO 2015 olmak \u00fczere, kentin vizyonunu ve gelece\u011fini ilgilendiren konular, gelecekle ilgili yat\u0131r\u0131mlar ne bir kesimin ne de bir siyasi partinin tekelindedir.\r<br>\u00c7\u00fcnk\u00fc&#8230;\r<br>Bu kent bir kesimin ya da partinin de\u011fil, hepimizin&#8230;\r<br>Se\u00e7im geldi\u011fi zaman toplumun her kesiminden oy istemeyi bilenler, i\u015f kentin sorunlar\u0131na \u00e7\u00f6z\u00fcm bulma, gelece\u011fine y\u00f6n verme gibi konular tart\u0131\u015f\u0131laca\u011f\u0131 zaman bu geni\u015f halk katmanlar\u0131n\u0131 yok say\u0131yor. Dikkate alm\u0131yor. Bu toplumsal katmanlar da g\u00fcn\u00fc geldi\u011finde kendilerini yok sayanlar\u0131 gereken yan\u0131t\u0131 elbette verecektir.\r<br>\u015eimdi baz\u0131 \u00e7evreler bana, &#8221;Bir sosyal s\u0131n\u0131f\u0131n di\u011fer sosyal s\u0131n\u0131flar \u00fczerinde tahakk\u00fcm\u00fcn\u00fc tesis etmek&#8221; gibi bir su\u00e7lama getirebilir.\r<br>Hani bir zamanlar T\u00fcrk Ceza Kanunu&#8217;nun kom\u00fcnizmi men eden me\u015fhur 141-142. maddeleri vard\u0131 ya&#8230; \u015eimdi o maddeler olmasa da \u00fclkemizde bu kez ba\u015fka bir sosyal s\u0131n\u0131f\u0131n tahakk\u00fcm\u00fc s\u00fcr\u00fcyor. AKP&#8217;lilerin d\u00fczenledi\u011fi son toplant\u0131 da bunun somut bir \u00f6rne\u011fi de\u011fil mi?\r<br>\r<br><b>Beyda\u011f Baraj\u0131&#8217;na kim daha \u00e7ok \u00e7ivi \u00e7akt\u0131?<\/b>\r<br>\r<br>EGE&#8217;DE K\u00fc\u00e7\u00fck Menderes Havzas\u0131&#8217;na hayat verecek olan Beyda\u011f Baraj\u0131&#8217;nda 14 y\u0131l sonra kapaklar kapat\u0131ld\u0131 ve su tutmaya ba\u015flad\u0131.\r<br>Baraj\u0131 y\u00fczde 70&#8217;ler seviyesine kendilerinin getirdi\u011fini savunan AKP&#8217;li y\u00f6neticiler, sosyal demokratlar\u0131n baraj i\u00e7in tek bir \u00e7ivi dahi \u00e7akmad\u0131\u011f\u0131n\u0131 s\u00f6yl\u00fcyor.\r<br>Oysa&#8230;\r<br>Halen \u0130zmir&#8217;in Tire \u0130l\u00e7esi&#8217;nde eczac\u0131l\u0131k yapan eski Bay\u0131nd\u0131rl\u0131k ve \u0130skan Bakan\u0131 Halil \u00c7ulhao\u011flu, AKP&#8217;lilerin bu \u00f6v\u00fcnmesine kar\u015f\u0131 \u00e7\u0131k\u0131yor ve \u015f\u00f6yle diyor:\r<br>&#8221;1993 y\u0131l\u0131nda SHP \u0130zmir milletvekili olarak TBMM Plan B\u00fct\u00e7e Komisyonu \u00fcyesiydim.O zaman benim \u00f6nerim ile Beyda\u011f Baraj\u0131 yat\u0131r\u0131m program\u0131na al\u0131nd\u0131. Daha sonra bakanl\u0131\u011f\u0131m d\u00f6neminde ise giri\u015fimlerim sonucunda in\u015faat h\u0131zland\u0131r\u0131ld\u0131. Ama daha sonraki iktidarlar in\u015faat\u0131n tamamlanmas\u0131 i\u00e7in fazla \u00e7al\u0131\u015fmad\u0131.&#8221; &#8216;Beyda\u011f Baraj\u0131&#8217;nda sosyal demokratlar\u0131n tek bir \u00e7ivisi dahi yoktur&#8217; diyenlere &#8216;Allahtan korkun&#8217; demekten ba\u015fka bir s\u00f6z bulam\u0131yorum.&#8221;\r<br>\r<br><b>ANAVATAN Partisi zor durumda<\/b>\r<br>\r<br>22 Temmuz&#8217;da yap\u0131lan se\u00e7imlere girmeyen ANAVATAN Partisi zor g\u00fcnler ge\u00e7iriyor.\r<br>Parti \u015fu anda maddi ve manevi olarak b\u00fcy\u00fck bir \u00e7\u00f6k\u00fcnt\u00fc i\u00e7inde&#8230;\r<br>Yurdun pek \u00e7ok il ve il\u00e7esinde parti \u00f6rg\u00fctleri ya kapanm\u0131\u015f ya da kapanmak \u00fczere&#8230;\r<br>\u00c7\u00fcnk\u00fc&#8230; \r<br>Pek \u00e7ok \u00f6rg\u00fct, do\u011fru d\u00fcr\u00fcst binalar\u0131n\u0131n kiras\u0131n\u0131 hatta telefon paras\u0131n\u0131 bile \u00f6deyemiyor.\r<br>Nitekim, \u0130zmir&#8217;de il binas\u0131n\u0131n birikmi\u015f kira ve telefon borcunu partinin MKYK \u00fcyesi Yunus Yunuso\u011flu \u00f6derken, personel ise \u00fc\u00e7 ayd\u0131r maa\u015f alam\u0131yor. \u0130l ba\u015fkan\u0131 Kas\u0131m G\u00fcnd\u00fcz&#8217;\u00fcn partiye hi\u00e7 u\u011framad\u0131\u011f\u0131 ve telefonla idare etti\u011fi belirtiliyor.\r<br>Bir d\u00f6nem bir eli ya\u011fda bir eli balda olan, paraya para demeyen iktidar partisi ANAVATAN bu g\u00fcnlerde adeta meteli\u011fe kur\u015fun at\u0131yor. Bu nedenle iktidarda olan, g\u00fcc\u00fc elinde tutanlar i\u00e7in s\u00f6ylenmi\u015f bir s\u00f6z ile bu yaz\u0131y\u0131 noktalamak istiyorum:\r<br>&#8221;Ne oldum de\u011fil, ne olaca\u011f\u0131m diyeceksin.&#8221;\r<br>\r<br><b>15 \u00fcyelik i\u00e7in 150 ba\u015fvuru<\/b>\r<br>\r<br>CHP \u0130zmir&#8217;in eskiden kalma il y\u00f6neticileri, yeni il ba\u015fkan\u0131 Kemal Karata\u015f&#8217;\u0131 genel merkeze \u015fikayet etseler de g\u00f6revden al\u0131nmaktan kurtulamad\u0131lar. \u015eimdi, \u0130zmir&#8217;i kucaklayacak yeni bir y\u00f6netim olu\u015fturulacak. \u0130l Ba\u015fkan\u0131 Karata\u015f, partiyi yerel se\u00e7imlere g\u00f6t\u00fcrecek, \u00e7al\u0131\u015fkan, \u00fcretken, ortak akla \u00f6nem veren bir y\u00f6netim kurulu olu\u015fturmak istiyor. Yeni y\u00f6netimi &#8221;Ben de \u00e7al\u0131\u015fmak istiyorum&#8221; diyen yakla\u015f\u0131k 150 ki\u015fi aras\u0131ndan se\u00e7ecek.\r<br>Ancak&#8230; 20 ki\u015filik y\u00f6netime girmesi kesinle\u015fen \u015fu anda sadece be\u015f isim var.\r<br>Bunlar mali m\u00fc\u015favir Nuri Meng\u00fcarslan, sendikac\u0131 Nuri Koblay, ev han\u0131m\u0131 N\u00fckhet Aky\u0131ld\u0131z, doktor Melih \u015ean ve eczac\u0131 Muhsin Kara.\r<br>Di\u011fer 15 isim ise 150 ki\u015fi aras\u0131ndan se\u00e7ilecek. G\u00f6r\u00fcnen o ki; Karata\u015f&#8217;\u0131n ve yeni y\u00f6netimin i\u015fi \u00e7ok zor. \u00c7\u00fcnk\u00fc&#8230; Eski y\u00f6netimin b\u0131rakt\u0131\u011f\u0131 milyarlarca lira borcu, enkaz\u0131 temizlemek hi\u00e7 de kolay de\u011fil. Bakal\u0131m yeni y\u00f6netim bu zoru ba\u015farabilecek mi?\r<br>Hep birlikte g\u00f6rece\u011fiz.<h3>Related Images:<\/h3>","protected":false},"excerpt":{"rendered":"<div class=\"mh-excerpt\"><p>M\u0130LL\u0130 Savunma Bakanl\u0131\u011f\u0131 koltu\u011funda oturan Vecdi G\u00f6n\u00fcl, ge\u00e7en hafta Bornova&#8217;da bir f\u0131r\u0131n\u0131n a\u00e7\u0131l\u0131\u015f\u0131n\u0131 yapt\u0131. Bu a\u00e7\u0131l\u0131\u015fa AKP&#8217;li iki milletvekilinin yan\u0131 s\u0131ra devletin valisi ile emniyet <a class=\"mh-excerpt-more\" href=\"https:\/\/kentyasam.com.tr\/wp\/2007\/09\/17\/bu-kafayla-adalet-ve-kalkinma-saglanir-mi\/\" title=\"Bu kafayla adalet ve kalk\u0131nma sa\u011flan\u0131r m\u0131?\">[&#8230;]<\/a><\/p>\n<\/div>","protected":false},"author":1,"featured_media":0,"comment_status":"open","ping_status":"open","sticky":false,"template":"","format":"standard","meta":{"ngg_post_thumbnail":0,"footnotes":""},"categories":[70],"tags":[],"_links":{"self":[{"href":"https:\/\/kentyasam.com.tr\/wp\/wp-json\/wp\/v2\/posts\/62488"}],"collection":[{"href":"https:\/\/kentyasam.com.tr\/wp\/wp-json\/wp\/v2\/posts"}],"about":[{"href":"https:\/\/kentyasam.com.tr\/wp\/wp-json\/wp\/v2\/types\/post"}],"author":[{"embeddable":true,"href":"https:\/\/kentyasam.com.tr\/wp\/wp-json\/wp\/v2\/users\/1"}],"replies":[{"embeddable":true,"href":"https:\/\/kentyasam.com.tr\/wp\/wp-json\/wp\/v2\/comments?post=62488"}],"version-history":[{"count":0,"href":"https:\/\/kentyasam.com.tr\/wp\/wp-json\/wp\/v2\/posts\/62488\/revisions"}],"wp:attachment":[{"href":"https:\/\/kentyasam.com.tr\/wp\/wp-json\/wp\/v2\/media?parent=62488"}],"wp:term":[{"taxonomy":"category","embeddable":true,"href":"https:\/\/kentyasam.com.tr\/wp\/wp-json\/wp\/v2\/categories?post=62488"},{"taxonomy":"post_tag","embeddable":true,"href":"https:\/\/kentyasam.com.tr\/wp\/wp-json\/wp\/v2\/tags?post=62488"}],"curies":[{"name":"wp","href":"https:\/\/api.w.org\/{rel}","templated":true}]}}