{"id":62479,"date":"2007-09-10T00:00:00","date_gmt":"2007-09-10T00:00:00","guid":{"rendered":"http:\/\/kentyasam.com.tr\/wp\/?p=62479"},"modified":"2007-09-10T00:00:00","modified_gmt":"2007-09-10T00:00:00","slug":"sorumsuzlar-tarih-onunde-yargilanacak","status":"publish","type":"post","link":"https:\/\/kentyasam.com.tr\/wp\/2007\/09\/10\/sorumsuzlar-tarih-onunde-yargilanacak\/","title":{"rendered":"Sorumsuzlar, tarih \u00f6n\u00fcnde yarg\u0131lanacak"},"content":{"rendered":"DSP \u0130zmir \u0130l Ba\u015fkan\u0131 \u00d6zdemir S\u00f6kmen, y\u00f6netim kurulu \u00fcyeleriyle birlikte ge\u00e7en hafta CHP \u0130zmir \u0130l Ba\u015fkan\u0131 Kemal Karata\u015f\u0092\u0131 ziyaret etti, yeni g\u00f6revi nedeniyle kutlad\u0131.\r<br>Ziyarette Karata\u015f, iki partinin se\u00e7imde i\u015fbirli\u011fi yapmas\u0131na ra\u011fmen, DSP\u0092nin cumhurba\u015fkanl\u0131\u011f\u0131 se\u00e7imi i\u00e7in Meclis\u0092e girmesine tepki g\u00f6sterdi ve \u015f\u00f6yle dedi:\r<br>&#8221;Se\u00e7imde \u00f6nce CHP ile ortak s\u00f6ylem i\u00e7inde olan DSP, ne yaz\u0131k ki se\u00e7imden sonra ilk i\u015f olarak cumhurba\u015fkanl\u0131\u011f\u0131 oylamalar\u0131na kat\u0131ld\u0131 ve AKP\u0092li Abdullah G\u00fcl\u0092\u00fcn cumhurba\u015fkan\u0131 se\u00e7ilmesini sa\u011flad\u0131. CHP listelerinden 13 milletvekili ile aday g\u00f6sterip Meclis\u0092e giren DSP\u0092nin yapt\u0131\u011f\u0131 bu davran\u0131\u015f tiyatrodan farks\u0131zd\u0131r, tam bir komedidir. Tarih sorumlular\u0131 yarg\u0131layacak.&#8221;\r<br>DSP\u0092li S\u00f6kmen ise MHP\u0092nin oylamaya kat\u0131laca\u011f\u0131n\u0131 a\u00e7\u0131klad\u0131\u011f\u0131 i\u00e7in kendilerinin genel kurulda bulunmas\u0131n\u0131n sonucu etkilemeyece\u011fini s\u00f6yledi.\r<br>S\u00f6kmen, MHP ile ilgili s\u00f6zlerinde hakl\u0131 olabilir.\r<br>Ancak, MHP\u0092nin genel kurula girmesi, DSP\u0092nin kat\u0131lmas\u0131n\u0131 hakl\u0131 k\u0131lmaz.\r<br>Madem o g\u00fcn genel kurula kat\u0131ld\u0131n\u0131z, o zaman Cumhurba\u015fkan\u0131 G\u00fcl\u0092\u00fcn verdi\u011fi b\u00fct\u00fcn resepsiyonlara da kat\u0131lman\u0131z gerekir.\r<br>Cumhurba\u015fkanl\u0131\u011f\u0131 konusunda CHP\u0092nin, ba\u015f\u0131ndan beri kendi siyasal \u00e7izgisi i\u00e7inde tutarl\u0131 davrand\u0131\u011f\u0131n\u0131 s\u00f6yleyebiliriz.\r<br>22 Temmuz se\u00e7imleri \u00f6ncesinde CHP-MHP aras\u0131ndaki yak\u0131nla\u015fma, s\u0131cak temas, hatta koalisyon yapma fikri, se\u00e7im sonras\u0131nda iki partinin asl\u0131nda birbirlerinden ne kadar ayr\u0131 ve z\u0131t olduklar\u0131n\u0131 bir kez daha ortaya \u00e7\u0131kard\u0131.\r<br>Ve Abdullah G\u00fcl\u0092\u00fc \u00c7ankaya\u0092ya AKP de\u011fil, MHP \u00e7\u0131karm\u0131\u015ft\u0131r.\r<br>\u00c7\u00fcnk\u00fc, daha \u00f6nce uzla\u015fmadan yana olan Ba\u015fbakan R. Tayyip Erdo\u011fan, MHP Genel Ba\u015fkan\u0131 Devlet Bah\u00e7eli\u0092nin, &#8221;Biz genel kurula kat\u0131laca\u011f\u0131z&#8221; \u015feklindeki a\u00e7\u0131klamas\u0131ndan sonra G\u00fcl\u0092\u00fcn \u00c7ankaya\u0092ya \u00e7\u0131kmas\u0131 gerekti\u011fini dayatt\u0131 ve dedi\u011fini yapt\u0131.\r<br>\u015eimdi bundan sonra ne olur, ya\u015fay\u0131p g\u00f6rece\u011fiz.\r<br>Ama&#8230; Bana g\u00f6re; yak\u0131n gelecekte \u00fclkede ya\u015fanacaklardan AKP kadar, MHP de sorumlu olacakt\u0131r. CHP \u0130l Ba\u015fkan\u0131 Karata\u015f\u0092\u0131n DSP \u0130l Ba\u015fkan\u0131 S\u00f6kmen\u0092e dedi\u011fi gibi tarih &#8221;sorumsuz&#8221; sorumlular\u0131 er ge\u00e7 yarg\u0131layacakt\u0131r.\r<br>Bu b\u00f6yle biline&#8230;\r<br>\r<br><b>\u0091\u0130zmir\u0092de CHP\u0092nin oyu artt\u0131, AKP geriledi\u0092<\/b>\r<br>\r<br>CHP\u0092nin eski \u0130zmir \u0130l Genel Meclis Grup Ba\u015fkanvekili \u0130. Y\u00fccel \u00d6zen, ge\u00e7en hafta bu s\u00fctunlarda yer alan &#8221;CHP\u0092de \u0091\u00d6zen\u0092siz ve gereksiz bir tart\u0131\u015fma&#8221; ba\u015fl\u0131kl\u0131 yaz\u0131ya yan\u0131t g\u00f6nderdi.\r<br>\u0130.Y\u00fccel \u00d6zen\u0092in g\u00f6nderdi\u011fi a\u00e7\u0131klama \u015f\u00f6yle:\r<br>&#8221;Say\u0131n Karata\u015f\u0092\u0131n ve sizin bilmek istemedi\u011finiz gibi 2004 yerel se\u00e7imlerine g\u00f6re CHP oyu y\u00fczde 2.5 artm\u0131\u015ft\u0131r. AKP oyu y\u00fczde 2 gerilemi\u015ftir. Yani, Anadolu\u0092da AKP y\u00fckselirken \u0130zmir\u0092de gerilemi\u015ftir. \r<br>\u0130l y\u00f6netimimiz, il\u00e7e \u00f6rg\u00fctlerimiz, belediye ba\u015fkanlar\u0131m\u0131z ve \u0130l Genel Meclisi \u00fcyelerimiz ba\u015far\u0131l\u0131d\u0131r. \u0130\u015fe \u00f6nce te\u015fekk\u00fcrle ba\u015flamal\u0131d\u0131r diye belirtmi\u015ftim.\r<br>2004 yerel se\u00e7imlerine g\u00f6re her k\u0131rsal il\u00e7eyi alt alta yaz\u0131p toplarsan\u0131z (can\u0131n\u0131n \u00e7ekti\u011fi il\u00e7eyi de\u011fil) ger\u00e7ekten hesap bilmez oldu\u011funuzu g\u00f6receksiniz. \r<br>\u0130ktisat\u00e7\u0131 olmam nedeniyle sadece y\u00fczde 10 ortak oldu\u011fum, daha 03.07.2007 tarihinde kurulmaya ba\u015flan\u0131lan i\u015fletmeyi, \u0091Devletten kredi alarak kurulmu\u015f\u0092 bir \u015firket olarak tan\u0131mlaman\u0131z\u0131 bu nedenle siyaseten iktidarla iyi ge\u00e7inme iddian\u0131z\u0131 yazman\u0131z\u0131 esefle kar\u015f\u0131lad\u0131\u011f\u0131m\u0131 belirtmek istiyorum.\r<br>3 Temmuz tarihinde kurulmaya ba\u015flan\u0131lan bu \u015firketin ne devletle ne krediyle hele hele \u0130l Genel Meclisi\u0092ndeki CHP-AKP ortakl\u0131\u011f\u0131 ile ilgisi olabilir.&#8221;\r<br>* * * \r<br>Genel ba\u015fkanlar\u0131n\u0131n AKP\u0092li cumhurba\u015fkan\u0131n\u0131 boykot etti\u011fi bir d\u00f6nemde AKP-CHP koalisyonunu \u015fiddetle savunan hesap-kitap adam\u0131, iktisat\u00e7\u0131 \u0130.Y\u00fccel \u00d6zen\u0092in bu a\u00e7\u0131klamas\u0131ndan sonra ba\u015fka bir \u015fey s\u00f6ylemeye gerek duymuyor ve yorumu, okuyuculara b\u0131rak\u0131yorum.\r<br>\r<br><b>Yerel se\u00e7ime haz\u0131rl\u0131k ba\u015flad\u0131<\/b>\r<br>\r<br>YEREL se\u00e7imlerin bir y\u0131l \u00f6ne al\u0131nabilece\u011fi kulislerde konu\u015fulmaya ba\u015flay\u0131nca, ba\u015fkanl\u0131\u011fa soyunanlar yava\u015f yava\u015f ortaya \u00e7\u0131k\u0131yor.\r<br>Ama&#8230; TBMM tatilde oldu\u011fu i\u00e7in se\u00e7imlerin erkene al\u0131nmas\u0131 konusu 1 Ekim\u0092den sonra netlik kazanacak gibi g\u00f6r\u00fcn\u00fcyor.\r<br>Y\u00fczde 47 oy oran\u0131 ile 341 milletvekili \u00e7\u0131karan ve &#8221;karde\u015fini&#8221; cumhurba\u015fkan\u0131 yapan Ba\u015fbakan R. Tayyip Erdo\u011fan, ge\u00e7en hafta Ankara\u0092da il ba\u015fkanlar\u0131n\u0131 toplad\u0131 ve &#8221;yerel se\u00e7imlere haz\u0131r olun&#8221; talimat\u0131 verdi.\r<br>Erdo\u011fan\u0092\u0131n \u00f6zellikle ba\u015fta \u0130zmir olmak \u00fczere, \u00c7ankaya, Diyarbak\u0131r ve Tunceli gibi simge kentlerde belediye ba\u015fkanl\u0131klar\u0131n\u0131 almay\u0131 kafas\u0131na koydu\u011funu herkes biliyor.\r<br>Bu nedenle \u00f6n\u00fcm\u00fczdeki g\u00fcnlerde \u0130zmir\u0092de \u00f6zellikle yerel y\u00f6netimlere y\u00f6nelik bir dizi operasyon olursa hi\u00e7 kimse \u015fa\u015f\u0131rmas\u0131n.\r<br>Nitekim, \u015fimdiden \u0130zmir\u0092deki baz\u0131 il\u00e7e belediyelerinde geni\u015f \u00e7apl\u0131 inceleme ba\u015flad\u0131 bile&#8230; Ge\u00e7en 3.5 y\u0131ll\u0131k \u00e7al\u0131\u015fmalar\u0131 didik didik eden m\u00fcfetti\u015fler, CHP\u0092li belediye ba\u015fkanlar\u0131n a\u00e7\u0131klar\u0131n\u0131 ar\u0131yor.\r<br>\r<br><b>Yaraya ne\u015fter vurulmal\u0131<\/b>\r<br>\r<br>CHP \u0130zmir\u0092e &#8221;\u00e7eki-d\u00fczen&#8221; vermek, disipline etmek i\u00e7in il ba\u015fkanl\u0131\u011f\u0131na atanan Kemal Karata\u015f, y\u00f6netim kurulu \u00fcyelerine kendi ekibiyle \u00e7al\u0131\u015fmak istedi\u011fini a\u00e7\u0131k\u00e7a hissettirdi.\r<br>Bunun \u00fczerine il y\u00f6netiminden sadece N\u00fckhet Aky\u0131ld\u0131z, Nuri Meng\u00fcarslan ve Nuri Koblay istifa etti.\r<br>Gerisi gelmedi.\r<br>Di\u011fer \u00fcyeler, istenmediklerini bildikleri halde adeta koltuklar\u0131na yap\u0131\u015fm\u0131\u015f durumda. Se\u00e7imlerden \u00f6nce ya\u015fananlara seyirci kalan genel merkez y\u00f6netimi, en k\u0131sa zamanda gere\u011fini yapmal\u0131 ve partiyi yerel se\u00e7imlere ta\u015f\u0131yacak il y\u00f6netiminin yenilenmesi i\u00e7in ne\u015fteri vurmal\u0131.\r<br>Aksi takdirde, kangrenle\u015fen yara, v\u00fccudu sarar ve CHP\u0092yi \u0130zmir\u0092de zor g\u00fcnler bekler.<h3>Related Images:<\/h3>","protected":false},"excerpt":{"rendered":"<div class=\"mh-excerpt\"><p>DSP \u0130zmir \u0130l Ba\u015fkan\u0131 \u00d6zdemir S\u00f6kmen, y\u00f6netim kurulu \u00fcyeleriyle birlikte ge\u00e7en hafta CHP \u0130zmir \u0130l Ba\u015fkan\u0131 Kemal Karata\u015f\u0092\u0131 ziyaret etti, yeni g\u00f6revi nedeniyle kutlad\u0131. Ziyarette <a class=\"mh-excerpt-more\" href=\"https:\/\/kentyasam.com.tr\/wp\/2007\/09\/10\/sorumsuzlar-tarih-onunde-yargilanacak\/\" title=\"Sorumsuzlar, tarih \u00f6n\u00fcnde yarg\u0131lanacak\">[&#8230;]<\/a><\/p>\n<\/div>","protected":false},"author":1,"featured_media":0,"comment_status":"open","ping_status":"open","sticky":false,"template":"","format":"standard","meta":{"ngg_post_thumbnail":0,"footnotes":""},"categories":[70],"tags":[],"_links":{"self":[{"href":"https:\/\/kentyasam.com.tr\/wp\/wp-json\/wp\/v2\/posts\/62479"}],"collection":[{"href":"https:\/\/kentyasam.com.tr\/wp\/wp-json\/wp\/v2\/posts"}],"about":[{"href":"https:\/\/kentyasam.com.tr\/wp\/wp-json\/wp\/v2\/types\/post"}],"author":[{"embeddable":true,"href":"https:\/\/kentyasam.com.tr\/wp\/wp-json\/wp\/v2\/users\/1"}],"replies":[{"embeddable":true,"href":"https:\/\/kentyasam.com.tr\/wp\/wp-json\/wp\/v2\/comments?post=62479"}],"version-history":[{"count":0,"href":"https:\/\/kentyasam.com.tr\/wp\/wp-json\/wp\/v2\/posts\/62479\/revisions"}],"wp:attachment":[{"href":"https:\/\/kentyasam.com.tr\/wp\/wp-json\/wp\/v2\/media?parent=62479"}],"wp:term":[{"taxonomy":"category","embeddable":true,"href":"https:\/\/kentyasam.com.tr\/wp\/wp-json\/wp\/v2\/categories?post=62479"},{"taxonomy":"post_tag","embeddable":true,"href":"https:\/\/kentyasam.com.tr\/wp\/wp-json\/wp\/v2\/tags?post=62479"}],"curies":[{"name":"wp","href":"https:\/\/api.w.org\/{rel}","templated":true}]}}