{"id":62382,"date":"2007-06-28T00:00:00","date_gmt":"2007-06-28T00:00:00","guid":{"rendered":"http:\/\/kentyasam.com.tr\/wp\/?p=62382"},"modified":"2007-06-28T00:00:00","modified_gmt":"2007-06-28T00:00:00","slug":"deneyim-ve-turkler","status":"publish","type":"post","link":"https:\/\/kentyasam.com.tr\/wp\/2007\/06\/28\/deneyim-ve-turkler\/","title":{"rendered":"Deneyim ve T\u00fcrkler"},"content":{"rendered":"\u0130nsanlar gibi toplumlar\u0131 ve uluslar\u0131 nitelemek i\u00e7in de kullan\u0131lan \u0093deneyimlilik\u0094 d\u00fcnyadaki y\u00fczlerce ulusun ortak \u00f6zelli\u011fi de\u011fildir. Bir ulusun \u0093deneyimli\u0094 olarak nitelenmesi i\u00e7in uzun bir tarihsel ge\u00e7mi\u015fi olmas\u0131 kadar o ge\u00e7mi\u015fte ya\u015fad\u0131klar\u0131, yapt\u0131klar\u0131 ya da yapmad\u0131klar\u0131 \u00f6nemlidir. Ancak bir ulusun deneyimlili\u011finden s\u00f6z etmek i\u00e7in bu da yetmez. As\u0131l, tarihsel ge\u00e7mi\u015f i\u00e7inde ya\u015fananlardan ne \u00f6l\u00e7\u00fcde dersler \u00e7\u0131kar\u0131ld\u0131\u011f\u0131na; \u00e7\u0131kar\u0131lan o derslerin bug\u00fcne nas\u0131l y\u00f6n verdi\u011fine bak\u0131lmas\u0131 gerekir. \u00c7\u00fcnk\u00fc deneyim, \u0093ya\u015fam i\u00e7inde edinilen bilgilerin t\u00fcm\u00fc\u0094 olarak tan\u0131mlan\u0131r ve tarihsel ge\u00e7mi\u015finde ya\u015fananlardan ders \u00e7\u0131karmayanlar, do\u011fal olarak bilgi edinmi\u015f olmad\u0131klar\u0131 i\u00e7in, onlara \u0093deneyimli\u0094 s\u0131fat\u0131 \u00e7ok fazla yak\u0131\u015ft\u0131r\u0131lmaz.\r<br>\r<br>Ge\u00e7mi\u015fimizle \u00f6v\u00fcnmeye pek merakl\u0131 olanlar T\u00fcrklerin tarihte 16 devlet kurdu\u011fundan s\u00f6z ederler. Cumhurba\u015fkanl\u0131\u011f\u0131 forsunu s\u00fcsleyen y\u0131ld\u0131zlarla simgelenen o devletler T\u00fcrk tarihinin k\u00f6\u015fe ta\u015flar\u0131d\u0131r. Yery\u00fcz\u00fcnde devlet kurma gelene\u011fi \u00e7ok uzak ge\u00e7mi\u015fe dayanan birka\u00e7 ulustan birisi olan T\u00fcrklerin bu \u00f6zelli\u011fi ku\u015fkusuz \u00f6nemlidir ama ondan da \u00f6nemlisi ya\u015fam\u0131n\u0131 s\u00fcrd\u00fcremeyen 15 devletin tarihe g\u00f6m\u00fclm\u00fc\u015f olmas\u0131d\u0131r. T\u00fcrklerin tarihleri boyunca 16 devlet kurmu\u015f olmas\u0131yla \u00f6v\u00fcnenler, nedense bu konuya de\u011finmekten hi\u00e7 ho\u015flanmazlar. \r<br>\r<br>Tarihi ge\u00e7mi\u015fi hayli eskilere dayanan \u00f6teki uluslarla kar\u015f\u0131la\u015ft\u0131r\u0131ld\u0131\u011f\u0131nda, T\u00fcrklerin devlet kurma konusunda deneyimli uluslardan biri oldu\u011fu ama kurulan devleti ayakta tutma y\u00f6n\u00fcnden ayn\u0131 \u015feyin s\u00f6ylenemeyece\u011fi g\u00f6r\u00fclmektedir. D\u00fcnyada T\u00fcrklerden ba\u015fka 16 devlet kuran ve bunlar\u0131n 15\u0092ini bat\u0131ran ba\u015fka bir ulus yoktur. \u0130\u015fin daha ilgin\u00e7 yan\u0131 o 15 devletin neredeyse t\u00fcm\u00fc ayn\u0131 nedenlerle ve benzer s\u00fcre\u00e7lerden ge\u00e7erek yok olmu\u015flard\u0131r. Demek ki, T\u00fcrklerin ulusal haf\u0131zalar\u0131nda bir sorun vard\u0131r. Bir kez \u00f6\u011frendikleri devlet kurma bilgisini asla unutmam\u0131\u015flar ama kurulan devletin nas\u0131l y\u0131k\u0131lmayaca\u011f\u0131n\u0131 bir t\u00fcrl\u00fc \u00f6\u011frenememi\u015flerdir.\r<br>\r<br>Yak\u0131n tarihimize bak\u0131nca da T\u00fcrklerin ulusal haf\u0131zas\u0131n\u0131n ger\u00e7ekten sorunlu oldu\u011fu anla\u015f\u0131lmaktad\u0131r. Yery\u00fcz\u00fcnde, tarihinin son 150 y\u0131l\u0131 i\u00e7inde defalarca h\u00fck\u00fcmet darbesi ya\u015fayan ve bu darbelerden ders \u00e7\u0131karmad\u0131\u011f\u0131 i\u00e7in s\u00fcrekli yeni darbelerle y\u00fcz y\u00fcze kalan ba\u015fka bir modern ulus bulamazs\u0131n\u0131z. 1876 y\u0131l\u0131nda 1.Me\u015frutiyet\u0092in ilan\u0131 ile ba\u015flayan darbeler s\u00fcreci Osmanl\u0131 Devleti\u0092nin y\u0131k\u0131lmas\u0131 ve T\u00fcrkiye Cumhuriyeti Devleti\u0092nin kurulmas\u0131yla da bitmemi\u015ftir. Anla\u015f\u0131l\u0131yor ki, T\u00fcrkler kurduklar\u0131 devleti sonsuza de\u011fin ya\u015fatamad\u0131klar\u0131 gibi kendilerini h\u00fck\u00fcmet darbesiyle kar\u015f\u0131 kar\u015f\u0131ya b\u0131rakan ko\u015fullar\u0131n nas\u0131l ortaya \u00e7\u0131kt\u0131\u011f\u0131n\u0131 ve bu ko\u015fullar\u0131n nas\u0131l \u00f6nlenece\u011fini de \u00f6\u011frenememi\u015flerdir.\r<br>\r<br>Tarihi bilgilerden \u00e7\u0131kan bu iki saptama asl\u0131nda T\u00fcrklerin ulus olarak, y\u00f6neticilerini belirlerken tarih boyunca genellikle \u00f6zensiz davrand\u0131klar\u0131n\u0131 ve iyi y\u00f6netilmediklerini g\u00f6stermektedir. 22 Temmuzda yap\u0131lmas\u0131na karar verilen bir se\u00e7im s\u00fcrecinde bulundu\u011fumuz \u015fu g\u00fcnlerde ya\u015fananlara bak\u0131nca ayn\u0131 \u00f6zensizli\u011fin g\u00fcn\u00fcm\u00fczde de s\u00fcrd\u00fc\u011f\u00fcn\u00fc g\u00f6r\u00fcyoruz. Bizden, aday olarak belirlenmelerinde asla katk\u0131m\u0131z olmayan insanlar\u0131 gelecek be\u015f y\u0131l i\u00e7inde bizi y\u00f6netmek \u00fczere se\u00e7im g\u00fcn\u00fc onaylamam\u0131z bekleniyor ve biz de ulus olarak buna kar\u015f\u0131 hi\u00e7bir tepki vermiyoruz. \u015eimdi s\u00f6yler misiniz; b\u00f6yle bir ulusa deneyimli s\u0131fat\u0131 yak\u0131\u015ft\u0131r\u0131labilir mi?<h3>Related Images:<\/h3>","protected":false},"excerpt":{"rendered":"<div class=\"mh-excerpt\"><p>\u0130nsanlar gibi toplumlar\u0131 ve uluslar\u0131 nitelemek i\u00e7in de kullan\u0131lan \u0093deneyimlilik\u0094 d\u00fcnyadaki y\u00fczlerce ulusun ortak \u00f6zelli\u011fi de\u011fildir. Bir ulusun \u0093deneyimli\u0094 olarak nitelenmesi i\u00e7in uzun bir tarihsel <a class=\"mh-excerpt-more\" href=\"https:\/\/kentyasam.com.tr\/wp\/2007\/06\/28\/deneyim-ve-turkler\/\" title=\"Deneyim ve T\u00fcrkler\">[&#8230;]<\/a><\/p>\n<\/div>","protected":false},"author":1,"featured_media":0,"comment_status":"open","ping_status":"open","sticky":false,"template":"","format":"standard","meta":{"ngg_post_thumbnail":0,"footnotes":""},"categories":[79],"tags":[],"_links":{"self":[{"href":"https:\/\/kentyasam.com.tr\/wp\/wp-json\/wp\/v2\/posts\/62382"}],"collection":[{"href":"https:\/\/kentyasam.com.tr\/wp\/wp-json\/wp\/v2\/posts"}],"about":[{"href":"https:\/\/kentyasam.com.tr\/wp\/wp-json\/wp\/v2\/types\/post"}],"author":[{"embeddable":true,"href":"https:\/\/kentyasam.com.tr\/wp\/wp-json\/wp\/v2\/users\/1"}],"replies":[{"embeddable":true,"href":"https:\/\/kentyasam.com.tr\/wp\/wp-json\/wp\/v2\/comments?post=62382"}],"version-history":[{"count":0,"href":"https:\/\/kentyasam.com.tr\/wp\/wp-json\/wp\/v2\/posts\/62382\/revisions"}],"wp:attachment":[{"href":"https:\/\/kentyasam.com.tr\/wp\/wp-json\/wp\/v2\/media?parent=62382"}],"wp:term":[{"taxonomy":"category","embeddable":true,"href":"https:\/\/kentyasam.com.tr\/wp\/wp-json\/wp\/v2\/categories?post=62382"},{"taxonomy":"post_tag","embeddable":true,"href":"https:\/\/kentyasam.com.tr\/wp\/wp-json\/wp\/v2\/tags?post=62382"}],"curies":[{"name":"wp","href":"https:\/\/api.w.org\/{rel}","templated":true}]}}