{"id":62244,"date":"2007-03-12T00:00:00","date_gmt":"2007-03-12T00:00:00","guid":{"rendered":"http:\/\/kentyasam.com.tr\/wp\/?p=62244"},"modified":"2007-03-12T00:00:00","modified_gmt":"2007-03-12T00:00:00","slug":"nur-icinde-yat-umran-kardes","status":"publish","type":"post","link":"https:\/\/kentyasam.com.tr\/wp\/2007\/03\/12\/nur-icinde-yat-umran-kardes\/","title":{"rendered":"Nur i\u00e7inde yat \u00dcmran karde\u015f&#8230;"},"content":{"rendered":"Televizyon haberlerinde g\u00f6rd\u00fc\u011f\u00fcmde isimlere dikkat etmedim ama o y\u00fcz hemen tan\u0131\u015f geldi. \u0130\u00e7im \u00fcrperdi. Ama aradan o kadar \u00e7ok y\u0131l ge\u00e7mi\u015fti ki? \r<br>1993 ya da 1994&#8217;t\u00fc onu tan\u0131d\u0131\u011f\u0131mda. \u0130zmir&#8217;in bir daha belki sahip olamayaca\u011f\u0131, en \u00f6zg\u00fcr en do\u011fru en tutarl\u0131 ve en etkili Televizyonu Kanal 1&#8217;de tan\u0131\u015fm\u0131\u015ft\u0131k. Kanal 1&#8217;in karde\u015fi FM \u0130zmir 101&#8217;in program m\u00fcd\u00fcr\u00fcyd\u00fc \u00dcmran! \r<br>Patronumuz, gelmi\u015f ge\u00e7mi\u015f en muhte\u015fem medya patronu Numan \u00d6zdil! \r<br>Fahri Beyli, Se\u00e7kin \u00d6ner&#8217;li, Fato\u015f Tan\u0131k&#8217;l\u0131, Cengiz Duyar&#8217;l\u0131, Cihat Taysi&#8217;li kadro. \r<br>Yeni As\u0131r \u0130\u015fhan\u0131 son kat! \r<br>Hele Fedai Amcam\u0131z da unutulur mu hi\u00e7?\r<br>Ama \u00dcmran&#8230; \r<br>O ba\u015fkayd\u0131 be millet. Neden tertemiz y\u00fcrekli, yard\u0131msever, payla\u015fmac\u0131 insanlar &#8220;erkenden&#8221; gider ki? Hat\u0131rl\u0131yorum da, Star&#8217;dan Se\u00e7kin&#8217;in \u00f6nerisiyle ayr\u0131l\u0131p Kanal 1&#8217;e &#8220;program m\u00fcd\u00fcr\u00fc&#8221; oldu\u011fumda da ben b\u00f6yleydim. Yani ba\u011f\u0131ran, \u00e7a\u011f\u0131ran, k\u0131zan biriydim. TV i\u00e7inde de zor zapt edilirdim bazen. O y\u0131llarda \u00dcmran&#8217;\u0131n g\u00fcler y\u00fcz\u00fc, her sorunu tatl\u0131 dille bitirme yetene\u011fi \u00e7\u0131kard\u0131 \u00f6n\u00fcme. \u00dcmran&#8217;\u0131 hi\u00e7 k\u0131rabilir miydik biz? Hi\u00e7 \u00dcmran&#8217;\u0131 \u00fczebilir miydik? Hele ben? Herkese &#8220;tantana&#8221; ederdim. Kokoca patron Numan Bey&#8217;e bile&#8230; Ama \u00dcmran&#8230; O temiz y\u00fczden hat\u0131rlad\u0131\u011f\u0131m sadece &#8220;temiz g\u00fcl\u00fcmseme&#8221; be millet.\r<br>\u0130lk kez Yeni As\u0131r&#8217;\u0131 sabah\u0131n k\u00f6r\u00fcnde okuyamad\u0131m. TV&#8217;de g\u00f6rd\u00fc\u011f\u00fcm &#8220;tan\u0131d\u0131k&#8221; y\u00fcz\u00fcn \u00dcmran oldu\u011funu da \u00e7ok sonra anlayabildim. Herkes gitmi\u015f cenazesine. Kimse de haber vermeyince, gidemedim, kahroldum. Lakin &#8220;fatiham\u0131z&#8221; ula\u015fm\u0131\u015ft\u0131r mutlak!\r<br>Nur i\u00e7inde yats\u0131n karde\u015fim&#8230; Mek\u00e2n\u0131 cennet olsun. Ailesine metanet dilerim Yaradan&#8217;dan! \r<br>D\u00fcnyan\u0131n &#8220;g\u00fczellikleri&#8221; bir bir &#8220;gidiyor&#8221; millet. Bilmem dikkatinizi \u00e7ekiyor mu?\r<br>\r<br><b>Ben &#8220;TSK yanl\u0131s\u0131y\u0131m&#8221;, ne olacak?<\/b>\r<br>\r<br>Al\u0131n size bir &#8220;tezg\u00e2h&#8221; daha. Bir dergide bir yaz\u0131 \u00e7\u0131km\u0131\u015f. Ard\u0131ndan gazeteler ve televizyonlar bu &#8220;b\u00fcy\u00fck&#8221; haberi kendilerine &#8220;haber&#8221; etmi\u015fler. Bas\u0131n meslek \u00f6rg\u00fctleri &#8220;aya\u011fa kalkm\u0131\u015f&#8221;. \r<br>&#8220;Olur muymu\u015f b\u00f6yle \u015fey?&#8221;\r<br>Yapma ya? Oktay Ek\u015fi de kar\u015f\u0131 \u00e7\u0131km\u0131\u015f buna!\r<br>Yapma be Oktay Usta. \r<br>H\u00fck\u00fcmet de yapm\u0131yor mu bunu? \u0130\u015f d\u00fcnyas\u0131 da yapm\u0131yor mu bunu? Onlar\u0131n ki &#8220;demokratl\u0131k da&#8221; TSK&#8217;n\u0131n yapt\u0131\u011f\u0131 iddia edilen faaliyeti ne den &#8220;antidemokratik&#8221; oluyor?\r<br>Al\u0131n i\u015fte ilan ediyorum. Cebimde &#8220;sar\u0131 bas\u0131n kart\u0131yla&#8221; ben bir &#8220;TSK yanl\u0131s\u0131 gazeteciyim&#8221; ne olacak? \r<br>\u0130\u015f d\u00fcnyas\u0131nda, siyasette &#8220;patronun i\u015flerini kovalamak&#8221; ay\u0131p de\u011fil de bu mu ay\u0131p? &#8220;T\u00fcccar gazetecilik&#8221; gazetecilik de, AB tezg\u00e2hlar\u0131na kar\u015f\u0131 TSK&#8217;y\u0131 savunmak neden &#8220;gazetecilik&#8221; de\u011filmi\u015f? Ba\u015fbakan hazretlerinin bas\u0131n ki\u015fisinin &#8220;ba\u015fbakan\u0131 ele\u015ftiren bas\u0131n mensuplar\u0131n\u0131 tehdit etmesine&#8221; kim nas\u0131l kar\u015f\u0131 \u00e7\u0131kt\u0131? Neredeymi\u015f anl\u0131 \u015fanl\u0131 ve de &#8220;duayen&#8221; nam\u0131yla maruf Bas\u0131n Konseyi mi ne, onun ba\u015fkan\u0131? \r<br>Ama TSK yanl\u0131\u015f yap\u0131yor, do\u011fru! TSK da san\u0131yor ki, o &#8220;b\u00fcy\u00fck bask\u0131 say\u0131s\u0131na&#8221; sahip gazeteler ve s\u00f6zde \u00e7ok izlenen &#8220;turuncu&#8221; televizyonlar var sadece ortalarda. TSK \u00e7ok merak ediyorsa anlatay\u0131m biraz \u0130zmir&#8217;i mesela! \r<br>Ah i\u015fte ah!\r<br>Bir noktaya gelip, susuyorum i\u015fte. Hi\u00e7 k\u0131zmay\u0131n. &#8220;Yutkundu\u011fum&#8221; bu an, &#8220;bilin ki&#8221; hayk\u0131r\u0131yorum. T\u00fcrkiye \u00f6yle bir noktaya gidiyor ki, korkuyorum, titriyorum. Zira ortal\u0131k hep &#8220;rol kesenlerle&#8221; dolu! \r<br>\r<br><b>Aziz Ba\u015fkan &#8220;direkten&#8221; d\u00f6nm\u00fc\u015f!<\/b>\r<br>\r<br>Ah be ba\u015fkan! &#8220;saf\u0131n\u0131&#8221; belirleyemedin, &#8220;sanal ve naylon&#8221; g\u00fc\u00e7lerin etkisine kap\u0131ld\u0131n. Zira &#8220;s\u00f6z&#8221; a\u011f\u0131zdan \u00e7\u0131kar ve bu sat\u0131rlar\u0131n yazar\u0131 da &#8220;art\u0131k&#8221; sessizce &#8220;s\u00f6z\u00fcn\u00fc&#8221; tutar. \r<br>Cumhuriyet Ege&#8217;de Serdar K\u0131z\u0131k imzal\u0131 bir yaz\u0131 vard\u0131 d\u00fcn. Okumayanlar, bulsun okusun. Zira \u0130zmir&#8217;de \u00f6yle bir &#8220;esrarengiz tuzak&#8221; var ki, az daha Aziz Kocao\u011flu bu &#8220;tuza\u011fa&#8221; d\u00fc\u015fecekti. Konuyu biliyordum, lakin Serdar K\u0131z\u0131k&#8217;\u0131n yazmas\u0131 \u00e7ok iyi oldu. Leon Contante ad\u0131l bir Frans\u0131z&#8217;\u0131n kitab\u0131n\u0131 &#8220;birileri&#8221; Belediye&#8217;ye tavsiye etmi\u015f. Kent Kitapl\u0131\u011f\u0131&#8217;nda yay\u0131nlans\u0131n diye. Kitab\u0131n i\u00e7inde, herkesin t\u00fcylerini diken diken eden iddialar\u0131n oldu\u011fu s\u00f6yleniyor. Hatta bu konuda Kent Ar\u015fivi&#8217;nin vatansever y\u00f6neticilerinin de etkisinin b\u00fcy\u00fck oldu\u011funu duymu\u015ftum. \u0130\u015fte Ba\u015fkan Kocao\u011flu, &#8220;son ad\u0131mda&#8221; bu rezil oyunu anlam\u0131\u015f ve Kent Ar\u015fivi &#8220;yay\u0131n kurulu da&#8221; hata yapmaktan vaz ge\u00e7mi\u015f. \r<br>Lakin bu Contante denen adam\u0131 \u0130zmir&#8217;e &#8220;z\u0131rt p\u0131rt&#8221; davet eden, dinleyen ve ciddiye al\u0131p ba\u015f\u0131m\u0131za bela edenlerin te\u015fhirini istiyorum. Bu rezalet, s\u0131radan bir kitab\u0131n yay\u0131nlan\u0131p yay\u0131nlanmamas\u0131 meselesi de\u011fil. \u0130zmir de son denemde baz\u0131 &#8220;sinerji&#8221; veya &#8220;d\u00fc\u015f\u00fcnce&#8221; olu\u015fumlar\u0131n\u0131n &#8220;esrarengizli\u011fi&#8221; ciddi olarak dikkatimi \u00e7ekiyor. Bu muhteremler \u0130zmir&#8217;i &#8220;sahipsiz&#8221; san\u0131yorlarsa \u015fimdiden &#8220;avu\u00e7lar\u0131na&#8221; bakmaya ba\u015flas\u0131nlar. Avu\u00e7lar\u0131n\u0131 ne yapacaklar\u0131n\u0131 da \u00e7ok iyi &#8220;bilirler&#8221;!\r<br>Serdar K\u0131z\u0131k&#8217;\u0131 ve her zaman &#8220;tehlikelere&#8221; kar\u015f\u0131 uyar\u0131c\u0131 olan Cumhuriyet&#8217;i yine kutluyorum. Okuru olmaktan da &#8220;onur&#8221; duyuyorum! Libo\u015flara, Levanten \u015fak\u015fak\u00e7\u0131lar\u0131na ve &#8220;efendi&#8221; \u00f6zlemcilerine de bir laf\u0131m var. <b><i>\u00c7atlasalar da patlasalar da \u0130zmir GAZ\u0130 PA\u015eA&#8217;NIN SEVG\u0130L\u0130 KENT\u0130, CUMHUR\u0130YET&#8217;\u0130N EN SADIK \u015eEHR\u0130D\u0130R VE \u00d6YLE KALACAKTIR! <\/b><\/i>\r<br>\r<br><b>Ne \u0130svi\u00e7reymi\u015f ama (!)<\/b>\r<br>\r<br>Do\u011fu Perin\u00e7ek&#8217;in \u0130svi\u00e7re&#8217;deki m\u00fccadelesini ne kadar ve nereden izleyebildiniz bilemiyorum. Hatta izleyip izlemedi\u011finizi de bilemiyorum. Ben geli\u015fmeleri HYPERLINK &#8220;http:\/\/www. ulusalkanal. com. tr&#8217;den&#8221; www. ulusalkanal. com. tr&#8217;den &#8220;g\u00fcvenerek&#8221; izledim. Ama galiba ilk kez bir siyasal lider, b\u00f6ylesine ulusal bir konuda, fiili olarak kendini ortaya att\u0131. Riski de vard\u0131 \u00fcstelik. 90 kilo belgeyle kalkt\u0131 gitti \u0130svi\u00e7re&#8217;ye ve T\u00fcrkiye&#8217;nin ulusal onurunu ilgilendiren bir konuda m\u00fccadelesini verdi. Ama sonuca \u00f6ylesine tak\u0131ld\u0131m ki, ne uykum kald\u0131 ne de keyfim. \r<br>T\u00dcS\u0130AD denen &#8220;sanal efendi toplulu\u011funun&#8221; han\u0131m ba\u015fkan\u0131 her \u015feyi tozpembe g\u00f6stermeye devam ededursun, memleket i\u015f d\u00fcnyas\u0131n\u0131n irili ufakl\u0131 kul\u00fcp benzeri dernekleri &#8220;ecnebi sermaye&#8221; \u00e7\u0131\u011fl\u0131klar\u0131 da ata dursun, h\u00fck\u00fcmet ve d\u0131\u015fi\u015fleri de &#8220;otura dursun&#8221;, d\u00fcnyaya iftira \u015fak\u015fak\u00e7\u0131lar\u0131n\u0131n &#8220;para kasas\u0131nda&#8221; \u00fcstelik belgelerle &#8220;Ermeni iddialar\u0131 iftirad\u0131r&#8221; diye hayk\u0131rd\u0131 Perin\u00e7ek! Siyasi g\u00f6r\u00fc\u015fleri hi\u00e7 de Perin\u00e7ek&#8217;le \u00f6rt\u00fc\u015fmeyen S\u00fcleyman Demirel bile &#8220;bu yi\u011fitliktir&#8221; dedikten sonra bize ne s\u00f6ylemek d\u00fc\u015fer acaba? \r<br>Ama o s\u00f6zde mahkemenin &#8220;yarg\u0131lama&#8221; ad\u0131na tarihe kaydetti\u011fi rezalet T\u00fcrkiye&#8217;de olmas\u0131 gerekti\u011fi gibi yine yank\u0131lanmad\u0131. \u00dcstelik \u0130svi\u00e7re bas\u0131n\u0131 dahi bu mahkemeyi &#8220;mahkemeye&#8221; benzetmemi\u015f. \r<br>Kararda at\u0131lan &#8220;kaz\u0131k&#8221; ise, Perin\u00e7ek&#8217;e de\u011fil tamam\u0131yla T\u00fcrkiye Cumhuriyeti&#8217;ne. &#8220;Ermeni derne\u011fine bin, dernek ba\u015fkan\u0131na da 10 bin \u0130svi\u00e7re frank\u0131 tazminat&#8221; \u0130svi\u00e7re&#8217;nin de di\u011ferleri gibi Ermeni lobisinin i\u011fren\u00e7 iftiralar\u0131n\u0131, tarihi ger\u00e7eklere tercih etti\u011fini g\u00f6steriyor. O dernek her neyse, alaca\u011f\u0131 bin \u0130svi\u00e7re Frank\u0131 ile kim bilir nas\u0131l &#8220;zafer b\u00f6\u011f\u00fcrt\u00fcs\u00fc&#8221; \u00e7\u0131karacak. Umar\u0131m &#8220;temyiz&#8221; s\u00fcrecinde, AKP H\u00fck\u00fcmeti &#8220;gere\u011fini&#8221; yapmay\u0131 &#8220;ak\u0131l&#8221; eder! \r<br>\r<br><b>Haydi, &#8220;komplo teorisi&#8221; kural\u0131m!<\/b>\r<br>\r<br>\u015eeytan her zaman &#8220;ayr\u0131nt\u0131da&#8221; gizlidir diye bo\u015funa s\u00f6ylememi\u015fler galiba. &#8220;Filler tepi\u015fir, \u00e7imenler ezilir&#8221; tabirini de \u015fimdi bu &#8220;\u015feytanl\u0131&#8221; lafa ba\u011flarsak, \u00fczerine de &#8220;\u0130nciralt\u0131&#8221; mevzuunu oturtursak ne olur sizce? \r<br>Vallahi de billahi de maksad\u0131m, y\u0131llard\u0131r bir t\u00fcrl\u00fc yan\u0131tlanmayan sorulard\u0131r. \u00d6ncelikle bu b\u00f6yle bilinsin. EXPO \u0130nciralt\u0131&#8217;nda yap\u0131lacakm\u0131\u015f. Hay\u0131rl\u0131 olsun. Biliyorsunuz bu EXPO konusunda da ben &#8220;temkinli&#8221; yazmaktan yanay\u0131m. Olmas\u0131na olsun da, Universiade gibi, \u00f6n\u00fcnde arkas\u0131nda yan\u0131tlanmayan sorular kalmas\u0131n derdindeyim. \r<br>\u0130nciralt\u0131 t\u00fcm bakirli\u011fine ve de\u011ferine kar\u015f\u0131n, sahiplerine &#8220;kan kusturan&#8221; bir b\u00f6lge haline getirildi. Bence arazi sahiplerine &#8220;birileri&#8221; taraf\u0131ndan y\u0131llard\u0131r &#8220;bilerek&#8221; yap\u0131lan bir i\u015f bu. Zira zaman i\u00e7inde kimlerin, kimlerden &#8220;helvac\u0131 k\u00e2\u011f\u0131d\u0131yla&#8221; yer kapatt\u0131\u011f\u0131n\u0131 bilmiyoruz. Rivayet muhtelif yani. Hatta Piri\u015ftina d\u00f6neminde o b\u00f6lgede inan\u0131lmaz &#8220;hat\u0131rl\u0131&#8221; baz\u0131 &#8220;m\u00fchim efendilerin&#8221; gelece\u011fi d\u00fc\u015f\u00fcnerek &#8220;faaliyet kar\u0131\u015ft\u0131rd\u0131klar\u0131n\u0131&#8221;, Hasan Mani, Metin Akp\u0131nar, Do\u011fu\u015f veya Do\u011fan Grubu&#8217;nu ilgilendiren &#8220;dedikodular\u0131n&#8221; ortalara sa\u00e7\u0131ld\u0131\u011f\u0131n\u0131 duymu\u015ftuk. Lakin 1999\u00962004 aras\u0131nda \u0130zmir&#8217;de &#8220;her \u015fey m\u00fckemmel&#8221; g\u00f6sterildi\u011finden, bas\u0131n \u00e7al\u0131\u015fmalar\u0131 da &#8220;ilgin\u00e7 seyir&#8221; i\u00e7inde oldu\u011fundan ve de Hasan Topal beyefendi &#8220;konu\u015fmay\u0131&#8221; sevmedi\u011finden sorulara yan\u0131t bulamam\u0131\u015ft\u0131k. \r<br>\u015eimdi zaman ge\u00e7ti ve EXPO \u0130nciralt\u0131&#8217;nda yap\u0131lacak diye yaz\u0131l\u0131p s\u00f6yleniyor. Peki, durum ne? Ba\u015fkan Kocao\u011flu&#8217;nun s\u00f6z\u00fcn\u00fc etti\u011fi &#8220;Bak\u00fc Bulvar\u0131&#8217;n\u0131n yan\u0131ndaki 4. 700 d\u00f6n\u00fcml\u00fck arazi&#8221; i\u00e7in &#8220;bilmemiz&#8221; gereken bir \u015feyler var m\u0131? H\u00fck\u00fcmetin &#8220;EXPO&#8217;dan sorumlu&#8221; vekili Mehmet Tekelio\u011flu&#8217;nun Urla de\u011fil de &#8220;\u0130nciralt\u0131&#8221; diye dayatmas\u0131nda, buna CHP&#8217;li B\u00fcy\u00fck\u015fehir Belediye Ba\u015fkan\u0131 Kocao\u011flu ve &#8220;bildik&#8221; arkada\u015flar\u0131n\u0131n &#8220;kat\u0131l\u0131m\u0131nda&#8221; bilmemiz gereken bir \u015feyler var m\u0131? \r<br>Peki <b><i>&#8220;Siyasi iktidar, siyasi ve ekonomik rant politikalar\u0131na dayal\u0131 \u0091\u0130nciralt\u0131&#8217; tercihi ile EXPO adayl\u0131\u011f\u0131m\u0131z\u0131 g\u00f6zden \u00e7\u0131karmaktad\u0131r&#8221; <\/b><\/i>ba\u015fl\u0131\u011f\u0131yla uyar\u0131 yapan TMMOB \u0130zmir \u0130l Koordinasyon Kurulu&#8217;nun s\u00f6zlerini &#8220;duymazdan gelmek&#8221; do\u011fru mu? Bir de \u015fu &#8220;naz\u0131m plan&#8221; meselesi var. Urla i\u00e7in ne plan yap\u0131lm\u0131\u015ft\u0131? Ba\u015fkan Kocao\u011flu EXPO i\u00e7in Urla&#8217;y\u0131 d\u00fc\u015f\u00fcnmemi\u015f miydi? Yoksa AKP&#8217;li Tekelio\u011flu, Aziz Ba\u015fkan&#8217;a &#8220;\u0130nciralt\u0131&#8217;n\u0131&#8221; bilmedi\u011fimiz bir nedenden \u00f6t\u00fcr\u00fc m\u00fc dayatt\u0131 da, plana ra\u011fmen &#8220;pat&#8221; diye \u0130nciralt\u0131 gitti Ba\u015fbakan Erdo\u011fan&#8217;\u0131n \u00f6n\u00fcne? EXPO toplant\u0131lar\u0131na &#8220;kesinlikle&#8221; \u00e7a\u011fr\u0131lmayan bir gazeteci olarak sadece merak ediyor ve sorular\u0131ma muhatap ar\u0131yorum. Ancak korkumu da saklayamam. EXPO&#8217;nun faydalar\u0131na itiraz\u0131m yok, lakin bu faydalar\u0131n &#8220;kime&#8221; olaca\u011f\u0131 konusunda teredd\u00fct\u00fcm \u00e7ok. \u00dcstelik de EXPO&#8217;ya kadar yap\u0131lacak genel ve yerel se\u00e7imlerin sonu\u00e7lar\u0131 da \u00e7ok \u00f6nemli. Umar\u0131m bu kez &#8220;filler&#8221; aralar\u0131nda anla\u015f\u0131p &#8220;\u00e7imenleri&#8221; birlikte ve bilerek &#8220;ezmezler&#8221;!\r<br>\r<br><b>\u0130ZVAK ne demek istedi?<\/b>\r<br>\r<br>Genel se\u00e7im geliyor ya, bilmem ka\u00e7 tane \u00fcyesi olan her &#8220;topluluk&#8221; efelik yapmaya ba\u015flayacak siyasal partilere ve adaylar\u0131na. Sanki memleket &#8220;topluluklar\u0131&#8221; feodal cemiyetler de, \u00fcyeler ba\u015fkanlar\u0131na bakarak &#8220;oy&#8221; kullan\u0131yor. Ge\u00e7enlerde \u0130ZVAK Ba\u015fkan\u0131 Levent Bey de &#8220;aba alt\u0131ndan sopa g\u00f6stererek&#8221; se\u00e7imlerde, \u0130zmir futboluna yard\u0131m etmeyenlere destek olmayacaklar\u0131 y\u00f6n\u00fcnde, biraz da sert mesajlar vermi\u015f. Futbolla ilgilenmiyorum. Hem de hi\u00e7 ilgilenmiyorum. Hele futbol ba\u015far\u0131lar\u0131n\u0131n, \u0130zmir&#8217;in &#8220;yeg\u00e2ne&#8221; vizyonu oldu\u011fu d\u00fc\u015f\u00fcncelerine de kargalardan \u00f6nce ben g\u00fclerim. Ancak yine de \u0130zmir tak\u0131mlar\u0131n\u0131n &#8220;ba\u015far\u0131l\u0131&#8221; olmalar\u0131, s\u00fcper ligde bulunmalar\u0131ndan mutlu olurum. Fakat y\u0131llard\u0131r anlayamad\u0131\u011f\u0131m bir konu var. \u0130zmir&#8217;de d\u00fcnya kadar i\u015f adam\u0131 var. Allah ziyade etsin, \u00e7ok da kazan\u0131yorlar. Zaten kul\u00fcp ba\u015fkanlar\u0131 falan da bunlardan \u00e7\u0131k\u0131yor. \u00d6rne\u011fin Ticaret Odas\u0131, belediye falan yard\u0131m da ediyor. Hatta rahmetli Piri\u015ftina zaman\u0131nda, Belediyeden edilen yard\u0131mlar &#8220;s\u00fcperdi&#8221; ma\u015fallah. Peki, o zaman ne kadar ba\u015far\u0131l\u0131 olundu? Ya da bu tak\u0131mlar\u0131n ba\u015far\u0131s\u0131zl\u0131\u011f\u0131n\u0131n alt\u0131nda sadece siyasilerin yard\u0131m etmemesi mi yat\u0131yor? Levent Bey&#8217;i tan\u0131mam. Ama kar\u015f\u0131la\u015f\u0131rsam bir soru soraca\u011f\u0131m. Bana \u0130zmir milletvekillerinin yard\u0131m ve destek de bulundu\u011fu bir &#8220;alan&#8221; s\u00f6ylesin \u00f6nce. Bakal\u0131m bizim siyasiler sadece &#8220;futbola m\u0131&#8221; kay\u0131ts\u0131z? Hayret bir \u015fey yani! <h3>Related Images:<\/h3>","protected":false},"excerpt":{"rendered":"<div class=\"mh-excerpt\"><p>Televizyon haberlerinde g\u00f6rd\u00fc\u011f\u00fcmde isimlere dikkat etmedim ama o y\u00fcz hemen tan\u0131\u015f geldi. \u0130\u00e7im \u00fcrperdi. Ama aradan o kadar \u00e7ok y\u0131l ge\u00e7mi\u015fti ki? 1993 ya da <a class=\"mh-excerpt-more\" href=\"https:\/\/kentyasam.com.tr\/wp\/2007\/03\/12\/nur-icinde-yat-umran-kardes\/\" title=\"Nur i\u00e7inde yat \u00dcmran karde\u015f&#8230;\">[&#8230;]<\/a><\/p>\n<\/div>","protected":false},"author":1,"featured_media":0,"comment_status":"open","ping_status":"open","sticky":false,"template":"","format":"standard","meta":{"ngg_post_thumbnail":0,"footnotes":""},"categories":[30],"tags":[],"_links":{"self":[{"href":"https:\/\/kentyasam.com.tr\/wp\/wp-json\/wp\/v2\/posts\/62244"}],"collection":[{"href":"https:\/\/kentyasam.com.tr\/wp\/wp-json\/wp\/v2\/posts"}],"about":[{"href":"https:\/\/kentyasam.com.tr\/wp\/wp-json\/wp\/v2\/types\/post"}],"author":[{"embeddable":true,"href":"https:\/\/kentyasam.com.tr\/wp\/wp-json\/wp\/v2\/users\/1"}],"replies":[{"embeddable":true,"href":"https:\/\/kentyasam.com.tr\/wp\/wp-json\/wp\/v2\/comments?post=62244"}],"version-history":[{"count":0,"href":"https:\/\/kentyasam.com.tr\/wp\/wp-json\/wp\/v2\/posts\/62244\/revisions"}],"wp:attachment":[{"href":"https:\/\/kentyasam.com.tr\/wp\/wp-json\/wp\/v2\/media?parent=62244"}],"wp:term":[{"taxonomy":"category","embeddable":true,"href":"https:\/\/kentyasam.com.tr\/wp\/wp-json\/wp\/v2\/categories?post=62244"},{"taxonomy":"post_tag","embeddable":true,"href":"https:\/\/kentyasam.com.tr\/wp\/wp-json\/wp\/v2\/tags?post=62244"}],"curies":[{"name":"wp","href":"https:\/\/api.w.org\/{rel}","templated":true}]}}