{"id":62114,"date":"2006-11-22T00:00:00","date_gmt":"2006-11-22T00:00:00","guid":{"rendered":"http:\/\/kentyasam.com.tr\/wp\/?p=62114"},"modified":"2006-11-22T00:00:00","modified_gmt":"2006-11-22T00:00:00","slug":"dumanalti-bir-izmir-aksaminda","status":"publish","type":"post","link":"https:\/\/kentyasam.com.tr\/wp\/2006\/11\/22\/dumanalti-bir-izmir-aksaminda\/","title":{"rendered":"Dumanalt\u0131 bir \u0130zmir ak\u015fam\u0131nda"},"content":{"rendered":"Geride b\u0131rakt\u0131\u011f\u0131m\u0131z Per\u015fembe g\u00fcn\u00fcyd\u00fc. \u0130zmir&#8217;de ilgin\u00e7 bir hava var; so\u011fuk mu so\u011fuk. \u00d6yle bir duman kaplam\u0131\u015f ki ortal\u0131\u011f\u0131 g\u00f6z g\u00f6z\u00fc g\u00f6rm\u00fcyor. Torunla, Konak&#8217;tan d\u00f6n\u00fcyoruz. \u00c7al\u0131\u015fanlar\u0131n i\u015ften \u00e7\u0131k\u0131\u015f saatinden bir saat sonras\u0131yd\u0131, belediye otob\u00fcsleri buna ra\u011fmen dopdoluydu. Otob\u00fcste s\u0131k\u0131\u015fmak i\u00e7in bir de s\u0131raya girmek zorundayd\u0131n\u0131z. &#8220;Bu manzaray\u0131, dura\u011f\u0131n hemen kar\u015f\u0131s\u0131nda yer alan B\u00fcy\u00fck\u015fehir Belediyesi binas\u0131ndaki makam odas\u0131ndaki koltu\u011fundan, Aziz Kocao\u011flu&#8217;nun g\u00f6rebilmesi bu kadar m\u0131 zor&#8221; diye sordum kendi kendime&#8230; Hi\u00e7 olmazsa havan\u0131n &#8220;dumans\u0131z&#8221; oldu\u011fu g\u00fcnlerde! Torun, &#8220;Dede, otob\u00fcs\u00fc bo\u015f ver, \u00e7ok doludur, oturamazs\u0131n&#8221; dedi. Neyse ki bindik. Talatpa\u015fa &#8211; Alsancak hatt\u0131nda kay\u0131tl\u0131, &#8220;\u00dc\u00e7kuyular-Bal\u00e7ova&#8221; istikametinde \u00e7al\u0131\u015fan dolmu\u015flardan birine binmek \u00fczere &#8220;yar\u0131\u015fa girdik&#8221; bu kez. Normal hatt\u0131nda \u00e7al\u0131\u015fan \u015fof\u00f6r, ak\u015fam 85 YTL ve bir depo LPG kar\u015f\u0131l\u0131\u011f\u0131 dolmu\u015funu gen\u00e7lere teslim ediyormu\u015f. Bu gen\u00e7ler de, ki\u015fi ba\u015f\u0131 2.5 YTL kar\u015f\u0131l\u0131\u011f\u0131nda Talatpa\u015fa &#8211; \u00dc\u00e7kuyular veya Bal\u00e7ova aras\u0131nda, belediye otob\u00fcs\u00fc ma\u011fdurlar\u0131na (!) hizmet veriyormu\u015f. \u0130lerliyoruz, Yal\u0131&#8217;dan Karantina&#8217;ya Vali Kona\u011f\u0131&#8217;ndan G\u00f6ztepe&#8217;ye hatta Dalyan&#8217;a 300 metre kalana kadar; \u0130zmir&#8217;de her yer duman alt\u0131yd\u0131. Sahil Bulvar\u0131 boyunca uzanan y\u00fcksek katl\u0131 apartmanlar\u0131n bacalar\u0131ndan \u00e7\u0131kan duman; esintisiz havada \u0130zmir&#8217;i karbondioksite bo\u011fuyordu. Ref\u00fcjdeki ve apartman altlar\u0131nda otopark alt\u0131ndaki alanlardaki &#8220;garnit\u00fcr\u00fc&#8221; saymazsak, ortada ne a\u011fa\u00e7 b\u0131rakm\u0131\u015ft\u0131k ne de ye\u015fil!\u0130nciralt\u0131&#8217;na do\u011fru \u015f\u00f6yle bir bakt\u0131m, hava p\u0131r\u0131l p\u0131r\u0131ld\u0131. Berrak bir g\u00f6ky\u00fcz\u00fc, \u00dc\u00e7kuyular&#8217;dan ba\u015flay\u0131p \u0130nciralt\u0131&#8217;na do\u011fru y\u00fcz\u00fcn\u00fc g\u00f6steriyordu. \u0130nciralt\u0131 \u00c7al\u0131\u015ftay\u0131&#8217;nda, &#8220;Ne akci\u011feri&#8221;, &#8220;\u0130nciralt\u0131&#8217;n\u0131 binalarla donatal\u0131m&#8221; diyenleri hat\u0131rlad\u0131m. O ma\u011fduriyet s\u00f6ylemlerini kendi \u00e7aplar\u0131nda siyasi bir silah gibi kullanan baz\u0131 tipleri!Jeotermal enerjinin kullan\u0131m\u0131n\u0131n \u00f6nemini akl\u0131ma getirdim. &#8220;Bir de tam kapasite kullan\u0131lsa \u015fu enerji, ne g\u00fczel olur&#8221; dedim. Bal\u00e7ova&#8217;n\u0131n da\u011f esintisinin ne b\u00fcy\u00fck bir nimet olaca\u011f\u0131n\u0131 kestirebiliyor musunuz, \u0130nciralt\u0131&#8217;nda g\u00f6ky\u00fcz\u00fcn\u00fc engelsiz g\u00f6rebilmenin mutlulu\u011funu neye de\u011fi\u015febilirsiniz ki? So\u011fuk bir gece siz de \u00e7\u0131k\u0131n d\u0131\u015far\u0131ya da, g\u00f6r\u00fcn \u0130nciralt\u0131&#8217;n\u0131n ne oldu\u011funu! Kediye &#8220;ci\u011fer&#8221; teslim edecekleri bilmem; ama ben, oradaki insanlar\u0131m\u0131z\u0131n da ya\u015fam\u0131na sayg\u0131 duyarak ve kolayl\u0131klar getirerek &#8220;akci\u011feri&#8221;mizi sahiplenmemiz gerekti\u011fini d\u00fc\u015f\u00fcnenlerdenim.\r<br>\r<br>***\r<br>Ak\u015fam gazetesinin &#8220;yemek tarifleri&#8221; yazar\u0131, b\u00f6lge ekindeki k\u00f6\u015fesinde &#8220;cep telefonu sayesinde \u0130nciralt\u0131 toplant\u0131s\u0131n\u0131 ba\u015ftan sona takip etmi\u015f gibi oldum&#8221; diyordu. Kimi aray\u0131p bu \u00e7al\u0131\u015ftay\u0131 izledi, hep ayn\u0131 ki\u015fiyi mi arad\u0131, arad\u0131\u011f\u0131 ki\u015fiyle sadece \u0130nciralt\u0131 konusunu mu g\u00f6r\u00fc\u015ft\u00fc; onu ben bilmem!Ama, (\u0130nciralt\u0131&#8217;n\u0131 yemek tariflerine alet etmesin) derim. Bir de \u015fu dikkatimi \u00e7ekti; Yeni As\u0131r Gazetesi&#8217;nde \u015fu aralar ba\u015fl\u0131klarda ve haber i\u00e7eriklerinde baz\u0131 de\u011fi\u015fiklikler var. Baz\u0131 de\u011fi\u015fiklikler olmu\u015f belli, \u0130zmir&#8217;in yay\u0131nc\u0131l\u0131k \u00e7\u0131nar\u0131 Yeni As\u0131r&#8217;da. &#8220;Bey, Bey&#8221;li ba\u015fl\u0131klar\u0131n say\u0131s\u0131 azald\u0131. Yeni As\u0131r&#8217;\u0131n tepesindeki isim Osman Bey&#8217;in bir turizm beldesindeki sorunun \u00e7\u00f6z\u00fcm\u00fc nedeniyle ald\u0131\u011f\u0131 plaket; ge\u00e7en Cuma H\u00fcrriyet&#8217;te \u00f6nce haber oldu, cumartesi g\u00fcn\u00fc de gazetenin eski bakan olan b\u00f6lge temsilcisinin k\u00f6\u015fesinde \u00f6nemle vurguland\u0131. Ortada sorun \u00e7\u00f6zmek gibi bir i\u015flev varsa biz de alk\u0131\u015flar\u0131z Yeni As\u0131r&#8217;\u0131. Ama bug\u00fcne kadar birbirlerinin gazetecilik ba\u015far\u0131lar\u0131n\u0131 haber dahi yapmayan bu isimlerin &#8220;kar\u015f\u0131l\u0131kl\u0131 selam \u00e7akmalar\u0131&#8221; ne anlama geliyor? Yeni As\u0131r, Haber M\u00fcd\u00fcrl\u00fc\u011f\u00fc koltu\u011fundan sonra, Yay\u0131n Grubu koltu\u011funda da m\u0131 yeni de\u011fi\u015fimlere gebe, kimbilir? Bu gibi destekler gerektiriyor yeni s\u00fcre\u00e7? Veya H\u00fcrriyet&#8217;in b\u00f6lge temsilcisinin yerel siyasete y\u00f6nelik ama\u00e7lar\u0131 b\u00f6yle bir &#8220;centilmenli\u011fi&#8221; gerektiriyor&#8230; Bana g\u00f6re bu sorular, \u0130zmir&#8217;in gelece\u011fi a\u00e7\u0131s\u0131ndan b\u00fcy\u00fck \u00f6nem ta\u015f\u0131yor? Cevab\u0131n\u0131 zaman g\u00f6sterecek&#8230; Ama kim ne yaparsa yaps\u0131n; halk\u0131m\u0131n &#8220;ihbarc\u0131&#8221; \u00f6zelli\u011finin meyvelerini bu iki gazeteci de\u011fil, sokaklarda y\u00fcr\u00fcyen gazeteci Yenig\u00fcn Yazar\u0131 Hasan Tahsin yiyor. K\u0131z\u0131lha\u00e7&#8217;tan \u0130zmir&#8217;e gelen bir heyetin depremle ilgili bilgilendirici turu; &#8220;misyonerlik&#8221; propagandas\u0131 san\u0131l\u0131p halk\u0131m taraf\u0131ndan hemen Hasan Tahsin&#8217;e iletilmi\u015f. Bizim Tahsin de, &#8220;polis ekipleriyle&#8221; olay yerine gidince, \u015f\u00fcphenin yersiz oldu\u011funu g\u00f6rm\u00fc\u015f. Ne dersiniz, halk\u0131m T\u00fcrkiye&#8217;ye gelecek Papa&#8217;n\u0131n Sel\u00e7uk ziyareti s\u0131ras\u0131nda bizim Hasan Tahsin&#8217;i aray\u0131p, &#8220;Ha\u00e7l\u0131 seferleri ba\u015flad\u0131&#8221; ihbar\u0131nda bulunur mu? Olur olur!. . Hepinize iyi haftalar<h3>Related Images:<\/h3>","protected":false},"excerpt":{"rendered":"<div class=\"mh-excerpt\"><p>Geride b\u0131rakt\u0131\u011f\u0131m\u0131z Per\u015fembe g\u00fcn\u00fcyd\u00fc. \u0130zmir&#8217;de ilgin\u00e7 bir hava var; so\u011fuk mu so\u011fuk. \u00d6yle bir duman kaplam\u0131\u015f ki ortal\u0131\u011f\u0131 g\u00f6z g\u00f6z\u00fc g\u00f6rm\u00fcyor. Torunla, Konak&#8217;tan d\u00f6n\u00fcyoruz. \u00c7al\u0131\u015fanlar\u0131n <a class=\"mh-excerpt-more\" href=\"https:\/\/kentyasam.com.tr\/wp\/2006\/11\/22\/dumanalti-bir-izmir-aksaminda\/\" title=\"Dumanalt\u0131 bir \u0130zmir ak\u015fam\u0131nda\">[&#8230;]<\/a><\/p>\n<\/div>","protected":false},"author":1,"featured_media":0,"comment_status":"open","ping_status":"open","sticky":false,"template":"","format":"standard","meta":{"ngg_post_thumbnail":0,"footnotes":""},"categories":[67],"tags":[],"_links":{"self":[{"href":"https:\/\/kentyasam.com.tr\/wp\/wp-json\/wp\/v2\/posts\/62114"}],"collection":[{"href":"https:\/\/kentyasam.com.tr\/wp\/wp-json\/wp\/v2\/posts"}],"about":[{"href":"https:\/\/kentyasam.com.tr\/wp\/wp-json\/wp\/v2\/types\/post"}],"author":[{"embeddable":true,"href":"https:\/\/kentyasam.com.tr\/wp\/wp-json\/wp\/v2\/users\/1"}],"replies":[{"embeddable":true,"href":"https:\/\/kentyasam.com.tr\/wp\/wp-json\/wp\/v2\/comments?post=62114"}],"version-history":[{"count":0,"href":"https:\/\/kentyasam.com.tr\/wp\/wp-json\/wp\/v2\/posts\/62114\/revisions"}],"wp:attachment":[{"href":"https:\/\/kentyasam.com.tr\/wp\/wp-json\/wp\/v2\/media?parent=62114"}],"wp:term":[{"taxonomy":"category","embeddable":true,"href":"https:\/\/kentyasam.com.tr\/wp\/wp-json\/wp\/v2\/categories?post=62114"},{"taxonomy":"post_tag","embeddable":true,"href":"https:\/\/kentyasam.com.tr\/wp\/wp-json\/wp\/v2\/tags?post=62114"}],"curies":[{"name":"wp","href":"https:\/\/api.w.org\/{rel}","templated":true}]}}