{"id":62095,"date":"2006-11-07T00:00:00","date_gmt":"2006-11-07T00:00:00","guid":{"rendered":"http:\/\/kentyasam.com.tr\/wp\/?p=62095"},"modified":"2006-11-07T00:00:00","modified_gmt":"2006-11-07T00:00:00","slug":"karaoglana-elveda-ya-yarin","status":"publish","type":"post","link":"https:\/\/kentyasam.com.tr\/wp\/2006\/11\/07\/karaoglana-elveda-ya-yarin\/","title":{"rendered":"&#8220;Karao\u011flan&#8221;a elveda ya &#8220;yar\u0131n&#8221;?"},"content":{"rendered":"Bu &#8220;medya&#8221; denen canavar\u0131n &#8220;yok olmas\u0131&#8221;, yeniden &#8220;bas\u0131n&#8221; olu\u015fmas\u0131 i\u00e7in her zamankinden fazla istek duydum. Ba\u015fkalar\u0131 gibi, s\u00f6zde &#8220;b\u00fcy\u00fck&#8221; k\u00f6\u015fe yazarlar\u0131 gibi timsah g\u00f6zya\u015f\u0131 d\u00f6kmeyece\u011fim. Bir gazeteci olarak, T\u00fcrkiye&#8217;nin en onurlu, en &#8220;adam&#8221; siyaset\u00e7isini kaybettik. Herkes yazacak ama ben sadece k\u0131sa c\u00fcmleler kuraca\u011f\u0131m bug\u00fcn.\r<br>O&#8217;na &#8220;bunak&#8221; dediler, O&#8217;na &#8220;ihanet&#8221; edenleri &#8220;demokrat&#8221; ilan ettiler, g\u00f6revi sadece &#8220;T\u00fcrkiye&#8217;yi alt \u00fcst&#8221; etmek olan Dervi\u015f efendiye adeta &#8220;biat&#8221; ettiler! \r<br>\u015eimdi &#8220;taziyelerini&#8221; ciddiye almamak gerek! \r<br>Sabah bakt\u0131m da \u00e7o\u011fu TV &#8220;b\u00fclten haberi&#8221; gibi alg\u0131lam\u0131\u015f O&#8217;nun \u00f6l\u00fcm\u00fcn\u00fc! Sabah yay\u0131nlar\u0131na bat\u0131m da hep c\u0131v\u0131k\u00e7a ve i\u00e7i bo\u015f kahkahalar!\r<br>Neden biliyor musunuz? \u00c7\u00fcnk\u00fc o &#8220;halkt\u0131&#8221;, \u00e7\u00fcnk\u00fc O ho\u015fg\u00f6r\u00fcl\u00fcyd\u00fc, \u00e7\u00fcnk\u00fc O kendisine &#8220;bunak&#8221; diyenlere bile sayg\u0131 g\u00f6sterdi! \u00c7\u00fcnk\u00fc O&#8217;nun sadece &#8220;halk\u0131&#8221; vard\u0131! O hep &#8220;halk\u0131&#8221; i\u00e7in ya\u015fad\u0131 ve sadece halk\u0131 \u00fc\u00e7\u00fcn korktu ve \u00fcz\u00fcld\u00fc. Dan\u0131\u015ftay&#8217;a yap\u0131lan &#8220;malum&#8221; sald\u0131r\u0131 onun &#8220;halk\u0131yla&#8221; ilgili &#8220;yar\u0131n&#8221; \u00fcz\u00fcnt\u00fcs\u00fcn\u00fc artt\u0131rd\u0131 ve mutlak sona ula\u015ft\u0131! Ne diyelim ki mek\u00e2n\u0131 cennet olsun! O&#8217;na ger\u00e7ekten sad\u0131k olanlar\u0131n ba\u015f\u0131 sa\u011f olsun, DSP&#8217;nin ba\u015f\u0131 sa\u011f olsun! O&#8217;na &#8220;ihanet&#8221; edenlere ise s\u00f6yleyecek bir hece bile de\u011fer vermektir!\r<br>O ozan bir devlet adam\u0131yd\u0131, hep &#8220;yar\u0131nlar\u0131&#8221; d\u00fc\u015f\u00fcnd\u00fc ve &#8220;yar\u0131nlar\u0131&#8221; yazd\u0131! \u0130\u015fte onun ard\u0131ndan san\u0131r\u0131m en uygun ka\u00e7acak olan &#8220;Yar\u0131n&#8221; \u015fiirini paylamakt\u0131r! \r<br>\r<br><b><i>&#8220;bir\u015feyler olacak yar\u0131n\r<br>duru\u015fundan belli\r<br>k\u0131rdaki atlar\u0131n\r<br>bulutlar\u0131n ko\u015fu\u015fundan belli\r<br>kaz\u0131\u015f\u0131ndan k\u00f6stebeklerin topra\u011f\u0131\r<br>\r<br>kar\u0131ncalar\u0131n tel\u00e2\u015f\u0131ndan belli\r<br>bir\u015feyler olacak yar\u0131n\r<br>belki bir tomurcuk\r<br>belki bir a\u011fac\u0131n d\u00fc\u015fen yapra\u011f\u0131\r<br>belki de bir \u00e7ocuk\r<br>\r<br>pek o kadar g\u00f6remesek de uza\u011f\u0131\r<br>ku\u015flar\u0131n u\u00e7u\u015fundan belli\r<br>bir\u015feyler olacak yar\u0131n\r<br>\u00f6b\u00fcrg\u00fcnden \u00f6nemsiz\r<br>yar\u0131ndan \u00f6nemli&#8221;<\/b><\/i>\r<br>\r<br><b>&#8220;\u00c7ocuk pornosu&#8221; sadece bir \u00f6rnek!<\/b>\r<br>\r<br>Ay\u0131p yahu ay\u0131p! Milletin g\u00f6z\u00fcn\u00fcn i\u00e7ine bakarak bu kadar da &#8220;timsah\u00e7\u0131l\u0131k&#8221; oynan\u0131r m\u0131? \u015eu &#8220;\u00e7ocuk pornosu&#8221; haberlerini diyorum. \u015eu yay\u0131mlanan istatistik haberlerini diyorum. Herkesin tepkisini anl\u0131yor ve do\u011fal say\u0131yorum. \u00c7\u00fcnk\u00fc b\u00f6ylesine i\u011fren\u00e7 ve lanetlenmesi gereken bir olaya ba\u015fka t\u00fcrl\u00fc kar\u015f\u0131l\u0131klar verilmez. Ama bu olaya bak\u0131p da, bunun &#8220;yeni&#8221; kar\u015f\u0131la\u015ft\u0131\u011f\u0131m\u0131z bir rezillik oldu\u011funu kimse s\u00f6yleyemez! Ya\u015fanan &#8220;ahlakl\u0131s\u0131zl\u0131klarda&#8221; \u00e7ocuk pornosu ne yaz\u0131k ki sadece bir halkad\u0131r. \r<br>\u00d6zellikle 12 Eyl\u00fcl belas\u0131ndan sonra T\u00fcrkiye yurtta\u015flar\u0131na &#8220;resmen&#8221; ya\u015fat\u0131lan yozla\u015fma, bug\u00fcn ka\u015f\u0131m\u0131za &#8220;\u00e7ocuk pornosuyla da&#8221; \u00e7\u0131kt\u0131, o kadar! Bu sadece, zaten y\u0131llard\u0131r ya\u015fanan bir rezilli\u011fin bir \u00f6rne\u011finin daha su y\u00fcz\u00fcne \u00e7\u0131kmas\u0131d\u0131r.\r<br>Bu \u00fclkede son 26 y\u0131ld\u0131r Bas\u0131n, Milli E\u011fitim Bakanl\u0131\u011f\u0131, K\u00fclt\u00fcr Bakanl\u0131\u011f\u0131, Kad\u0131n ve Aile Bakanl\u0131\u011f\u0131, Rehberlik sistemi, sosyal yard\u0131mla\u015fma ve dayan\u0131\u015fma sistemi, Diyanet \u0130\u015fleri &#8220;adam gibi&#8221; ve &#8220;sorumlu&#8221; \u00e7al\u0131\u015fsayd\u0131, biz de bug\u00fcn bunlar\u0131 ya\u015famazd\u0131k. Her t\u00fcrl\u00fc ahlaks\u0131zl\u0131\u011f\u0131 ve rezilli\u011fi ya\u015f\u0131yoruz ve s\u0131rada neyi ya\u015fayaca\u011f\u0131z belli de\u011fil! \r<br>\u00d6rne\u011fin hat\u0131rlay\u0131n\u0131z 12 Eyl\u00fcl sonras\u0131 en \u00e7ok s\u00f6ylenen laf neydi? &#8220;Devlet, baba de\u011fildir&#8221; de\u011fil mi? Yani devlet kavram\u0131 d\u00e2hil her \u015fey, paraya ve para kazanmaya \u00fcstelik de &#8220;b\u0131rak\u0131n\u0131z yaps\u0131nlar, ge\u00e7sinler&#8221; felsefesiyle, havale edilmi\u015fti. Gen\u00e7lerin kitap okumas\u0131, d\u00fc\u015f\u00fcnmesi, memleket sorunlar\u0131yla u\u011fra\u015fmas\u0131, \u00f6rg\u00fctlenmesi hep k\u00f6t\u00fc g\u00f6sterildi. Sivil toplum \u00e7al\u0131\u015fmalar\u0131 sanki AB fonlar\u0131 pe\u015finde ko\u015fan grup\u00e7uklara \u00e7evrildi. Siyaset sadece &#8220;paras\u0131 olan\u0131n&#8221; yapabilece\u011fi bir faaliyet gibi g\u00f6sterildi. \r<br>\u00c7ocuk pornosu d\u0131\u015f\u0131nda \u015fu anda ya\u015fanan rezillikler yok mu?\r<br>Neden uyu\u015fturucu kullan\u0131m ya\u015f\u0131 d\u00fc\u015ft\u00fc?\r<br>Neden cinsel sapk\u0131nl\u0131klar\u0131 bu kadar konu\u015fur olduk?\r<br>\u00c7evrilen dizilerin \u00e7o\u011funda alenen &#8220;sap\u0131kl\u0131k&#8221; ho\u015f bir \u015feymi\u015f gibi, &#8220;\u00f6zg\u00fcrl\u00fc\u011f\u00fcn rengi&#8221; gibi pompaland\u0131 topluma! O abuk sabuk yar\u0131\u015fmalar da cabas\u0131yd\u0131. &#8220;Haydi, beni evlendir&#8221; gibi &#8220;pop y\u0131ld\u0131z\u0131, dans y\u0131ld\u0131z\u0131&#8221; gibi \u00e7al\u0131\u015fmalarla ahlak yozla\u015fmas\u0131n\u0131n ba\u011flant\u0131s\u0131 yok mu? \r<br>Bilimde, ger\u00e7ek sanatta, futbol d\u0131\u015f\u0131ndaki spor dallar\u0131nda ba\u015far\u0131l\u0131 olan gen\u00e7 ve \u00e7ocuklar\u0131m\u0131z m\u0131 yoksa &#8220;ba\u015fka&#8221; \u00e2lemlerin zavall\u0131 fig\u00fcranlar\u0131 m\u0131 haber oldu, oluyor birinci sayfalarda? \r<br>D\u00fc\u015f\u00fcn\u00fcn bir rica ederim! Baz\u0131 s\u00f6zde b\u00fcy\u00fck medya organlar\u0131nda \u015firinle\u015ftirilen gen\u00e7 ya\u015famlar hangileri? \r<br> &#8220;Bal\u0131k haf\u0131zal\u0131&#8221; olmaktan kurtulmad\u0131\u011f\u0131m\u0131z, hep &#8220;unutarak&#8221; ve &#8220;korkarak&#8221; ya\u015fad\u0131\u011f\u0131m\u0131z her saniye, bir g\u00fcn bizim de &#8220;rezilliklere&#8221; kar\u0131\u015fmayaca\u011f\u0131m\u0131z\u0131n garantisi de\u011fildir. Ben bu konuda size \u00f6yle \u00f6rnekler yazaca\u011f\u0131m ki bu hafta, bakal\u0131m neler hissedeceksiniz? \u015eu an en pop\u00fcler yaz\u0131 konusu &#8220;\u00e7ocuk pornosu&#8221; olmas\u0131na ra\u011fmen ben size ba\u015f\u0131mdan ge\u00e7en bir olay\u0131 anlatay\u0131m. \r<br>2002 sonlar\u0131nda bir g\u00fcn evimdeki bilgisayar bozuldu. O zaman yazd\u0131\u011f\u0131m gazeteye de yaz\u0131m\u0131 yeti\u015ftirmem gerekiyordu. Ben de \u00e7aresiz yak\u0131nlardaki &#8220;internet evine&#8221; gittim. Bir bilgisayara oturdum. Yan\u0131mdaki makinenin ba\u015f\u0131na, okul giysili ve ya\u015f\u0131 en \u00e7ok 15 ya\u015f\u0131nda bir erkek \u00f6\u011frenci geldi, oturdu. Yaz\u0131m\u0131 yazarken, istemeden bu \u00f6\u011frencinin ne yapt\u0131\u011f\u0131na tak\u0131ld\u0131 g\u00f6z\u00fcm. \u00c7ok bilinen bir internet sitesine girmi\u015fti. \u0130\u00e7imden &#8220;bravo yani, b\u00fct\u00fcn \u00e7ocuklar sava\u015f oyunlar\u0131 oynarken bu \u00f6\u011frenci e-postas\u0131na bak\u0131yor&#8221; diye ge\u00e7irdim. \u015eimdi s\u0131k\u0131 durun millet. Allah bana bir daha b\u00f6yle bir an ya\u015fatmas\u0131n. Bu \u00f6\u011frenci, o \u00e7ok bilinen sitenin &#8220;chat&#8221; linkinden sohbet odalar\u0131na girdi. Ard\u0131ndan da bilgisayar ekran\u0131nda bir resim \u00e7\u0131kt\u0131. Bu resim iki erke\u011fin cinsel iliksinin resmiydi. Ne yapaca\u011f\u0131m\u0131 \u015fa\u015f\u0131rd\u0131\u011f\u0131m gibi yaz\u0131y\u0131 bitirmek i\u00e7in de t\u00fcm konsantrasyonumu yitirdim. \r<br>Bug\u00fcn en masum internet sitelerinin &#8220;chat&#8221; odalar\u0131nda neler oldu\u011funu bilmiyorsunuz. Bununla u\u011fra\u015fmak i\u00e7in ulusal bir \u00e7al\u0131\u015fmay\u0131 da duymad\u0131m. Ancak bu kentte ya\u015f\u0131 15 &#8211; 17 olup, her t\u00fcrl\u00fc sap\u0131k ili\u015fkilere kendini kapt\u0131racak \u00e7ocuklar\u0131m\u0131z var. \u00c7\u00fcnk\u00fc aile yap\u0131lar\u0131m\u0131z bozuldu. \u00c7\u00fcnk\u00fc okullarda e\u011fitim sadece dersane rantlar\u0131na havale edildi. \u00c7\u00fcnk\u00fc medya &#8220;ahlak&#8221; kavram\u0131n\u0131n \u00fczerinde durmay\u0131 &#8220;yobazl\u0131k&#8221; olarak g\u00f6r\u00fcyor. Ba\u015fta \u00f6zel okullar olmak \u00fczere, bu \u00fclkede &#8220;gen\u00e7lerin cinsel geli\u015fimleriyle&#8221; ilgili bir \u00e7al\u0131\u015fma yap\u0131lmad\u0131\u011f\u0131 gibi, ya\u015fanan rezillikler de sanki &#8220;resmen&#8221; saklan\u0131yor. K\u0131br\u0131s \u015eehitleri Caddesi&#8217;nde rastlad\u0131\u011f\u0131m eski bir arkada\u015f\u0131m\u0131n &#8220;yeni kimli\u011fini&#8221; kabullenemedi\u011fim gibi, belediye otob\u00fcslerinde hep duydu\u011fum yoz sohbetleri de kabullenemiyorum. Bug\u00fcn \u00e7ocuk ve gen\u00e7lerimizin ya\u015fad\u0131\u011f\u0131 her t\u00fcrl\u00fc bunal\u0131m\u0131n alt\u0131nda, T\u00fcrkiye&#8217;nin \u00f6zellikle e\u011fitim ve k\u00fclt\u00fcr sistemlerinin koku\u015fmu\u015flu\u011fu yat\u0131yor. Okullardaki &#8220;k\u00fclt\u00fcr&#8221; ad\u0131 alt\u0131nda yap\u0131lan &#8220;s\u00f6yle\u015filerin&#8221; \u00e7o\u011funda nelerin, ne kar\u015f\u0131l\u0131\u011f\u0131 yap\u0131ld\u0131\u011f\u0131 incelenmedi\u011fi gibi, ya\u015famlar\u0131n ancak &#8220;parayla&#8221; kurtulaca\u011f\u0131 iddialar\u0131n\u0131n derslerde i\u015flendi\u011fini de d\u00fc\u015f\u00fcn\u00fcrsek, &#8220;\u00e7ocuk pornosu&#8221; ve &#8220;k\u0131zl\u0131 erkekli cinsel kimliksizliklerin&#8221; ve i\u00e7i bo\u015f &#8220;\u00f6zg\u00fcrl\u00fck&#8221; bize daha i\u011fren\u00e7 olaylar\u0131 ya\u015fataca\u011f\u0131na da haz\u0131rl\u0131kl\u0131 olmam\u0131z gerekir. \r<br>Size bir \u00f6nerim var. Bunun denenip ba\u015far\u0131l\u0131 oldu\u011funa da inanman\u0131z\u0131 istiyorum. Ak\u015famlar\u0131 ailenizle yemek yerken televizyonu kapat\u0131n. Birbirinize bak\u0131n. \u00c7ocuklar\u0131n\u0131za, e\u015finize ya\u015fad\u0131klar\u0131 g\u00fcn\u00fc sorun. Aile i\u00e7inde iyide de k\u00f6t\u00fcde de &#8220;birliktelik&#8221; gerekti\u011fine inan\u0131n. Ve ne olursa olsun, hi\u00e7bir TV dizisinin ailenizden \u00f6nemli oldu\u011funa inanmay\u0131n!\r<br>\r<br><\u0130nciralt\u0131'na \"bir c\u00fcmle\" de benden!<\/b>\r<br>\r<br>Bu konuda kimin ne d\u00fc\u015f\u00fcnd\u00fc\u011f\u00fcn\u00fc anlamakta zorlan\u0131yorum. Ama d\u00fcnden bug\u00fcne, ba\u015fka yerler i\u00e7in yaygara koparmay\u0131p, \u0130nciralt\u0131 i\u00e7in yeri g\u00f6\u011f\u00fc inletenlerin &#8220;baz\u0131lar\u0131n\u0131n&#8221; o &#8220;rant\u00e7\u0131&#8221; kafalar\u0131ndaki rezilliklerin neye mal olaca\u011f\u0131n\u0131 tahmin edebiliyorum. \r<br>\u00d6rne\u011fin Bal\u00e7ova Belediyesi. A\u00e7\u0131k\u00e7a s\u00f6ylemeliyim ki Bal\u00e7ova Belediyesi&#8217;nde ilk kez bu kadar a\u00e7\u0131k konu\u015fuluyor \u0130nciralt\u0131! B\u00fcy\u00fck\u015fehir&#8217;de ise ne gariptir ki, \u0130nciralt\u0131 sakinlerini &#8220;d\u00fcn&#8221; ciddiye almayanlar, &#8220;plan&#8221; yap\u0131p &#8220;saklayanlar&#8221; bug\u00fcn &#8220;forum&#8221; \u00f6ncesinde, t\u0131pk\u0131 &#8220;arsa ma\u011fdurlar\u0131&#8221; gibi &#8220;fikir de\u011fi\u015ftirdiler&#8221;!\r<br>Daha adayl\u0131\u011f\u0131 bile ortada yokken, Sevgili dostum \u00c7alkaya ile oteldeki odas\u0131nda konu\u015furduk bazen. Ben onun kafas\u0131ndaki \u0130nciralt\u0131&#8217;n\u0131 biliyorum ancak &#8220;dost sohbetlerini&#8221; k\u00f6\u015femde yazacak kadar \u015fa\u015f\u0131rmad\u0131m hen\u00fcz. Bug\u00fcn\u00fcn Bal\u00e7ova Belediye Ba\u015fkan\u0131 Mehmet Ali \u00c7alkaya&#8217;n\u0131n, &#8220;forumda&#8221; yapaca\u011f\u0131 konu\u015fmay\u0131 sab\u0131rs\u0131zl\u0131kla bekliyorum. Ama \u015funu s\u00f6ylemeliyim ki, \u0130nciralt\u0131&#8217;nda ne yap\u0131lacaksa yap\u0131ls\u0131n iki \u00f6nemli konu var. Birincisi oran\u0131n insanlar\u0131, rantiyecilerin elinden kurtulsun, arazileri \u00fc\u00e7 kuru\u015fa ya\u011fmalanmas\u0131n. \u0130kincisi ise \u0130nciralt\u0131 bir avu\u00e7 para babas\u0131n\u0131n villalar\u0131n\u0131n dolaca\u011f\u0131 yer olmas\u0131n. \u0130nciralt\u0131 \u0130zmir&#8217;e de, kendi insanlar\u0131na da &#8220;mutluluk&#8221; ve huzur getirsin. \u0130stanbul veya ecnebilerin &#8220;at oynataca\u011f\u0131&#8221; alan olmas\u0131n!\r<br>Forumu &#8220;\u00e7ok yararl\u0131&#8221; g\u00f6rmemekle birlikte, orada &#8220;herkesin&#8221; konu\u015faca\u011f\u0131n\u0131 d\u00fc\u015f\u00fcnmek istiyorum. Ancak iki ki\u015finin konu\u015fmas\u0131n\u0131 da \u00e7ok \u00f6nemsiyorum, zira &#8220;m\u00fch\u00fcr&#8221; \u00fc\u00e7 be\u015f para babas\u0131n\u0131n m\u0131 yoksa onlar\u0131n m\u0131 elinde onu g\u00f6rece\u011fiz. \u0130zmir B\u00fcy\u00fck\u015fehir Belediye Ba\u015fkan\u0131 Aziz Kocao\u011flu ile Bal\u00e7ova Belediye Ba\u015fkan\u0131 Mehmet Ali \u00c7alkaya&#8217;n\u0131n &#8220;m\u00fch\u00fcr\u00fcn hakk\u0131n\u0131&#8221; ayr\u0131ms\u0131z t\u00fcm halk yarar\u0131na &#8220;basaca\u011f\u0131na&#8221; inan\u0131yorum!\r<br>\r<br><b>B\u00fcy\u00fck\u015fehir&#8217;e ihbar\u0131md\u0131r!<\/b>\r<br>\r<br>Bornova&#8217;da \u015fu &#8220;kat\u0131 at\u0131k toplama&#8221; projesi aslanlar gibi \u00e7\u00f6kt\u00fc! Bunu duymad\u0131m aynen ya\u015f\u0131yorum. At\u0131k toplama i\u015fini \u00fcstlenen \u015firketler, \u00e7al\u0131\u015fanlar\u0131na insan gibi davranmad\u0131klar\u0131 i\u00e7in, konutlar yak\u0131nda birer &#8220;\u00e7\u00f6p eve&#8221; d\u00f6n\u00fc\u015fecek. Konuyu abartm\u0131yorum. \u0130nanmayan varsa buyursun gelsin, kendi g\u00f6z\u00fcyle g\u00f6rs\u00fcn! \r<br>\r<br><b>\u00c7alkaya s\u00f6z\u00fcn\u00fc tuttu!<\/b>\r<br>\r<br>2005&#8217;de ya\u015fad\u0131\u011f\u0131m\u0131z deprem korkusundan sonra \u0130zmir&#8217;deki okullar\u0131n baz\u0131lar\u0131n\u0131n &#8220;\u00e7\u00fcr\u00fck&#8221; oldu ger\u00e7e\u011fini konu\u015fmaya ba\u015flam\u0131\u015ft\u0131k. Benim &#8220;Sabah Resimleri&#8221; program\u0131 da devam ediyordu. Nas\u0131l unutabilirim mi resmi ve resmi olmayan &#8220;kans\u0131zlara&#8221; ba\u011f\u0131rd\u0131\u011f\u0131m g\u00fcnleri? Okulu &#8220;\u00e7\u00fcr\u00fck&#8221; yapacaks\u0131n sonra da &#8220;\u00e7\u00fcr\u00fck&#8221; oldu\u011funu bile bile belki kabul edeceksin. Olur mu bu kadar vicdans\u0131zl\u0131k diye! O ba\u011f\u0131rd\u0131\u011f\u0131m g\u00fcnlerde Bal\u00e7ova Belediye Ba\u015fkan\u0131 M.Ali \u00c7alkaya ba\u011flanm\u0131\u015ft\u0131 yay\u0131n\u0131ma. Bal\u00e7ova Belediyesi olarak, Bal\u00e7ova&#8217;daki &#8220;\u00e7\u00fcr\u00fck&#8221; Vali Kutlu Akta\u015f \u0130.\u00d6.O.&#8217;nu kendi kaynaklar\u0131yla &#8220;g\u00fc\u00e7lendireceklerini&#8221; a\u00e7\u0131klama\u0131\u015ft\u0131. \u0130zmir&#8217;deki il\u00e7e belediyelerinin, B\u00fcy\u00fck\u015fehir belediyesinin e\u011fitime ve okullara yard\u0131mlar\u0131yla sadece \u0130zmirli yurtta\u015f olarak hep gurur duydum. Bas\u0131ndan \u00f6\u011frendim ki Bal\u00e7ova Belediyesi&#8217;nin yeniledi\u011fi okul t\u00f6renle yeniden e\u011fitime hizmet vermeye ba\u015flam\u0131\u015f. Ke\u015fke haberim olsayd\u0131 da ben de gitseydim. \u00c7\u00fcnk\u00fc o okulun belediye taraf\u0131ndan g\u00fc\u00e7lendirilece\u011fi haberini, Ba\u015fkan \u00c7alkaya&#8217;n\u0131n a\u011fz\u0131ndan ilk ben duyurmu\u015ftum \u0130zmir&#8217;e. Bal\u00e7ova&#8217;n\u0131n \u00e7ocuklara, gen\u00e7lere ve kad\u0131nlara verdi\u011fi \u00f6zel \u00f6nemi hep duyuyorum. Ve s\u00f6z\u00fcn\u00fc tuttu\u011fu i\u00e7in Ba\u015fkan \u00c7alkaya ve Bal\u00e7ova Belediyesi&#8217;ni kutluyorum. Bu arada Bal\u00e7ova&#8217;n\u0131n &#8220;g\u00f6revi de\u011fi\u015ftirilen&#8221; Milli e\u011fitim M\u00fcd\u00fcr\u00fc Hasan Ali \u00c7elik&#8217;in de mahkeme karar\u0131yla geri d\u00f6nece\u011fini duydum. \u00c7elik yeniden d\u00f6nerse ben de Bal\u00e7ova&#8217;daki AKP&#8217;lilere bir soru soraca\u011f\u0131m. Yan\u0131t\u0131n\u0131 da say\u0131n N\u00fckhet Hotar G\u00f6ksel han\u0131mefendiden yan\u0131t bekleyece\u011fim!\r<br>\r<br><b>Kald\u0131r\u0131mlar kime ait?<\/b>\r<br>\r<br>Konak Belediye Ba\u015fkan\u0131 Tun\u00e7a\u011f Mardin&#8217;den d\u00f6ns\u00fcn, soraca\u011f\u0131m. Ge\u00e7en g\u00fcn dikkatimi bir lokanta \u00e7ekti. Adamlar kald\u0131r\u0131m\u0131 resmen kapatm\u0131\u015f. Demirler koymu\u015f. Esnaf Birli\u011fi&#8217;nin alt\u0131nda bir yer. Yolun ortas\u0131ndan y\u00fcr\u00fcmeyece\u011fimize g\u00f6re, her &#8220;normal insan&#8221; gibi ben de kald\u0131r\u0131mdan y\u00fcr\u00fcmek istedim. Ama ne m\u00fcmk\u00fcn? Lokantan\u0131n adamlar\u0131, &#8220;kald\u0131r\u0131mlar\u0131n\u0131&#8221; y\u0131kad\u0131klar\u0131 i\u00e7in bana ters ters bakt\u0131lar. Sanki evlerinin salonlar\u0131na \u00e7amurlu ayakkab\u0131larla girmi\u015fim gibi hissettim kendimi. Acaba Konak Belediyesi &#8220;y\u00f6ntem&#8221; de\u011fi\u015fikli\u011fi mi yapt\u0131 da duymad\u0131k. E\u011fer \u00f6yleyse, ben de &#8220;kald\u0131r\u0131m&#8221; kulland\u0131\u011f\u0131 i\u00e7in cezaland\u0131r\u0131lan &#8220;esnaf&#8221; listesi yay\u0131nlayaca\u011f\u0131m!<h3>Related Images:<\/h3>","protected":false},"excerpt":{"rendered":"<div class=\"mh-excerpt\"><p>Bu &#8220;medya&#8221; denen canavar\u0131n &#8220;yok olmas\u0131&#8221;, yeniden &#8220;bas\u0131n&#8221; olu\u015fmas\u0131 i\u00e7in her zamankinden fazla istek duydum. Ba\u015fkalar\u0131 gibi, s\u00f6zde &#8220;b\u00fcy\u00fck&#8221; k\u00f6\u015fe yazarlar\u0131 gibi timsah g\u00f6zya\u015f\u0131 d\u00f6kmeyece\u011fim. <a class=\"mh-excerpt-more\" href=\"https:\/\/kentyasam.com.tr\/wp\/2006\/11\/07\/karaoglana-elveda-ya-yarin\/\" title=\"&#8220;Karao\u011flan&#8221;a elveda ya &#8220;yar\u0131n&#8221;?\">[&#8230;]<\/a><\/p>\n<\/div>","protected":false},"author":1,"featured_media":0,"comment_status":"open","ping_status":"open","sticky":false,"template":"","format":"standard","meta":{"ngg_post_thumbnail":0,"footnotes":""},"categories":[30],"tags":[],"_links":{"self":[{"href":"https:\/\/kentyasam.com.tr\/wp\/wp-json\/wp\/v2\/posts\/62095"}],"collection":[{"href":"https:\/\/kentyasam.com.tr\/wp\/wp-json\/wp\/v2\/posts"}],"about":[{"href":"https:\/\/kentyasam.com.tr\/wp\/wp-json\/wp\/v2\/types\/post"}],"author":[{"embeddable":true,"href":"https:\/\/kentyasam.com.tr\/wp\/wp-json\/wp\/v2\/users\/1"}],"replies":[{"embeddable":true,"href":"https:\/\/kentyasam.com.tr\/wp\/wp-json\/wp\/v2\/comments?post=62095"}],"version-history":[{"count":0,"href":"https:\/\/kentyasam.com.tr\/wp\/wp-json\/wp\/v2\/posts\/62095\/revisions"}],"wp:attachment":[{"href":"https:\/\/kentyasam.com.tr\/wp\/wp-json\/wp\/v2\/media?parent=62095"}],"wp:term":[{"taxonomy":"category","embeddable":true,"href":"https:\/\/kentyasam.com.tr\/wp\/wp-json\/wp\/v2\/categories?post=62095"},{"taxonomy":"post_tag","embeddable":true,"href":"https:\/\/kentyasam.com.tr\/wp\/wp-json\/wp\/v2\/tags?post=62095"}],"curies":[{"name":"wp","href":"https:\/\/api.w.org\/{rel}","templated":true}]}}