{"id":62080,"date":"2006-10-30T00:00:00","date_gmt":"2006-10-30T00:00:00","guid":{"rendered":"http:\/\/kentyasam.com.tr\/wp\/?p=62080"},"modified":"2006-10-30T00:00:00","modified_gmt":"2006-10-30T00:00:00","slug":"dort-yilda-halkin-derdi-dag-gibi-oldu","status":"publish","type":"post","link":"https:\/\/kentyasam.com.tr\/wp\/2006\/10\/30\/dort-yilda-halkin-derdi-dag-gibi-oldu\/","title":{"rendered":"D\u00f6rt y\u0131lda, halk\u0131n derdi da\u011f gibi oldu"},"content":{"rendered":"\u00d6n\u00fcm\u00fczdeki ay AKP h\u00fck\u00fcmeti 4 y\u0131l\u0131n\u0131 bitirmi\u015f olacak.\r<br>\u00c7\u00fcnk\u00fc&#8230;\r<br>3 Kas\u0131m 2002 se\u00e7imlerinin ard\u0131ndan tam d\u00f6rt y\u0131l ge\u00e7ti.\r<br>Ge\u00e7en d\u00f6rt y\u0131lda yap\u0131lanlar da, yap\u0131lmayanlar da ortada.\r<br>\u0130\u015f\u00e7inin, \u00e7ift\u00e7inin, memurun, emeklinin, esnaf\u0131n, sanayicinin durumu ortada.\r<br>Halinden \u015fikayet\u00e7i olmayan kesim yok denecek kadar az&#8230;\r<br>Hemen hemen herkes \u015fikayet\u00e7i.\r<br>\u00d6zellikle de b\u00fcy\u00fck \u00f6nder Atat\u00fcrk&#8217;\u00fcn deyi\u015fiyle &#8220;Milletin efendisi k\u00f6yl\u00fc&#8221;, \u00fcretici \u00e7ok zor durumda.\r<br>\u00dcr\u00fcn\u00fc para etmiyor.. \r<br>E\u011fer \u00fcreticinin g\u00fcc\u00fc yetiyorsa hasad\u0131n\u0131 yap\u0131yor&#8230;\r<br>Ama&#8230;\r<br>\u00c7o\u011funluk \u00fcr\u00fcn\u00fcn\u00fc, al\u0131c\u0131 bulamad\u0131\u011f\u0131 i\u00e7in ya tarlada b\u0131rak\u0131yor ya da hayvanlara yem olarak veriyor.\r<br>Toplumun bel kemi\u011fi olan esnaf da inim inim inliyor. \r<br>Piyasada neredeyse yaprak k\u0131p\u0131rdam\u0131yor.\r<br>\u0130\u015fyerleri siftah yapmadan kapat\u0131l\u0131yor.\r<br>\u00c7ekler kar\u015f\u0131l\u0131ks\u0131z \u00e7\u0131k\u0131yor. \r<br>Senetler protesto oluyor.\r<br>Bayramda bile y\u00fcz\u00fc g\u00fclmeyen esnaf\u0131n \u00e7o\u011fu &#8220;Elim k\u0131r\u0131lsayd\u0131 da AKP&#8217;ye oy vermeseydim&#8221; diyor.\r<br>\u0130\u015f\u00e7iler, i\u015fverenin insaf\u0131na terkedilmi\u015f, sendikalar etkisizle\u015ftirilmi\u015f durumda&#8230;\r<br>Memur, y\u00fczde 3-5 oran\u0131ndaki zamlarla avutuluyor.\r<br>Son verilere g\u00f6re; yoksulluk s\u0131n\u0131r\u0131n\u0131n 934 YTL&#8217;yi a\u015ft\u0131\u011f\u0131, a\u00e7l\u0131k s\u0131n\u0131r\u0131n\u0131n ise 594 YTL&#8217;ye ula\u015ft\u0131\u011f\u0131 \u00fclkemizde, yat\u0131r\u0131mlar tamamen durmu\u015f durumda&#8230;\r<br>\u0130\u015fsizler ordusu \u00e7\u0131\u011f gibi b\u00fcy\u00fcyor.\r<br>Emeklilerin \u00e7ilesi bitmek t\u00fckenmek bilmiyor.\r<br>Semt pazarlar\u0131ndan gecenin karanl\u0131\u011f\u0131nda art\u0131k toplayanlar\u0131n say\u0131s\u0131 her ge\u00e7en g\u00fcn art\u0131yor.\r<br>\r<br>* * *\r<br>\r<br>HALKIN can ve mal g\u00fcvenli\u011fi yok.\r<br>Gasp, h\u0131rs\u0131zl\u0131k ve kapka\u00e7 olaylar\u0131n\u0131n bir t\u00fcrl\u00fc \u00f6n\u00fcne ge\u00e7ilemiyor.\r<br>\u0130nsanlar aras\u0131ndaki gelir da\u011f\u0131l\u0131m\u0131ndaki u\u00e7urum her ge\u00e7en g\u00fcn art\u0131yor.\r<br>Yoksul giderek yoksulla\u015f\u0131yor. \r<br>Zengin de elindekini, avucundakini t\u00fcketiyor. \r<br>Ve g\u00fcvenli, huzurlu bir ortamda ya\u015famak istiyor.\r<br>\r<br>* * *\r<br>\r<br>Sa\u011fl\u0131kta reform olarak g\u00f6sterilen SSK&#8217;l\u0131lar\u0131n di\u011fer sa\u011fl\u0131k kurumlar\u0131ndan yararland\u0131rma uygulamas\u0131 fos \u00e7\u0131kt\u0131.\r<br>\u00c7\u00fcnk\u00fc&#8230;\r<br>Katk\u0131 pay\u0131 \u00f6demeyen tedavi olam\u0131yor.\r<br>Vatanda\u015fa &#8220;Paran yoksa \u00f6l&#8221; deniliyor.\r<br>Hani nerede kald\u0131 Anayasa&#8217;da yazan sosyal devlet ilkesi&#8230;\r<br>\r<br>* * *\r<br>\r<br>ULUSAL de\u011ferler, tek tek elden \u00e7\u0131kar\u0131l\u0131yor. \r<br>Yerli \u015firketler gibi vatan topraklar\u0131 da adeta pe\u015fke\u015f \u00e7ekiliyor.\r<br>B\u00f6l\u00fcc\u00fc ter\u00f6r \u00f6rg\u00fct\u00fc kan d\u00f6kmeye devam ediyor.\r<br>83&#8217;\u00fcnc\u00fc y\u0131ld\u00f6n\u00fcm\u00fcn\u00fc kutlad\u0131\u011f\u0131m\u0131z laik T\u00fcrkiye Cumhuriyet&#8217;e y\u00f6nelik sald\u0131r\u0131lar giderek art\u0131yor.\r<br>Ge\u00e7im derdine d\u00fc\u015fen &#8220;Millet, fakr\u00fc zaruret i\u00e7inde harap ve bitap durumda.&#8221; Atat\u00fcrk&#8217;\u00fcn gen\u00e7li\u011fe hitab\u0131nda s\u00f6yledi\u011fi gibi; &#8220;B\u00fct\u00fcn bu \u015feraitten daha elim ve daha vahim olmak \u00fczere, memleketin dahilinde, iktidara sahip olanlar gaflet ve dalalet ve hatta hiyanet i\u00e7inde bulunabilirler.&#8221;\r<br>\u0130\u00e7te ve d\u0131\u015ftaki d\u00fc\u015fmanlara, her t\u00fcrl\u00fc olumsuzluklara ra\u011fmen&#8230;\r<br>Bu \u00fclkede vatan\u0131 i\u00e7in g\u00f6z\u00fcn\u00fc k\u0131rpmadan can verecek, kan d\u00f6kecek binlerce, milyonlarca insan var.\r<br>\u0130\u015fte bu nedenledir ki; T\u00fcrk gen\u00e7li\u011fi, bu ahval ve \u015ferait i\u00e7inde dahi, g\u00f6revinin T\u00fcrk istiklal ve Cumhuriyet&#8217;ini kurtarmak i\u00e7in muhta\u00e7 oldu\u011fu kudretin damarlar\u0131ndaki asil kanda mevcut bulundu\u011funu \u00e7ok iyi biliyor.\r<br>Halk, a\u00e7 kalmamak, yoksulla\u015fmamak, i\u015fsiz kalmamak i\u00e7in ilk se\u00e7imde oyunu daha bilin\u00e7li kullanacakt\u0131r.\r<br>Kendisine a\u00e7l\u0131\u011f\u0131, yoksullu\u011fu ve i\u015fsizli\u011fi reva g\u00f6renlere gereken yan\u0131t\u0131 verecektir.\r<br>\r<br><b>Cumhuriyet&#8217;i y\u0131kmak isteyenlere ve s\u00f6zde Atat\u00fcrk\u00e7\u00fcler&#8217;e dikkat!<\/b>\r<br>\r<br>D\u00dcN T\u00fcrkiye Cumhuriyeti&#8217;nin kurulu\u015funun 83&#8217;\u00fcnc\u00fc y\u0131ld\u00f6n\u00fcm\u00fcn\u00fc co\u015fkuyla kutlad\u0131k.\r<br>B\u00fcy\u00fck \u00d6nder Atat\u00fcrk&#8217;\u00fcn bizlere emanet etti\u011fi Cumhuriyet&#8217;i y\u0131kmak isteyenlerin cirit att\u0131\u011f\u0131 bir ortamda Atat\u00fcrk&#8217;e ve onun ilkelerine daha s\u0131k\u0131 sar\u0131lmal\u0131y\u0131z, sahip \u00e7\u0131kmal\u0131y\u0131z.\r<br>Ancak&#8230;\r<br>Son g\u00fcnlerde s\u00f6zde baz\u0131 Atat\u00fcrk\u00e7\u00fcler bunun gere\u011fini yapm\u0131yor.\r<br>Bence Atat\u00fcrk ve Cumhuriyet i\u00e7in, b\u00f6l\u00fcc\u00fcler, yobazlar, kafatas\u00e7\u0131lardan \u00e7ok, Ata&#8217;y\u0131 siyasi \u00e7\u0131karlar\u0131na alet edenler daha tehlikelidir.\r<br>\u00c7\u00fcnk\u00fc&#8230;\r<br>B\u00f6l\u00fcc\u00fclerin, yobazlar\u0131n amac\u0131 belli&#8230;\r<br>Cumhuriyeti y\u0131kmak, Atat\u00fcrk devrim ve ilkelerine kar\u015f\u0131 \u00e7\u0131kmak. \r<br>Vatan topraklar\u0131 b\u00f6lmek ve par\u00e7alamak&#8230;\r<br>Oysa&#8230; As\u0131l tehlike Atat\u00fcrk\u00e7\u00fcy\u00fcm diye ge\u00e7inip, onu ve ilkelerini siyasi emellerine alet edenlerdir.\r<br>Nitekim Nadir Nadi, &#8220;Ben Atat\u00fcrk\u00e7\u00fc de\u011filim&#8221; kitab\u0131n\u0131 bo\u015funa yazmad\u0131.\r<br>S\u00f6z Atat\u00fcrk&#8217;ten a\u00e7\u0131lm\u0131\u015fken, Ata&#8217;n\u0131n ad\u0131n\u0131 dillerden d\u00fc\u015f\u00fcrmeyen b\u00fcy\u00fck bir partinin \u0130zmir \u00f6rg\u00fct\u00fcn\u00fcn bayramla\u015fmas\u0131 s\u0131ras\u0131nda ya\u015fanan rezaleti pek \u00e7o\u011funuz duymu\u015fsunuzdur. \r<br>Atat\u00fcrk&#8217;\u00fcn foto\u011fraf\u0131n\u0131 ayaklar\u0131n\u0131n dibine koyanlar, olay medyaya yans\u0131y\u0131nca kamuoyundan &#8220;\u00f6z\u00fcr&#8221; dilemeye kalkacaks\u0131n\u0131z.\r<br>\u00d6yle ya\u011fma yok!\r<br>E\u011fer bu rezaleti ba\u015fka bir parti yapsayd\u0131, bu s\u00f6zde Atat\u00fcrk\u00e7\u00fcler k\u0131yameti kopar\u0131rd\u0131.\r<br>Ama&#8230; Atat\u00fcrk&#8217;\u00fcn partisinin y\u00f6neticileri yap\u0131nca t\u0131k yok.\r<br>Milletvekili ve belediye ba\u015fkanlar\u0131n\u0131n da bulundu\u011fu 300&#8217;e yak\u0131n ki\u015finin kat\u0131ld\u0131\u011f\u0131 bu bayramla\u015fmada konu\u015fmalar\u0131n yap\u0131ld\u0131\u011f\u0131 k\u00fcrs\u00fcn\u00fcn dibine, \u00fcstelik ayaklar alt\u0131na konulan Atat\u00fcrk foto\u011fraf\u0131n\u0131, orada bulunan bir Allah&#8217;\u0131n kulu g\u00f6rmedi mi?\r<br>Partisine ve Atat\u00fcrk&#8217;e sayg\u0131s\u0131 olmayan bu il y\u00f6neticilerini \u0130zmirliler affeder mi bilmiyorum?\r<br>Ama&#8230; Ben, asla affetmeyece\u011fim.\r<br>Yaz\u0131klar olsun.<h3>Related Images:<\/h3>","protected":false},"excerpt":{"rendered":"<div class=\"mh-excerpt\"><p>\u00d6n\u00fcm\u00fczdeki ay AKP h\u00fck\u00fcmeti 4 y\u0131l\u0131n\u0131 bitirmi\u015f olacak. \u00c7\u00fcnk\u00fc&#8230; 3 Kas\u0131m 2002 se\u00e7imlerinin ard\u0131ndan tam d\u00f6rt y\u0131l ge\u00e7ti. Ge\u00e7en d\u00f6rt y\u0131lda yap\u0131lanlar da, yap\u0131lmayanlar da <a class=\"mh-excerpt-more\" href=\"https:\/\/kentyasam.com.tr\/wp\/2006\/10\/30\/dort-yilda-halkin-derdi-dag-gibi-oldu\/\" title=\"D\u00f6rt y\u0131lda, halk\u0131n derdi da\u011f gibi oldu\">[&#8230;]<\/a><\/p>\n<\/div>","protected":false},"author":1,"featured_media":0,"comment_status":"open","ping_status":"open","sticky":false,"template":"","format":"standard","meta":{"ngg_post_thumbnail":0,"footnotes":""},"categories":[70],"tags":[],"_links":{"self":[{"href":"https:\/\/kentyasam.com.tr\/wp\/wp-json\/wp\/v2\/posts\/62080"}],"collection":[{"href":"https:\/\/kentyasam.com.tr\/wp\/wp-json\/wp\/v2\/posts"}],"about":[{"href":"https:\/\/kentyasam.com.tr\/wp\/wp-json\/wp\/v2\/types\/post"}],"author":[{"embeddable":true,"href":"https:\/\/kentyasam.com.tr\/wp\/wp-json\/wp\/v2\/users\/1"}],"replies":[{"embeddable":true,"href":"https:\/\/kentyasam.com.tr\/wp\/wp-json\/wp\/v2\/comments?post=62080"}],"version-history":[{"count":0,"href":"https:\/\/kentyasam.com.tr\/wp\/wp-json\/wp\/v2\/posts\/62080\/revisions"}],"wp:attachment":[{"href":"https:\/\/kentyasam.com.tr\/wp\/wp-json\/wp\/v2\/media?parent=62080"}],"wp:term":[{"taxonomy":"category","embeddable":true,"href":"https:\/\/kentyasam.com.tr\/wp\/wp-json\/wp\/v2\/categories?post=62080"},{"taxonomy":"post_tag","embeddable":true,"href":"https:\/\/kentyasam.com.tr\/wp\/wp-json\/wp\/v2\/tags?post=62080"}],"curies":[{"name":"wp","href":"https:\/\/api.w.org\/{rel}","templated":true}]}}