{"id":61674,"date":"2006-01-08T00:00:00","date_gmt":"2006-01-08T00:00:00","guid":{"rendered":"http:\/\/kentyasam.com.tr\/wp\/?p=61674"},"modified":"2006-01-08T00:00:00","modified_gmt":"2006-01-08T00:00:00","slug":"actirdiniz-yine-bayramlik-agzimi","status":"publish","type":"post","link":"https:\/\/kentyasam.com.tr\/wp\/2006\/01\/08\/actirdiniz-yine-bayramlik-agzimi\/","title":{"rendered":"A\u00e7t\u0131rd\u0131n\u0131z yine bayraml\u0131k a\u011fz\u0131m\u0131!"},"content":{"rendered":"M\u00fcbarek Kurban Bayram\u0131&#8217;n\u0131 ailenizle, b\u00fcy\u00fcklerinizin elini \u00f6perek ge\u00e7irme sayg\u0131nl\u0131\u011f\u0131n\u0131 g\u00f6sterece\u011finiz bir tatil haftas\u0131 dileklerimle, Merhaba&#8230; Bayram g\u00fcnleri, payla\u015fma ve \u00fcle\u015ftirme zamanlar\u0131; damak tad\u0131 ve sa\u011flam ki\u015filiklerin turnusol ka\u011f\u0131d\u0131 gibidir. E\u011fer, bayram \u00f6ncesinden b\u00fcy\u00fcklerin elini \u00f6p\u00fcp de &#8220;paket tatilleri&#8221; ya\u015famak i\u00e7in p\u0131l\u0131n\u0131 p\u0131rt\u0131n\u0131 toplayanlardansan\u0131z, size verilecek her \u015feker zehir olsun derim! Ama inatla, t\u00fcketim toplumumun dayatt\u0131\u011f\u0131 reklam ve g\u00fcndem bask\u0131s\u0131na ra\u011fmen sevdiklerinizin yan\u0131n\u0131zdaysan\u0131z, yedi\u011finiz her \u015feker hayat\u0131n\u0131z s\u00fcresince damak tad\u0131n\u0131z olsun. \r<br>***\r<br>Baz\u0131 il\u00e7elerde, ki\u015fisel bayramlar ya\u015fan\u0131yor ka\u00e7 zamand\u0131r. Mesela Bal\u00e7ova Belediyesi, Bornova Belediyesi&#8217;nden gelen makam arac\u0131n\u0131n sevincini ya\u015f\u0131yor. Bal\u00e7ova Belediye Ba\u015fkan\u0131 Mehmet Ali \u00c7alkaya&#8217;n\u0131n, bir ba\u015fka belediyedeki at\u0131l durumdaki makam arac\u0131n\u0131 yepyeni bir araca tercih etmesi takdir edilmesi gereken bir tutumdur. \u0130steseydi, birilerini ba\u015fkanl\u0131k forsuna dayanarak zengin edebilirdi. Ben Bornova Belediye Ba\u015fkan\u0131 S\u0131rr\u0131 Aydo\u011fan&#8217;\u0131 ele\u015ftiren AKP tayfas\u0131n\u0131 anlam\u0131yorum; &#8220;Paran varsa yat\u0131r\u0131m yap&#8221; diyor. Sanki T\u00fcrkiye&#8217;ye h\u00fckmeden kendi genel ba\u015fkanlar\u0131 de\u011fil! \u0130zmir&#8217;e daha fazla yat\u0131r\u0131m i\u00e7in \u00e7al\u0131\u015facaklar\u0131na, bo\u015f konu\u015fup duruyorlar. Karde\u015fim adam bayram \u00fcst\u00fc, f\u0131st\u0131k gibi bir makam arac\u0131n\u0131 karde\u015f belediye ile payla\u015f\u0131yor. Bu &#8220;bayram mant\u0131\u011f\u0131&#8221;n\u0131n gerektirdi\u011fi bir davran\u0131\u015ft\u0131r, sevapt\u0131r; neden kar\u015f\u0131 \u00e7\u0131kars\u0131n\u0131z?\r<br>***\r<br>Bir de pop\u00fcler il\u00e7e haline gelen G\u00fczelbah\u00e7e&#8217;de, baz\u0131 bas\u0131n toplant\u0131lar\u0131nda soyad\u0131 yanl\u0131\u015fl\u0131kla da olsa &#8220;Evk\u0131ran&#8221; olarak telaffuz edilen belediye ba\u015fkan\u0131ndan s\u00f6z edelim. Her gazetenin sayfalar\u0131nda onu g\u00f6r\u00fcyorum bu g\u00fcnlerde, arkada bir yeri g\u00f6sterip duruyor. Ya da &#8220;\u015eerefsizim&#8221; diyerek s\u00f6ze ba\u015flad\u0131\u011f\u0131, &#8220;E\u011fitim i\u00e7in olmasa bu kadar ucuza vermezdim&#8221; a\u00e7\u0131klamas\u0131n\u0131 yapt\u0131\u011f\u0131 bir ba\u015fka bas\u0131n toplant\u0131s\u0131n\u0131n haberini okuyorum. Bal\u00e7ova&#8217;da &#8220;yaral\u0131 parma\u011fa bile tenezz\u00fcl edip bakmayan&#8221; bir \u00fcniversitenin kampusu, il\u00e7esinde kuruluyor diye bayram yap\u0131yor. Aman &#8220;G\u00fczelbah\u00e7e&#8217;ye bu yat\u0131r\u0131mlar \u00e7ok \u015fey katacak&#8221; falan filan diyor. Benim de babamdan eski parayla bilmem ka\u00e7 trilyonluk arsa miras kalsa; ben de onu &#8220;ucuz ucuz&#8221; diyerek b\u00f6yle bir \u00fcniversiteye satsam ve 8 karde\u015f olarak pay\u0131ma en az &#8220;\u00fc\u00e7 \u00e7eyreklik trilyon&#8221; d\u00fc\u015fse ben de bayram yapar\u0131m. Son g\u00fcnlerde g\u00fcndeme geldi\u011fin konular\u0131n binde biri G\u00fczelbah\u00e7e halk\u0131na yar\u0131yor mu say\u0131n &#8220;Evk\u0131ran&#8221;, sen ondan s\u00f6z et. Mah\u015ferde yaz\u0131c\u0131 &#8220;melek&#8221;lerin in\u015fallah sevap hanesini doldurur da, hi\u00e7 olmazsa bundan sonra sosyal demokratl\u0131\u011fa yak\u0131\u015f\u0131r ve G\u00fczelbah\u00e7e halk\u0131n\u0131 \u00f6ncelikle d\u00fc\u015f\u00fcnen, \u00f6nemlisi &#8220;sana \u00f6zg\u00fc i\u015fler&#8221;le G\u00fczelbah\u00e7e halk\u0131n\u0131n hay\u0131r duas\u0131n\u0131 al\u0131rs\u0131n. \u00d6yle \u0130zmir&#8217;in \u00f6nde gelen iki \u00fc\u00e7 kurumunun isimlerinin arkas\u0131na saklanmak yok. Sen de biliyorsun CHP&#8217;li yani &#8220;alt\u0131 ok\u00e7u&#8221; olman\u0131n ne gerektirdi\u011fini! \u00d6yle &#8220;Ona imza att\u0131m, bunun alt\u0131nda da imzam var&#8221; demekle olmuyor bu i\u015fler. \r<br>***\r<br>Gaziemir Belediyesi&#8217;nin AKP&#8217;li ve CHP&#8217;li meclis \u00fcyeleri, ba\u015fkan Adnan Y\u00fcksel&#8217;le birlikte 22-29 Ocak tarihlerinde Venez\u00fcella&#8217;daki 6. D\u00fcnya Yerel Y\u00f6netim Forumu&#8217;na kat\u0131lacaklarm\u0131\u015f. Oradan K\u00fcba&#8217;ya ge\u00e7eceklermi\u015f. Gidince, ABD&#8217;ye tek ba\u015f\u0131na kafa tutan Hugo Chavez&#8217;i iyi incelesinler, benden tavsiye onlara. \u00d6yle &#8220;Hatay&#8217;da \u00fcs a\u00e7al\u0131m&#8221;, &#8220;\u0130ran&#8217;\u0131 siz de tehdit g\u00f6r\u00fcn&#8221; diyen CIA ve FBI ba\u015fkanlar\u0131n\u0131 g\u00f6rse, sunturlu k\u00fcf\u00fcrlerle kovalayacak bir devlet ba\u015fkan\u0131 Chavez. \u00d6zellikle Yusuf Kenan \u00c7akar, Chavez&#8217;in &#8220;Kendi halk\u0131na de\u011fil George Bush&#8217;a Kas\u0131mpa\u015fal\u0131&#8221; tav\u0131rlar\u0131n\u0131 liderlerine rapor etmeli bana g\u00f6re. \r<br>Yine Gaziemirli 5 ayr\u0131 belediye meclis \u00fcyesi de, Mahalli \u0130dareler Derne\u011fi ba\u015fkanl\u0131\u011f\u0131n\u0131n Avusturya ve Almanya&#8217;ya ger\u00e7ekle\u015ftirece\u011fi &#8220;altyap\u0131 yat\u0131r\u0131mlar\u0131&#8221; konulu gezisine gideceklermi\u015f. Ne o kanalizasyon kanallar\u0131n\u0131 m\u0131 gezeceksiniz ta oralarda, say\u0131n meclis \u00fcyeleri. K\u0131sacas\u0131, Gaziemir&#8217;de belediye&#8217;de ocak ay\u0131 &#8220;bo\u015f&#8221; ge\u00e7ilecek, Kurban Bayram\u0131 tatilini de katarsan\u0131z; neredeyse t\u00fcm ay tatil. O ne ala. Peki Gaziemir&#8217;i y\u00f6netmek i\u00e7in &#8220;Gazi Pa\u015fa&#8221;y\u0131 m\u0131 kald\u0131ral\u0131m ebedi istirahatgah\u0131ndan. \r<br>\u0130\u015fte baz\u0131 il\u00e7elerde bayram \u00f6ncesi vaziyetler. Hepinize iyi bayramlar, payla\u015fma dolu bir hafta diliyorum.<h3>Related Images:<\/h3>","protected":false},"excerpt":{"rendered":"<div class=\"mh-excerpt\"><p>M\u00fcbarek Kurban Bayram\u0131&#8217;n\u0131 ailenizle, b\u00fcy\u00fcklerinizin elini \u00f6perek ge\u00e7irme sayg\u0131nl\u0131\u011f\u0131n\u0131 g\u00f6sterece\u011finiz bir tatil haftas\u0131 dileklerimle, Merhaba&#8230; Bayram g\u00fcnleri, payla\u015fma ve \u00fcle\u015ftirme zamanlar\u0131; damak tad\u0131 ve sa\u011flam <a class=\"mh-excerpt-more\" href=\"https:\/\/kentyasam.com.tr\/wp\/2006\/01\/08\/actirdiniz-yine-bayramlik-agzimi\/\" title=\"A\u00e7t\u0131rd\u0131n\u0131z yine bayraml\u0131k a\u011fz\u0131m\u0131!\">[&#8230;]<\/a><\/p>\n<\/div>","protected":false},"author":1,"featured_media":0,"comment_status":"open","ping_status":"open","sticky":false,"template":"","format":"standard","meta":{"ngg_post_thumbnail":0,"footnotes":""},"categories":[67],"tags":[],"_links":{"self":[{"href":"https:\/\/kentyasam.com.tr\/wp\/wp-json\/wp\/v2\/posts\/61674"}],"collection":[{"href":"https:\/\/kentyasam.com.tr\/wp\/wp-json\/wp\/v2\/posts"}],"about":[{"href":"https:\/\/kentyasam.com.tr\/wp\/wp-json\/wp\/v2\/types\/post"}],"author":[{"embeddable":true,"href":"https:\/\/kentyasam.com.tr\/wp\/wp-json\/wp\/v2\/users\/1"}],"replies":[{"embeddable":true,"href":"https:\/\/kentyasam.com.tr\/wp\/wp-json\/wp\/v2\/comments?post=61674"}],"version-history":[{"count":0,"href":"https:\/\/kentyasam.com.tr\/wp\/wp-json\/wp\/v2\/posts\/61674\/revisions"}],"wp:attachment":[{"href":"https:\/\/kentyasam.com.tr\/wp\/wp-json\/wp\/v2\/media?parent=61674"}],"wp:term":[{"taxonomy":"category","embeddable":true,"href":"https:\/\/kentyasam.com.tr\/wp\/wp-json\/wp\/v2\/categories?post=61674"},{"taxonomy":"post_tag","embeddable":true,"href":"https:\/\/kentyasam.com.tr\/wp\/wp-json\/wp\/v2\/tags?post=61674"}],"curies":[{"name":"wp","href":"https:\/\/api.w.org\/{rel}","templated":true}]}}