{"id":61582,"date":"2005-11-28T00:00:00","date_gmt":"2005-11-28T00:00:00","guid":{"rendered":"http:\/\/kentyasam.com.tr\/wp\/?p=61582"},"modified":"2005-11-28T00:00:00","modified_gmt":"2005-11-28T00:00:00","slug":"patronunuzu-seviyor-musunuz","status":"publish","type":"post","link":"https:\/\/kentyasam.com.tr\/wp\/2005\/11\/28\/patronunuzu-seviyor-musunuz\/","title":{"rendered":"Patronunuzu seviyor musunuz?"},"content":{"rendered":"Patronunuzu ya da ba\u011fl\u0131 bulundu\u011funuz y\u00f6neticinizi elbette sevmek sorunda de\u011filsiniz. Ama bilim adamlar\u0131 \u00fc\u015fenmemi\u015f, ara\u015ft\u0131rm\u0131\u015f, sadece i\u015fini de\u011fil, i\u015fyerini, y\u00f6neticisini seven \u00e7al\u0131\u015fanlar\u0131n daha verimli oldu\u011funu ortaya koymu\u015flar.\r<br>Sizi bilmem ama ben pek \u00e7ok i\u015fyerinden s\u0131rf bu y\u00fczden ayr\u0131ld\u0131m. \r<br>E\u011fer deprem sonras\u0131nda k\u00fc\u00e7\u00fck \u00e7ocu\u011funuz sizin durumunuzu de\u011fil de y\u00f6neticinizin ne yapt\u0131\u011f\u0131n\u0131 soruyorsa bir sorun var demektir. Ya da bir y\u00f6netici yanl\u0131\u015f giden her i\u015fin sorumlulu\u011funu \u00e7al\u0131\u015fanlar\u0131na y\u00fckl\u00fcyorsa, &#8220;i\u015fyerinde \u015fiddet&#8221;i sindirme, azarlama, hakaretin d\u0131\u015f\u0131na ta\u015f\u0131y\u0131p i\u015f\u00e7ilerine, g\u00fcvenlik elemanlar\u0131na hatta y\u00f6neticilerine yumruk atmaya, hortumla d\u00f6vmeye vard\u0131r\u0131yorsa, o y\u00f6neticiye sorumluluk veren, ondan \u015firketini, kurumunu daha ileriye g\u00f6t\u00fcrmesini isteyen patronun ne planlad\u0131\u011f\u0131 \u00f6nemlidir.\r<br>\r<br>\u0130nsan kaynaklar\u0131 uzmanlar\u0131, i\u015fyerinde \u015fiddet varsa \u00e7al\u0131\u015fanlara hemen tepki vermemelerini, onun yerine psikolog yard\u0131m\u0131 alarak sorunu nas\u0131l a\u015fabileceklerini bulmalar\u0131n\u0131 \u00f6neriyor. Neyse ki \u015fiddet uygulayan y\u00f6neticilerden baz\u0131lar\u0131 &#8220;birincil hedef kitlesi&#8221; i\u00e7in bile olsa i\u015fyerinde psikolog bulundurmay\u0131 ak\u0131l edebiliyor. Ama herhalde b\u00f6yle yerlerde \u00e7al\u0131\u015fan psikologlar\u0131n as\u0131l m\u00fc\u015fterisi \u00e7al\u0131\u015fanlar oluyordur!\r<br>\r<br>Patronunuzu sevmemenin tek nedeni \u015fiddet midir? De\u011fil elbet. \u0130nsani \u00f6zellikler, ya\u015fama bak\u0131\u015f a\u00e7\u0131s\u0131 da \u00f6nemlidir. \u0130nsanlar\u0131 en iyi tan\u0131ma yollar\u0131ndan biri de asker ve hastane arkada\u015fl\u0131\u011f\u0131ndan sonra ayn\u0131 i\u015fyerinde \u00e7al\u0131\u015fmakt\u0131r. Daha \u00f6nce hakk\u0131nda \u00e7ok g\u00fczel \u015feyler duydu\u011funuz, ideolojisinin kendi ideolojinizle \u00f6rt\u00fc\u015ft\u00fc\u011f\u00fcn\u00fc d\u00fc\u015f\u00fcnd\u00fc\u011f\u00fcn\u00fcz, hatta ilk g\u00f6r\u00fc\u015fmede &#8220;\u00c7al\u0131\u015f\u0131nca g\u00f6receksin, ben bilinen patronlar gibi de\u011filimdir&#8221; diyenlerin foyas\u0131 daha ilk ayda ortaya \u00e7\u0131k\u0131verir. B\u00fct\u00fcn bir ay \u00e7al\u0131\u015f\u0131p didinirsiniz, \u015fansl\u0131ysan\u0131z iyi &#8211; k\u00f6t\u00fc maa\u015f\u0131n\u0131z\u0131 al\u0131rs\u0131n\u0131z. Ya sosyal haklar\u0131n\u0131z? Fazla mesainizden ge\u00e7tim, SSK g\u00fcvenceniz var m\u0131d\u0131r? Varsa ald\u0131\u011f\u0131n\u0131z maa\u015fla SSK&#8217;ya \u00f6denen prim ayn\u0131 m\u0131d\u0131r?\r<br>\r<br>Peki ya \u00e7al\u0131\u015fan\u0131n\u0131 \u00e7ok seven patronlara ne demeli? \u00c7al\u0131\u015fan\u0131n\u0131 o kadar \u00e7ok seviyordur ki ba\u015fka bir \u015firketle anla\u015fmas\u0131n\u0131 anlay\u0131\u015fla kar\u015f\u0131layamaz. Hatta \u00e7al\u0131\u015fan\u0131n\u0131n gitmek istedi\u011fi kurulu\u015flar\u0131n etkili ki\u015filerine ula\u015f\u0131p, engel olmaya kalk\u0131\u015f\u0131r. Kimi patron ba\u015far\u0131l\u0131 olur, kimi \u00e7al\u0131\u015fan da iki i\u015fyerinden de buz gibi so\u011fur.\r<br>\r<br>Baz\u0131 i\u015fyerlerinde ise patron baz\u0131 \u00e7al\u0131\u015fanlar\u0131n\u0131 daha fazla sever! Onlar\u0131n \u00fcz\u00fclmelerini asla istemez. Hatta hakl\u0131 bile olsa, \u00e7ok sevdikleri \u00e7al\u0131\u015fanlar\u0131n\u0131 \u00fczen ki\u015fiyi \u00fczmek i\u00e7in ba\u015fka gerek\u00e7eler bulur; o da onu \u00fczer. Denge sa\u011flanm\u0131\u015ft\u0131r. Patron \u00e7ok sevdi\u011fi (!) \u00e7al\u0131\u015fan\u0131n\u0131n g\u00f6nl\u00fcn\u00fc alm\u0131\u015ft\u0131r. Daha az sevilen \u00e7al\u0131\u015fan ise ya bu dengeyi kabullenir ya da &#8220;bana m\u00fcsaade&#8221; der, istifa eder.\r<br>\r<br>Uzmanlar &#8220;i\u015fyerinde kalarak m\u00fccadele edin&#8221; deseler de baz\u0131 i\u015fkollar\u0131 i\u00e7in bence bu m\u00fcmk\u00fcn de\u011fildir. E\u011fer pazarlama, halkla ili\u015fkiler gibi o kurulu\u015fun daha \u00e7ok m\u00fc\u015fteriye ula\u015fmas\u0131n\u0131, kamuoyunu do\u011fru bilgilendirilmesi g\u00f6revini \u00fcstlenmi\u015f bir pozisyondaysan\u0131z, &#8220;Kimin i\u00e7in \u00e7al\u0131\u015f\u0131yorum, verdi\u011fim bilgi do\u011fru mu, m\u00fc\u015fteri dedi\u011fimiz insanlar bundan zarar g\u00f6rmeyecek mi?&#8221; gibi sorular\u0131 daha kolay sorars\u0131n\u0131z.\r<br>\r<br>Ve k\u0131sa s\u00fcrede bu \u00e7ark\u0131n i\u00e7inde yer almak, \u00e7ocu\u011funuza o d\u00fczenden ekmek yedirmek olanaks\u0131z hale geliverir. Sonucunda kimi \u00e7al\u0131\u015fan tek silah\u0131 olan istifa y\u00f6ntemini se\u00e7er ya da kriz ortam\u0131ndan kurtulamayan \u00fclke ekonomisi nedeniyle bu haks\u0131z uygulamalar\u0131 sineye \u00e7ekmek zorunda kal\u0131r.\r<br>\r<br>Ve ne yaz\u0131k ki pratikte s\u0131k\u00e7a ya\u015fanan bu t\u00fcr sorunlar \u00fcniversitelerde okutulmuyor. Gencecik insanlar hevesle ba\u015flad\u0131klar\u0131 i\u015fyerlerinde kendilerini mesleki olarak donatmak yerine \u00f6nce savunma mekanizmalar\u0131n\u0131 geli\u015ftirmek zorunda kal\u0131yorlar. \r<br>\r<br>Ne dersiniz; \u0130zmir&#8217;de b\u00f6yle kurulu\u015flar var m\u0131d\u0131r dersiniz?<h3>Related Images:<\/h3>","protected":false},"excerpt":{"rendered":"<div class=\"mh-excerpt\"><p>Patronunuzu ya da ba\u011fl\u0131 bulundu\u011funuz y\u00f6neticinizi elbette sevmek sorunda de\u011filsiniz. Ama bilim adamlar\u0131 \u00fc\u015fenmemi\u015f, ara\u015ft\u0131rm\u0131\u015f, sadece i\u015fini de\u011fil, i\u015fyerini, y\u00f6neticisini seven \u00e7al\u0131\u015fanlar\u0131n daha verimli oldu\u011funu <a class=\"mh-excerpt-more\" href=\"https:\/\/kentyasam.com.tr\/wp\/2005\/11\/28\/patronunuzu-seviyor-musunuz\/\" title=\"Patronunuzu seviyor musunuz?\">[&#8230;]<\/a><\/p>\n<\/div>","protected":false},"author":1,"featured_media":0,"comment_status":"open","ping_status":"open","sticky":false,"template":"","format":"standard","meta":{"ngg_post_thumbnail":0,"footnotes":""},"categories":[23],"tags":[],"_links":{"self":[{"href":"https:\/\/kentyasam.com.tr\/wp\/wp-json\/wp\/v2\/posts\/61582"}],"collection":[{"href":"https:\/\/kentyasam.com.tr\/wp\/wp-json\/wp\/v2\/posts"}],"about":[{"href":"https:\/\/kentyasam.com.tr\/wp\/wp-json\/wp\/v2\/types\/post"}],"author":[{"embeddable":true,"href":"https:\/\/kentyasam.com.tr\/wp\/wp-json\/wp\/v2\/users\/1"}],"replies":[{"embeddable":true,"href":"https:\/\/kentyasam.com.tr\/wp\/wp-json\/wp\/v2\/comments?post=61582"}],"version-history":[{"count":0,"href":"https:\/\/kentyasam.com.tr\/wp\/wp-json\/wp\/v2\/posts\/61582\/revisions"}],"wp:attachment":[{"href":"https:\/\/kentyasam.com.tr\/wp\/wp-json\/wp\/v2\/media?parent=61582"}],"wp:term":[{"taxonomy":"category","embeddable":true,"href":"https:\/\/kentyasam.com.tr\/wp\/wp-json\/wp\/v2\/categories?post=61582"},{"taxonomy":"post_tag","embeddable":true,"href":"https:\/\/kentyasam.com.tr\/wp\/wp-json\/wp\/v2\/tags?post=61582"}],"curies":[{"name":"wp","href":"https:\/\/api.w.org\/{rel}","templated":true}]}}