{"id":3374,"date":"2004-04-30T00:00:00","date_gmt":"2004-04-30T00:00:00","guid":{"rendered":"http:\/\/kentyasam.com.tr\/wp\/?p=3374"},"modified":"2004-04-30T00:00:00","modified_gmt":"2004-04-30T00:00:00","slug":"mev-izmir-ozel-okullarinda-mezuniyet-torenleri","status":"publish","type":"post","link":"https:\/\/kentyasam.com.tr\/wp\/2004\/05\/00\/mev-izmir-ozel-okullarinda-mezuniyet-torenleri\/","title":{"rendered":"MEV \u0130zmir \u00f6zel okullar\u0131nda mezuniyet t\u00f6renleri"},"content":{"rendered":"MEV \u00d6zel Avni Akyol Lisesi, MEV \u00d6zel \u0130zmir Fen Lisesi ve MEV \u00d6zel \u0130zmir \u0130lk\u00f6\u011fretim Okulu mezunu olacak 424 \u00f6\u011frenci t\u00f6renle keplerini giyecek. 26 May\u0131s 2004 \u00c7ar\u015famba g\u00fcn\u00fc ilkinin ger\u00e7ekle\u015ftirilece\u011fi kep t\u00f6reninde MEV \u00d6zel \u0130zmir Fen Lisesi&#8217;nin 115 son s\u0131n\u0131f \u00f6\u011frencisi mezuniyet heyecan\u0131n\u0131 \u00f6\u011fretmenleri ve ailesiyle payla\u015facak.132 \u00f6\u011frencinin mezun olaca\u011f\u0131 MEV \u00d6zel Avni Akyol Lisesi Kep T\u00f6reni 27 May\u0131s 2004 Per\u015fembe g\u00fcn\u00fc, 163 \u00f6\u011frenci kep giyece\u011fi MEV \u00d6zel \u0130zmir \u0130lk\u00f6\u011fretim Okulu kep t\u00f6reni 29 May\u0131s 2004 Cuma g\u00fcn\u00fc ger\u00e7ekle\u015fecek. 700 davetlinin yan\u0131 s\u0131ra G\u00fczelbah\u00e7e Kaymakam\u0131 Haluk Sayg\u0131, G\u00fczelbah\u00e7e Belediye Ba\u015fkan\u0131 Ertan Avk\u0131ran, G\u00fczelbah\u00e7e \u0130l\u00e7e Milli E\u011fitim M\u00fcd\u00fcr\u00fcn\u00fcn de kat\u0131laca\u011f\u0131 kep t\u00f6reni havai fi\u015fek g\u00f6sterisi ile son bulacak. <h3>Related Images:<\/h3>","protected":false},"excerpt":{"rendered":"<div class=\"mh-excerpt\"><p>MEV \u00d6zel Avni Akyol Lisesi, MEV \u00d6zel \u0130zmir Fen Lisesi ve MEV \u00d6zel \u0130zmir \u0130lk\u00f6\u011fretim Okulu mezunu olacak 424 \u00f6\u011frenci t\u00f6renle keplerini giyecek. 26 May\u0131s <a class=\"mh-excerpt-more\" href=\"https:\/\/kentyasam.com.tr\/wp\/2004\/05\/00\/mev-izmir-ozel-okullarinda-mezuniyet-torenleri\/\" title=\"MEV \u0130zmir \u00f6zel okullar\u0131nda mezuniyet t\u00f6renleri\">[&#8230;]<\/a><\/p>\n<\/div>","protected":false},"author":1,"featured_media":0,"comment_status":"open","ping_status":"open","sticky":false,"template":"","format":"standard","meta":{"ngg_post_thumbnail":0,"footnotes":""},"categories":[1],"tags":[],"_links":{"self":[{"href":"https:\/\/kentyasam.com.tr\/wp\/wp-json\/wp\/v2\/posts\/3374"}],"collection":[{"href":"https:\/\/kentyasam.com.tr\/wp\/wp-json\/wp\/v2\/posts"}],"about":[{"href":"https:\/\/kentyasam.com.tr\/wp\/wp-json\/wp\/v2\/types\/post"}],"author":[{"embeddable":true,"href":"https:\/\/kentyasam.com.tr\/wp\/wp-json\/wp\/v2\/users\/1"}],"replies":[{"embeddable":true,"href":"https:\/\/kentyasam.com.tr\/wp\/wp-json\/wp\/v2\/comments?post=3374"}],"version-history":[{"count":0,"href":"https:\/\/kentyasam.com.tr\/wp\/wp-json\/wp\/v2\/posts\/3374\/revisions"}],"wp:attachment":[{"href":"https:\/\/kentyasam.com.tr\/wp\/wp-json\/wp\/v2\/media?parent=3374"}],"wp:term":[{"taxonomy":"category","embeddable":true,"href":"https:\/\/kentyasam.com.tr\/wp\/wp-json\/wp\/v2\/categories?post=3374"},{"taxonomy":"post_tag","embeddable":true,"href":"https:\/\/kentyasam.com.tr\/wp\/wp-json\/wp\/v2\/tags?post=3374"}],"curies":[{"name":"wp","href":"https:\/\/api.w.org\/{rel}","templated":true}]}}