{"id":28022,"date":"2019-02-11T00:00:00","date_gmt":"2019-02-11T00:00:00","guid":{"rendered":"http:\/\/kentyasam.com.tr\/wp\/?p=28022"},"modified":"2019-02-11T00:00:00","modified_gmt":"2019-02-11T00:00:00","slug":"olivtech-fuarinda-geri-sayim-basladi","status":"publish","type":"post","link":"https:\/\/kentyasam.com.tr\/wp\/2019\/02\/11\/olivtech-fuarinda-geri-sayim-basladi\/","title":{"rendered":"Olivtech Fuar\u0131\u2019nda geri say\u0131m ba\u015flad\u0131"},"content":{"rendered":"\u0130zmir B\u00fcy\u00fck\u015fehir Belediyesi ev sahipli\u011finde \u0130ZFA\u015e taraf\u0131ndan d\u00fczenlenen Olivtech \u2013 9. Zeytin, Zeytinya\u011f\u0131, S\u00fct \u00dcr\u00fcnleri, \u015earap ve Teknolojileri Fuar\u0131 i\u00e7in \u00e7al\u0131\u015fmalar s\u00fcr\u00fcyor. Ba\u015fta zeytin ile zeytinya\u011f\u0131 olmak \u00fczere fuar kapsam\u0131nda son t\u00fcketiciye sunulan \u00fcr\u00fcnlerin ihracat\u0131n\u0131 art\u0131rmay\u0131 hedefleyen 9. Olivtech Fuar\u0131, Fuarizmir\u2019de 6-9 Mart 2019 tarihleri aras\u0131nda ve C Hol\u00fc\u2019nde ger\u00e7ekle\u015fecek. \r<br>\r<br>Fuarda ge\u00e7en y\u0131l ilk kez ger\u00e7ekle\u015ftirilen \u015farap tad\u0131mlar\u0131 bu y\u0131l da yap\u0131lacak. Zeytin ile zeytinya\u011f\u0131 konusunda uzman kat\u0131l\u0131mc\u0131larla tad\u0131mlar\u0131n da olaca\u011f\u0131 fuarda sekt\u00f6r profesyonelleri; s\u00fct, s\u00fct \u00fcr\u00fcnleri, fermente \u00fcr\u00fcnlere ili\u015fkin bilgi alabilecek. Sofral\u0131k zeytin, zeytinya\u011f\u0131 \u00fcretimi, zeytincilik sekt\u00f6r\u00fc ile \u00e7evresel \u015fartlar\u0131n etkile\u015fimi, zeytin ve zeytinya\u011f\u0131nda co\u011frafi i\u015faretleme gibi konular da fuar s\u00fcresince ele al\u0131nacak.  \r<br>\r<br>Fuar i\u00e7inde Hosted Buyer (Al\u0131m Heyeti Program\u0131) alan\u0131 olu\u015fturulacak. \u0130ZFA\u015e taraf\u0131ndan d\u00fczenlenen al\u0131m heyeti program\u0131 kapsam\u0131nda d\u00fcnyan\u0131n \u00e7e\u015fitli noktalar\u0131ndan sat\u0131n almac\u0131lar, kat\u0131l\u0131mc\u0131 firmalarla bu alanda ikili g\u00f6r\u00fc\u015fmeler ger\u00e7ekle\u015ftirecek.  \r<br> \r<br><b>Ge\u00e7ti\u011fimiz y\u0131l 220 kat\u0131l\u0131mc\u0131 yer ald\u0131<\/b> \r<br>\r<br>Ge\u00e7ti\u011fimiz y\u0131l B Hol\u00fc\u2019nde ger\u00e7ekle\u015ftirilen Olivtech &#8211; 8. Zeytin, Zeytinya\u011f\u0131, S\u00fct \u00dcr\u00fcnleri, \u015earap ve Teknolojileri Fuar\u0131\u2019nda 218 yerli, \u0130talya\u2019dan da iki olmak \u00fczere toplam 220 kat\u0131l\u0131mc\u0131 yer ald\u0131. Fuara Tunus, \u00dcrd\u00fcn, L\u00fcbnan, \u0130ran, M\u0131s\u0131r, Irak, Cezayir, Suudi Arabistan, Fas, Filistin, \u0130talya, \u0130spanya, Yunanistan, Polonya ve Hollanda\u2019dan ziyaret\u00e7iler geldi.  \r<br>\r<br><b>Zeytin ve zeytinya\u011f\u0131 ihracat\u0131nda art\u0131\u015f<\/b> \r<br>\r<br>Ege \u0130hracat\u00e7\u0131 Birlikleri\u2019nin verilerine g\u00f6re zeytin ve zeytinya\u011f\u0131 ihracat\u0131 2018 y\u0131l\u0131nda y\u00fczde 23,7\u2019lik art\u0131\u015f g\u00f6stererek 399,6 milyon dolara ula\u015ft\u0131. Zeytin ve zeytinya\u011f\u0131 ihracat\u0131n\u0131n alt kalemlerinde en b\u00fcy\u00fck pay\u0131 miktar baz\u0131nda y\u00fczde 30 art\u0131\u015fla 65.9 bin ton, tutar baz\u0131nda ise y\u00fczde 19 art\u0131\u015fla 240 milyon dolar ihracat ile zeytinya\u011f\u0131 ald\u0131.\r<br>\r<br>Zeytinya\u011f\u0131n\u0131 135 milyon dolar ihracat ile sofral\u0131k zeytin ve 23 milyon dolar ihracat ile prina ya\u011f\u0131 izledi. \r<br>\r<br>T\u00fcrkiye, sofral\u0131k zeytin ihracat\u0131nda 2018-19 sezonuna ba\u015far\u0131l\u0131 bir giri\u015f yapt\u0131. Sezonun ilk \u00e7eyre\u011fi geride kal\u0131rken sofral\u0131k zeytin ihracat\u0131 y\u00fczde 23\u2019l\u00fck art\u0131\u015fla 41 milyon 564 bin dolara ula\u015ft\u0131. \r<br>\r<br>Sofral\u0131k zeytin ihracat\u0131nda ye\u015fil zeytin ihracat\u0131 y\u00fczde 85, siyah zeytin ihracat\u0131 ise y\u00fczde 11 art\u0131\u015f g\u00f6sterdi. Ye\u015fil zeytin ihracat\u0131ndaki art\u0131\u015f\u0131n nedeni ise; T\u00fcrkiye\u2019nin bu sezon Venezuela, \u0130talya ve Yunanistan\u2019a rekor d\u00fczeyde ye\u015fil zeytin ihra\u00e7 etmesi oldu. \r<br>\r<br>Siyah zeytin ihracat\u0131, 1 Ekim \u2013 31 Aral\u0131k 2018 tarihleri aras\u0131nda y\u00fczde 11\u2019lik art\u0131\u015fla 31 milyon 330 bin dolar olarak kay\u0131tlara ge\u00e7ti. Siyah zeytin ihracat\u0131 bir \u00f6nceki sezonun ayn\u0131 d\u00f6neminde ise; 28 milyon 303 bin dolar olmu\u015ftu. \r<br>\r<br>T\u00fcrkiye\u2019nin sofral\u0131k zeytin ihracat\u0131n\u0131n y\u00fczde 75\u2019ini siyah zeytin olu\u015fturdu. Siyah zeytin ihracat\u0131ndan daha ba\u015far\u0131l\u0131 bir sezon ge\u00e7iren ye\u015fil zeytin ihracat\u0131 ise; 2018\/19 sezonunun ilk \u00e7eyre\u011finde y\u00fczde 85\u2019lik rekor art\u0131\u015fla 5 milyon 546 bin dolardan, 10 milyon 233 bin dolara y\u00fckseldi. \r<br>\r<br>Sofral\u0131k zeytin ihracat\u0131 miktar baz\u0131nda incelendi\u011finde y\u00fczde 53\u2019l\u00fck art\u0131\u015fla 17 bin 239 tondan, 26 bin 450 tona ula\u015ft\u0131.\r<br>\r<h3>Related Images:<\/h3>","protected":false},"excerpt":{"rendered":"<div class=\"mh-excerpt\"><p>\u0130zmir B\u00fcy\u00fck\u015fehir Belediyesi ev sahipli\u011finde \u0130ZFA\u015e taraf\u0131ndan d\u00fczenlenen Olivtech \u2013 9. Zeytin, Zeytinya\u011f\u0131, S\u00fct \u00dcr\u00fcnleri, \u015earap ve Teknolojileri Fuar\u0131 i\u00e7in \u00e7al\u0131\u015fmalar s\u00fcr\u00fcyor. Ba\u015fta zeytin ile <a class=\"mh-excerpt-more\" href=\"https:\/\/kentyasam.com.tr\/wp\/2019\/02\/11\/olivtech-fuarinda-geri-sayim-basladi\/\" title=\"Olivtech Fuar\u0131\u2019nda geri say\u0131m ba\u015flad\u0131\">[&#8230;]<\/a><\/p>\n<\/div>","protected":false},"author":1,"featured_media":50741,"comment_status":"open","ping_status":"open","sticky":false,"template":"","format":"standard","meta":{"ngg_post_thumbnail":0,"footnotes":""},"categories":[1],"tags":[],"_links":{"self":[{"href":"https:\/\/kentyasam.com.tr\/wp\/wp-json\/wp\/v2\/posts\/28022"}],"collection":[{"href":"https:\/\/kentyasam.com.tr\/wp\/wp-json\/wp\/v2\/posts"}],"about":[{"href":"https:\/\/kentyasam.com.tr\/wp\/wp-json\/wp\/v2\/types\/post"}],"author":[{"embeddable":true,"href":"https:\/\/kentyasam.com.tr\/wp\/wp-json\/wp\/v2\/users\/1"}],"replies":[{"embeddable":true,"href":"https:\/\/kentyasam.com.tr\/wp\/wp-json\/wp\/v2\/comments?post=28022"}],"version-history":[{"count":0,"href":"https:\/\/kentyasam.com.tr\/wp\/wp-json\/wp\/v2\/posts\/28022\/revisions"}],"wp:featuredmedia":[{"embeddable":true,"href":"https:\/\/kentyasam.com.tr\/wp\/wp-json\/wp\/v2\/media\/50741"}],"wp:attachment":[{"href":"https:\/\/kentyasam.com.tr\/wp\/wp-json\/wp\/v2\/media?parent=28022"}],"wp:term":[{"taxonomy":"category","embeddable":true,"href":"https:\/\/kentyasam.com.tr\/wp\/wp-json\/wp\/v2\/categories?post=28022"},{"taxonomy":"post_tag","embeddable":true,"href":"https:\/\/kentyasam.com.tr\/wp\/wp-json\/wp\/v2\/tags?post=28022"}],"curies":[{"name":"wp","href":"https:\/\/api.w.org\/{rel}","templated":true}]}}