{"id":27942,"date":"2018-12-10T00:00:00","date_gmt":"2018-12-10T00:00:00","guid":{"rendered":"http:\/\/kentyasam.com.tr\/wp\/?p=27942"},"modified":"2018-12-10T00:00:00","modified_gmt":"2018-12-10T00:00:00","slug":"emd-izmirin-29-kurulus-yildonumune-buruk-kutlama","status":"publish","type":"post","link":"https:\/\/kentyasam.com.tr\/wp\/2018\/12\/10\/emd-izmirin-29-kurulus-yildonumune-buruk-kutlama\/","title":{"rendered":"EMD \u0130zmir\u2019in 29. kurulu\u015f y\u0131ld\u00f6n\u00fcm\u00fcne buruk kutlama"},"content":{"rendered":"Ekonomi Muhabirleri Derne\u011fi \u0130zmir \u015eubesi, 29. kurulu\u015f y\u0131ld\u00f6n\u00fcm\u00fcn\u00fc gazetecilik mesle\u011finin i\u00e7inden ge\u00e7ti\u011fi zorlu s\u00fcre\u00e7ten dolay\u0131 buruk kutlad\u0131. EMD \u0130zmir \u015eubesi \u00fcyeleri, Ege B\u00f6lgesi Sanayi Odas\u0131 (EBSO) Sanayiciler Kul\u00fcb\u00fc&#8217;ndeki kurulu\u015f y\u0131ld\u00f6n\u00fcm\u00fc ve yeni y\u0131l yeme\u011finde bir araya geldi. \r<br>\r<br>Gecenin ev sahipli\u011fini EMD Genel Ba\u015fkan\u0131 Turgay T\u00fcrker ve EMD \u0130zmir \u015eubesi Ba\u015fkan\u0131 Murat Demircan \u00fcstlendi. Gecede \u0130zmir Gazeteciler Cemiyeti (\u0130GC) Ba\u015fkan\u0131 Misket Dikmen, \u0130zmir Yarg\u0131 ve G\u00fcvenlik Muhabirleri Derne\u011fi Ba\u015fkan\u0131 Mehmet \u0130nmez, bas\u0131n &#8211; yay\u0131n kurulu\u015flar\u0131n\u0131n temsilcileri, EMD \u0130zmir \u015eubesi \u00fcyeleri ve e\u015fleri kat\u0131ld\u0131. \r<br>\r<br>T\u00fcrk ekonomisinin 2018 y\u0131l\u0131nda bir darbo\u011fazdan ge\u00e7ti\u011fini belirten EMD \u0130zmir \u015eubesi Ba\u015fkan\u0131 Murat Demircan, T\u00fcrk bas\u0131n\u0131n\u0131n, T\u00fcrk ekonomisinden \u00f6nce darbo\u011faza girdi\u011fini anlatt\u0131. \u00d6zellikle yaz\u0131l\u0131 bas\u0131n\u0131n kan kaybetti\u011fini s\u00f6yleyen Demircan, iki ulusal gazetenin yaz\u0131l\u0131 bas\u0131ndan \u00e7\u0131kma karar\u0131 ald\u0131\u011f\u0131n\u0131 ve \u00e7ok say\u0131da gazetecinin i\u015fsiz kald\u0131\u011f\u0131n\u0131 dile getirdi. \r<br>\r<br>Gecede, \u0130zmir Gazeteciler Cemiyeti Ba\u015fkan\u0131 Misket Dikmen de sekt\u00f6r\u00fcn s\u0131k\u0131nt\u0131l\u0131 bir s\u00fcre\u00e7ten ge\u00e7ti\u011fini vurgulayarak, bu s\u00fcrecin dayan\u0131\u015fma ortamlar\u0131yla a\u015f\u0131labilece\u011fini belirtti. EMD Genel Ba\u015fkan\u0131 Turgay T\u00fcrker ise sekt\u00f6rdeki \u015fartlar\u0131n ortada oldu\u011funu belirterek, \u201cHepimiz umar\u0131m gelecek ad\u0131na bu sorunlar\u0131 ya\u015famay\u0131z. Dijital medyada varl\u0131\u011f\u0131m\u0131z\u0131 daha da g\u00fc\u00e7lendirecek imkanlar\u0131n olu\u015fturulmas\u0131 gerekiyor\u201d diye konu\u015ftu.\r<br>\r<br>\u0130zmir ekonomisindeki geli\u015fmelerin kamuoyunda daha etkin duyurulmas\u0131n\u0131 \u00fcstlenen ekonomi muhabirlerinin meslek \u00f6rg\u00fct\u00fc Ekonomi Muhabirleri Derne\u011fi \u0130zmir \u015eubesi\u2019nin 29. kurulu\u015f y\u0131ld\u00f6n\u00fcm\u00fc pastas\u0131 kesildi.<h3>Related Images:<\/h3>","protected":false},"excerpt":{"rendered":"<div class=\"mh-excerpt\"><p>Ekonomi Muhabirleri Derne\u011fi \u0130zmir \u015eubesi, 29. kurulu\u015f y\u0131ld\u00f6n\u00fcm\u00fcn\u00fc gazetecilik mesle\u011finin i\u00e7inden ge\u00e7ti\u011fi zorlu s\u00fcre\u00e7ten dolay\u0131 buruk kutlad\u0131. EMD \u0130zmir \u015eubesi \u00fcyeleri, Ege B\u00f6lgesi Sanayi Odas\u0131 <a class=\"mh-excerpt-more\" href=\"https:\/\/kentyasam.com.tr\/wp\/2018\/12\/10\/emd-izmirin-29-kurulus-yildonumune-buruk-kutlama\/\" title=\"EMD \u0130zmir\u2019in 29. kurulu\u015f y\u0131ld\u00f6n\u00fcm\u00fcne buruk kutlama\">[&#8230;]<\/a><\/p>\n<\/div>","protected":false},"author":1,"featured_media":50661,"comment_status":"open","ping_status":"open","sticky":false,"template":"","format":"standard","meta":{"ngg_post_thumbnail":0,"footnotes":""},"categories":[1],"tags":[],"_links":{"self":[{"href":"https:\/\/kentyasam.com.tr\/wp\/wp-json\/wp\/v2\/posts\/27942"}],"collection":[{"href":"https:\/\/kentyasam.com.tr\/wp\/wp-json\/wp\/v2\/posts"}],"about":[{"href":"https:\/\/kentyasam.com.tr\/wp\/wp-json\/wp\/v2\/types\/post"}],"author":[{"embeddable":true,"href":"https:\/\/kentyasam.com.tr\/wp\/wp-json\/wp\/v2\/users\/1"}],"replies":[{"embeddable":true,"href":"https:\/\/kentyasam.com.tr\/wp\/wp-json\/wp\/v2\/comments?post=27942"}],"version-history":[{"count":0,"href":"https:\/\/kentyasam.com.tr\/wp\/wp-json\/wp\/v2\/posts\/27942\/revisions"}],"wp:featuredmedia":[{"embeddable":true,"href":"https:\/\/kentyasam.com.tr\/wp\/wp-json\/wp\/v2\/media\/50661"}],"wp:attachment":[{"href":"https:\/\/kentyasam.com.tr\/wp\/wp-json\/wp\/v2\/media?parent=27942"}],"wp:term":[{"taxonomy":"category","embeddable":true,"href":"https:\/\/kentyasam.com.tr\/wp\/wp-json\/wp\/v2\/categories?post=27942"},{"taxonomy":"post_tag","embeddable":true,"href":"https:\/\/kentyasam.com.tr\/wp\/wp-json\/wp\/v2\/tags?post=27942"}],"curies":[{"name":"wp","href":"https:\/\/api.w.org\/{rel}","templated":true}]}}