{"id":26056,"date":"2016-05-07T00:00:00","date_gmt":"2016-05-07T00:00:00","guid":{"rendered":"http:\/\/kentyasam.com.tr\/wp\/?p=26056"},"modified":"2016-05-07T00:00:00","modified_gmt":"2016-05-07T00:00:00","slug":"ikl-mezunlari-geleneksel-lokma-gununde-bulustu","status":"publish","type":"post","link":"https:\/\/kentyasam.com.tr\/wp\/2016\/05\/07\/ikl-mezunlari-geleneksel-lokma-gununde-bulustu\/","title":{"rendered":"\u0130KL mezunlar\u0131 geleneksel lokma g\u00fcn\u00fcnde bulu\u015ftu"},"content":{"rendered":"\u0130zmir K\u0131z Lisesi&#8217;nin kurulu\u015funun 93. y\u0131l\u0131nda d\u00fczenlenen geleneksel lokma g\u00fcn\u00fc, T\u00fcrkiye&#8217;nin d\u00f6rt bir yan\u0131ndan gelen y\u00fczlerce mezunu bulu\u015fturdu. Okul bah\u00e7esinde, binas\u0131nda ve dersliklerinde bir araya gelen \u0130zmir K\u0131z Lisesi mezunlar\u0131 an\u0131lar\u0131n\u0131 tazeledi, bol bol foto\u011fraf \u00e7ektirdi. \r<br>\r<br>1945 y\u0131l\u0131 mezunu M\u00fcbeccel Ak\u00f6nder, okul bah\u00e7esinde d\u00fczenlenen t\u00f6rende yapt\u0131\u011f\u0131 konu\u015fmayla duygulu anlar ya\u015fatt\u0131. Ak\u00f6nder, &#8220;Bu g\u00fczel okuldan 71 y\u0131l \u00f6nce mezun oldum. Buradan mezun oldu\u011fum i\u00e7in gurur duyuyorum. \u00d6\u011fretmenlerimiz bizleri Atat\u00fcrk\u00e7\u00fc, milliyet\u00e7i ve cumhuriyet\u00e7i gen\u00e7ler olarak yeti\u015ftirdi. Cumhuriyetimizin bu \u00e7ok \u00f6nemli okuluna sahip \u00e7\u0131k\u0131n ve ad\u0131n\u0131 sak\u0131n de\u011fi\u015ftirmeyin. Bug\u00fcn bizler bir yerlere geldiysek, okuyup profes\u00f6r, m\u00fcd\u00fcr, \u00f6\u011fretim g\u00f6revlisi ya da memur olduysak Atat\u00fcrk ilkelerine sahip \u00e7\u0131kan ve bizlere bu ilkeleri \u00f6\u011freten okulumuz sayesinde olduk&#8221; dedi.\r<br>\r<br>\u0130zmir K\u0131z Lisesi Mezunlar Derne\u011fi Ba\u015fkan\u0131 Avukat G\u00f6n\u00fcl Y\u0131lmaz, konu\u015fmas\u0131nda okulun tarih\u00e7esinden s\u00f6z etti. \u0130zmir K\u0131z Lisesi&#8217;nin Cumhuriyetin en \u00f6nemli e\u011fitim kurumlar\u0131ndan biri oldu\u011funa de\u011finen Y\u0131lmaz, okul mezunlar\u0131n\u0131n ald\u0131klar\u0131 e\u011fitimle T\u00fcrkiye&#8217;nin d\u00f6rt bir yan\u0131nda en \u00fcst d\u00fczeyde g\u00f6revlerde hizmet verdi\u011fini anlatt\u0131. Mezunlar derne\u011finin 1992 y\u0131l\u0131nda kuruldu\u011funu an\u0131msatan G\u00f6n\u00fcl Y\u0131lmaz, &#8220;Bug\u00fcn \u00fcye say\u0131m\u0131z 344. Binlerce mezun veren, 93. y\u0131l\u0131n\u0131 kutlayan bir okul i\u00e7in bu say\u0131n\u0131n daha da artmas\u0131n\u0131 istiyoruz&#8221; diye konu\u015ftu.\r<br>\r<br>Geleneksel lokma g\u00fcn\u00fcnde okuldan 1956 y\u0131l\u0131nda mezun olan ve bu y\u0131l 60. y\u0131llar\u0131n\u0131 kutlayan konuklara, \u0130zmir K\u0131z Lisesi Mezunlar Derne\u011fi beyaz g\u00fcller hediye etti. \u0130zmir K\u0131z Lisesi M\u00fcd\u00fcr\u00fc Murat Arslan, \u0130zmir&#8217;de y\u00fcz y\u0131l\u0131 geride b\u0131rakm\u0131\u015f \u00fc\u00e7 okuldan birisi olan \u0130zmir K\u0131z Lisesi&#8217;nde m\u00fcd\u00fcr oldu\u011fu i\u00e7in gurur duydu\u011funu dile getirdi.<h3>Related Images:<\/h3>","protected":false},"excerpt":{"rendered":"<div class=\"mh-excerpt\"><p>\u0130zmir K\u0131z Lisesi&#8217;nin kurulu\u015funun 93. y\u0131l\u0131nda d\u00fczenlenen geleneksel lokma g\u00fcn\u00fc, T\u00fcrkiye&#8217;nin d\u00f6rt bir yan\u0131ndan gelen y\u00fczlerce mezunu bulu\u015fturdu. Okul bah\u00e7esinde, binas\u0131nda ve dersliklerinde bir araya <a class=\"mh-excerpt-more\" href=\"https:\/\/kentyasam.com.tr\/wp\/2016\/05\/07\/ikl-mezunlari-geleneksel-lokma-gununde-bulustu\/\" title=\"\u0130KL mezunlar\u0131 geleneksel lokma g\u00fcn\u00fcnde bulu\u015ftu\">[&#8230;]<\/a><\/p>\n<\/div>","protected":false},"author":1,"featured_media":48796,"comment_status":"open","ping_status":"open","sticky":false,"template":"","format":"standard","meta":{"ngg_post_thumbnail":0,"footnotes":""},"categories":[1],"tags":[],"_links":{"self":[{"href":"https:\/\/kentyasam.com.tr\/wp\/wp-json\/wp\/v2\/posts\/26056"}],"collection":[{"href":"https:\/\/kentyasam.com.tr\/wp\/wp-json\/wp\/v2\/posts"}],"about":[{"href":"https:\/\/kentyasam.com.tr\/wp\/wp-json\/wp\/v2\/types\/post"}],"author":[{"embeddable":true,"href":"https:\/\/kentyasam.com.tr\/wp\/wp-json\/wp\/v2\/users\/1"}],"replies":[{"embeddable":true,"href":"https:\/\/kentyasam.com.tr\/wp\/wp-json\/wp\/v2\/comments?post=26056"}],"version-history":[{"count":0,"href":"https:\/\/kentyasam.com.tr\/wp\/wp-json\/wp\/v2\/posts\/26056\/revisions"}],"wp:featuredmedia":[{"embeddable":true,"href":"https:\/\/kentyasam.com.tr\/wp\/wp-json\/wp\/v2\/media\/48796"}],"wp:attachment":[{"href":"https:\/\/kentyasam.com.tr\/wp\/wp-json\/wp\/v2\/media?parent=26056"}],"wp:term":[{"taxonomy":"category","embeddable":true,"href":"https:\/\/kentyasam.com.tr\/wp\/wp-json\/wp\/v2\/categories?post=26056"},{"taxonomy":"post_tag","embeddable":true,"href":"https:\/\/kentyasam.com.tr\/wp\/wp-json\/wp\/v2\/tags?post=26056"}],"curies":[{"name":"wp","href":"https:\/\/api.w.org\/{rel}","templated":true}]}}