{"id":25188,"date":"2015-09-04T00:00:00","date_gmt":"2015-09-04T00:00:00","guid":{"rendered":"http:\/\/kentyasam.com.tr\/wp\/?p=25188"},"modified":"2015-09-04T00:00:00","modified_gmt":"2015-09-04T00:00:00","slug":"genc-sanatcilarin-eserleri-cetin-emec-sanatta","status":"publish","type":"post","link":"https:\/\/kentyasam.com.tr\/wp\/2015\/09\/04\/genc-sanatcilarin-eserleri-cetin-emec-sanatta\/","title":{"rendered":"Gen\u00e7 sanat\u00e7\u0131lar\u0131n eserleri \u00c7etin Eme\u00e7 Sanat&#8217;ta"},"content":{"rendered":"Kedi K\u00fclt\u00fcr Sanat Merkezi \u00f6nc\u00fcl\u00fc\u011f\u00fcnde d\u00fczenlenen 2. Uluslararas\u0131 G\u00f6rsel Sanatlar Bulu\u015fmas\u0131&#8217;n\u0131n ikinci sergisi \u0130zmir B\u00fcy\u00fck\u015fehir Belediyesi \u00c7etin Eme\u00e7 Sanat Galerisi&#8217;nde a\u00e7\u0131ld\u0131. 02 Eyl\u00fcl 2015 \u00c7ar\u015famba g\u00fcn\u00fc a\u00e7\u0131lan sergi 15 Eyl\u00fcl 2015 Sal\u0131 g\u00fcn\u00fcne kadar a\u00e7\u0131k kalacak.\r<br>\r<br>Etkinlik koordinat\u00f6r\u00fc Deniz Can, resim, heykel, seramik, foto\u011fraf, grafik tasar\u0131m, video ve enstalasyon eserlerinin sergilendi\u011fi etkinli\u011fe T\u00fcrkiye&#8217;nin farkl\u0131 \u015fehirlerinden, ABD ve \u0130ran&#8217;dan \u00e7ok say\u0131da sanat\u00e7\u0131n\u0131n kat\u0131ld\u0131\u011f\u0131n\u0131 s\u00f6yledi. Bu y\u0131lki etkinli\u011fe daha b\u00fcy\u00fck bir ilgi oldu\u011funu belirten Can, s\u00f6zlerini \u015f\u00f6yle s\u00fcrd\u00fcrd\u00fc:\r<br>\r<br>&#8220;Yeni ve farkl\u0131 yeteneklerin ortaya \u00e7\u0131kmas\u0131 ve sanat\u00e7\u0131lar\u0131n \u00fcretimlerinin desteklenmesi amac\u0131yla d\u00fczenledi\u011fimiz Uluslararas\u0131 G\u00f6rsel Sanatlar Bulu\u015fmas\u0131&#8217;n\u0131 her sene tekrarlamay\u0131 hedefliyoruz. Etkinli\u011fe g\u00f6sterilen ilgiden \u00e7ok memnun kald\u0131k. Gen\u00e7 sanat\u00e7\u0131lar\u0131n \u00fcretimleri heyecan verici. \u0130kinci sergileme de ayn\u0131 co\u015fkuyla ge\u00e7mesi bizi gururland\u0131rd\u0131.&#8221;\r<br>\r<br>Gen\u00e7 sanat\u00e7\u0131lar\u0131n \u00fcretimini desteklemeyi ama\u00e7layan 2. Uluslararas\u0131 G\u00f6rsel Sanatlar Bulu\u015fmas\u0131, \u0130zmir B\u00fcy\u00fck\u015fehir Belediyesi deste\u011fi ve \u00e7e\u015fitli uluslardan sanat\u00e7\u0131lar\u0131n kat\u0131l\u0131m\u0131yla s\u00fcr\u00fcyor. <h3>Related Images:<\/h3>","protected":false},"excerpt":{"rendered":"<div class=\"mh-excerpt\"><p>Kedi K\u00fclt\u00fcr Sanat Merkezi \u00f6nc\u00fcl\u00fc\u011f\u00fcnde d\u00fczenlenen 2. Uluslararas\u0131 G\u00f6rsel Sanatlar Bulu\u015fmas\u0131&#8217;n\u0131n ikinci sergisi \u0130zmir B\u00fcy\u00fck\u015fehir Belediyesi \u00c7etin Eme\u00e7 Sanat Galerisi&#8217;nde a\u00e7\u0131ld\u0131. 02 Eyl\u00fcl 2015 \u00c7ar\u015famba <a class=\"mh-excerpt-more\" href=\"https:\/\/kentyasam.com.tr\/wp\/2015\/09\/04\/genc-sanatcilarin-eserleri-cetin-emec-sanatta\/\" title=\"Gen\u00e7 sanat\u00e7\u0131lar\u0131n eserleri \u00c7etin Eme\u00e7 Sanat&#8217;ta\">[&#8230;]<\/a><\/p>\n<\/div>","protected":false},"author":1,"featured_media":47936,"comment_status":"open","ping_status":"open","sticky":false,"template":"","format":"standard","meta":{"ngg_post_thumbnail":0,"footnotes":""},"categories":[1],"tags":[],"_links":{"self":[{"href":"https:\/\/kentyasam.com.tr\/wp\/wp-json\/wp\/v2\/posts\/25188"}],"collection":[{"href":"https:\/\/kentyasam.com.tr\/wp\/wp-json\/wp\/v2\/posts"}],"about":[{"href":"https:\/\/kentyasam.com.tr\/wp\/wp-json\/wp\/v2\/types\/post"}],"author":[{"embeddable":true,"href":"https:\/\/kentyasam.com.tr\/wp\/wp-json\/wp\/v2\/users\/1"}],"replies":[{"embeddable":true,"href":"https:\/\/kentyasam.com.tr\/wp\/wp-json\/wp\/v2\/comments?post=25188"}],"version-history":[{"count":0,"href":"https:\/\/kentyasam.com.tr\/wp\/wp-json\/wp\/v2\/posts\/25188\/revisions"}],"wp:featuredmedia":[{"embeddable":true,"href":"https:\/\/kentyasam.com.tr\/wp\/wp-json\/wp\/v2\/media\/47936"}],"wp:attachment":[{"href":"https:\/\/kentyasam.com.tr\/wp\/wp-json\/wp\/v2\/media?parent=25188"}],"wp:term":[{"taxonomy":"category","embeddable":true,"href":"https:\/\/kentyasam.com.tr\/wp\/wp-json\/wp\/v2\/categories?post=25188"},{"taxonomy":"post_tag","embeddable":true,"href":"https:\/\/kentyasam.com.tr\/wp\/wp-json\/wp\/v2\/tags?post=25188"}],"curies":[{"name":"wp","href":"https:\/\/api.w.org\/{rel}","templated":true}]}}