{"id":25177,"date":"2015-09-01T00:00:00","date_gmt":"2015-09-01T00:00:00","guid":{"rendered":"http:\/\/kentyasam.com.tr\/wp\/?p=25177"},"modified":"2015-09-01T00:00:00","modified_gmt":"2015-09-01T00:00:00","slug":"buyuksehirden-izmir-zeytin-sempozyumu","status":"publish","type":"post","link":"https:\/\/kentyasam.com.tr\/wp\/2015\/09\/01\/buyuksehirden-izmir-zeytin-sempozyumu\/","title":{"rendered":"B\u00fcy\u00fck\u015fehir&#8217;den \u0130zmir Zeytin Sempozyumu"},"content":{"rendered":"\u0130zmir B\u00fcy\u00fck\u015fehir Belediyesi olu\u015fumu Akdeniz Akademisi, zeytin a\u011fac\u0131n\u0131 ve zeytinya\u011f\u0131n\u0131 \u201c\u0130zmir Zeytin Sempozyumu\u201d ile g\u00fcndeme ta\u015f\u0131yor. Sempozyum, \u201c\u00d6lmez a\u011fac\u0131n pe\u015finde\/Zeytinime dokunma\u201d ba\u015fl\u0131\u011f\u0131yla 2 \u2013 3 Eyl\u00fcl 2015 tarihlerinde d\u00fczenlenecek. Ahmed Adnan Saygun Sanat Merkezi\u2019ndeki (AASSM) sempozyumun a\u00e7\u0131l\u0131\u015f toplant\u0131s\u0131 2 Eyl\u00fcl 2015 \u00c7ar\u015famba g\u00fcn\u00fc saat 10.15\u2019te ba\u015flayacak.\r<br>\r<br>Sempozyumda \u201ca\u011fa\u00e7lar ve insanlar\u201d, \u201cdokusundan kokusuna\u201d, \u201cbah\u00e7eden mutfa\u011fa\u201d, \u201czeytinle hukukumuz var!\u201d, \u201cslow food \u00f6zel oturumu\u201d, \u201czeytine dokununca\u201d, \u201czeytinin ad\u0131 yeter\u201d, \u201ctanesi avu\u00e7lar\u0131mda, tad\u0131 dama\u011f\u0131mda kald\u0131\u201d ba\u015fl\u0131klar\u0131yla sunumlar ve forumlar ger\u00e7ekle\u015ftirilecek. Bu sunum ve forumlarda zeytin ve zeytinya\u011f\u0131 konusundaki \u00f6rg\u00fctlenme, kalite, \u00fcretim teknikleri ve verimlilik, hukuksal ve teknik alt yap\u0131, zeytin ve tasar\u0131m, markala\u015fma, tan\u0131t\u0131m, pazarlama, da\u011f\u0131t\u0131m, tar\u0131m ve gurme turizmi konular\u0131 ele al\u0131nacak. \r<br>\r<br>Sempozyumun ard\u0131ndan genel bir de\u011ferlendirme yap\u0131larak sonu\u00e7 bildirgesi haz\u0131rlanacak. Sempozyum s\u00fcresince, kat\u0131l\u0131mc\u0131larla zeytinya\u011f\u0131 tad\u0131m at\u00f6lyeleri ger\u00e7ekle\u015ftirilecek. Ayr\u0131ca \u0130zmir Zeytin Sempozyumu ile e\u015f zamanl\u0131 a\u00e7\u0131lacak \u201c\u00d6lmez A\u011fac\u0131n \u0130nsanlar\u0131\u201d ba\u015fl\u0131kl\u0131 video ve foto\u011fraf sergisi ile \u201cZeytinin \u00d6mr\u00fc\u201d ba\u015fl\u0131kl\u0131 minyat\u00fcr sergisi, AASSM sergi salonlar\u0131nda gezilebilecek.<h3>Related Images:<\/h3>","protected":false},"excerpt":{"rendered":"<div class=\"mh-excerpt\"><p>\u0130zmir B\u00fcy\u00fck\u015fehir Belediyesi olu\u015fumu Akdeniz Akademisi, zeytin a\u011fac\u0131n\u0131 ve zeytinya\u011f\u0131n\u0131 \u201c\u0130zmir Zeytin Sempozyumu\u201d ile g\u00fcndeme ta\u015f\u0131yor. Sempozyum, \u201c\u00d6lmez a\u011fac\u0131n pe\u015finde\/Zeytinime dokunma\u201d ba\u015fl\u0131\u011f\u0131yla 2 \u2013 3 <a class=\"mh-excerpt-more\" href=\"https:\/\/kentyasam.com.tr\/wp\/2015\/09\/01\/buyuksehirden-izmir-zeytin-sempozyumu\/\" title=\"B\u00fcy\u00fck\u015fehir&#8217;den \u0130zmir Zeytin Sempozyumu\">[&#8230;]<\/a><\/p>\n<\/div>","protected":false},"author":1,"featured_media":47925,"comment_status":"open","ping_status":"open","sticky":false,"template":"","format":"standard","meta":{"ngg_post_thumbnail":0,"footnotes":""},"categories":[1],"tags":[],"_links":{"self":[{"href":"https:\/\/kentyasam.com.tr\/wp\/wp-json\/wp\/v2\/posts\/25177"}],"collection":[{"href":"https:\/\/kentyasam.com.tr\/wp\/wp-json\/wp\/v2\/posts"}],"about":[{"href":"https:\/\/kentyasam.com.tr\/wp\/wp-json\/wp\/v2\/types\/post"}],"author":[{"embeddable":true,"href":"https:\/\/kentyasam.com.tr\/wp\/wp-json\/wp\/v2\/users\/1"}],"replies":[{"embeddable":true,"href":"https:\/\/kentyasam.com.tr\/wp\/wp-json\/wp\/v2\/comments?post=25177"}],"version-history":[{"count":0,"href":"https:\/\/kentyasam.com.tr\/wp\/wp-json\/wp\/v2\/posts\/25177\/revisions"}],"wp:featuredmedia":[{"embeddable":true,"href":"https:\/\/kentyasam.com.tr\/wp\/wp-json\/wp\/v2\/media\/47925"}],"wp:attachment":[{"href":"https:\/\/kentyasam.com.tr\/wp\/wp-json\/wp\/v2\/media?parent=25177"}],"wp:term":[{"taxonomy":"category","embeddable":true,"href":"https:\/\/kentyasam.com.tr\/wp\/wp-json\/wp\/v2\/categories?post=25177"},{"taxonomy":"post_tag","embeddable":true,"href":"https:\/\/kentyasam.com.tr\/wp\/wp-json\/wp\/v2\/tags?post=25177"}],"curies":[{"name":"wp","href":"https:\/\/api.w.org\/{rel}","templated":true}]}}