{"id":25146,"date":"2015-08-25T00:00:00","date_gmt":"2015-08-25T00:00:00","guid":{"rendered":"http:\/\/kentyasam.com.tr\/wp\/?p=25146"},"modified":"2015-08-25T00:00:00","modified_gmt":"2015-08-25T00:00:00","slug":"igc-yeni-basin-kartlari-yonetmeligi-dayatmadir","status":"publish","type":"post","link":"https:\/\/kentyasam.com.tr\/wp\/2015\/08\/25\/igc-yeni-basin-kartlari-yonetmeligi-dayatmadir\/","title":{"rendered":"\u0130GC: Yeni Bas\u0131n Kartlar\u0131 Y\u00f6netmeli\u011fi dayatmad\u0131r"},"content":{"rendered":"\u0130zmir Gazeteciler Cemiyeti (\u0130GC) Ba\u015fkan\u0131 Misket Dikmen, \u201cBas\u0131n Kartlar\u0131 Y\u00f6netmeli\u011fi\u2019nde yap\u0131lan de\u011fi\u015fikliklerin gazetecilerin aleyhine oldu\u011funu s\u00f6yledi. Y\u00f6netmeli\u011fin 14 y\u0131l aradan sonra sessiz sedas\u0131z de\u011fi\u015ftirilmesine tepki g\u00f6steren Dikmen, &#8220;Bu antidemokratik de\u011fi\u015fikli\u011fi protesto ediyor ve y\u00f6netmeli\u011fin iptali i\u00e7in yasal i\u015flemleri derhal ba\u015flat\u0131yoruz\u201d dedi. \r<br>\r<br>Yeni y\u00f6netmelikle 13 ki\u015fiden olu\u015fan Bas\u0131n Kartlar\u0131 Komisyonu 15 ki\u015fiye \u00e7\u0131kar\u0131l\u0131rken gazetecilerin temsil oran\u0131n\u0131n 3\u2019te 1\u2019e d\u00fc\u015f\u00fcr\u00fcld\u00fc\u011f\u00fcn\u00fc anlatan Dikmen, &#8220;Bunun yan\u0131nda b\u00fct\u00fcn komisyon \u00fcyelerinin belirlenmesi de BYEGM Genel M\u00fcd\u00fcr\u00fc\u2019n\u00fcn iki duda\u011f\u0131 aras\u0131na b\u0131rak\u0131lm\u0131\u015ft\u0131r. Bu olu\u015fum demokratik bir yap\u0131 de\u011fildir. Tamamen dayatma ve &#8216;biz yapt\u0131k oldu&#8217; mant\u0131\u011f\u0131d\u0131r&#8221; dedi. &#8220;Bas\u0131n Kart\u0131, meslek \u00f6rg\u00fctlerince olu\u015fturulacak devletten ba\u011f\u0131ms\u0131z \u00f6zerk bir komisyonca verilsin&#8221; diyen Dikmen, u g\u00f6r\u00fc\u015fleri dile getirdi:\r<br>\r<br>\u201cBa\u015fbakanl\u0131k Bas\u0131n Yay\u0131n ve Enformasyon Genel M\u00fcd\u00fcrl\u00fc\u011f\u00fc\u2019nce Bas\u0131n Kartlar\u0131 Y\u00f6netmeli\u011fi adeta yang\u0131ndan mal ka\u00e7\u0131r\u0131r gibi hi\u00e7bir ki\u015fi ve kurumun g\u00f6r\u00fc\u015f\u00fc al\u0131nmadan de\u011fi\u015ftirilmi\u015f ve Resmi Gazete\u2019de yay\u0131mlanarak bug\u00fcn y\u00fcr\u00fcrl\u00fc\u011fe girmi\u015ftir. Bas\u0131n Meslek \u00d6rg\u00fctleri\u2019nin g\u00f6r\u00fc\u015f\u00fcn\u00fc yok sayan ve apar topar yap\u0131lan bu de\u011fi\u015fikli\u011fi bizler de yok say\u0131yoruz. \r<br>\r<br>Y\u00f6netmelik de\u011fi\u015fikli\u011finin esas amac\u0131 Bas\u0131n Kartlar\u0131 Komisyonu\u2019nu kendilerince yeniden dizayn etmek ve \u00e7ok seslili\u011fi ortadan kald\u0131rmakt\u0131r. Y\u00fczlerce gazetecinin hakk\u0131n\u0131 gaspederek dokuz ayd\u0131r toplanamayan Bas\u0131n Kartlar\u0131 Komisyonu\u2019nun neden toplanmad\u0131\u011f\u0131 da bug\u00fcn anla\u015f\u0131lm\u0131\u015ft\u0131r. Aral\u0131k 2014 tarihindeki komisyon toplant\u0131s\u0131n\u0131n ard\u0131ndan 94 gazetecinin hakk\u0131n\u0131 gaspeden ve kartlar\u0131n\u0131 vermeyen Genel M\u00fcd\u00fcr, yeni bir hak gasp\u0131na daha imza atm\u0131\u015f ve \u0130zmir Gazeteciler Cemiyeti\u2019ni komisyon d\u0131\u015f\u0131na itmi\u015ftir. \r<br>\r<br>\u0130GC olarak kuruldu\u011fumuzdan bug\u00fcne bas\u0131n meslek ilkelerinden \u00f6d\u00fcn vermeden, dik duru\u015fumuzu bozmadan, gazetecilerin d\u00fc\u015f\u00fcncesine, g\u00f6r\u00fc\u015f\u00fcne bakmaks\u0131z\u0131n do\u011frular\u0131 savunduk, savunaca\u011f\u0131z. Bas\u0131n Kartlar\u0131 Komisyonu\u2019nun yeniden bas\u0131n meslek \u00f6rg\u00fctlerinin ve gazetecilerin temsil edildi\u011fi \u00f6zerk bir yap\u0131ya kavu\u015fmas\u0131 i\u00e7in de gerekli yasal ve \u00f6rg\u00fctl\u00fc m\u00fccadelemizi de sonuna kadar s\u00fcrd\u00fcrece\u011fiz.\u201d <h3>Related Images:<\/h3>","protected":false},"excerpt":{"rendered":"<div class=\"mh-excerpt\"><p>\u0130zmir Gazeteciler Cemiyeti (\u0130GC) Ba\u015fkan\u0131 Misket Dikmen, \u201cBas\u0131n Kartlar\u0131 Y\u00f6netmeli\u011fi\u2019nde yap\u0131lan de\u011fi\u015fikliklerin gazetecilerin aleyhine oldu\u011funu s\u00f6yledi. Y\u00f6netmeli\u011fin 14 y\u0131l aradan sonra sessiz sedas\u0131z de\u011fi\u015ftirilmesine tepki <a class=\"mh-excerpt-more\" href=\"https:\/\/kentyasam.com.tr\/wp\/2015\/08\/25\/igc-yeni-basin-kartlari-yonetmeligi-dayatmadir\/\" title=\"\u0130GC: Yeni Bas\u0131n Kartlar\u0131 Y\u00f6netmeli\u011fi dayatmad\u0131r\">[&#8230;]<\/a><\/p>\n<\/div>","protected":false},"author":1,"featured_media":47894,"comment_status":"open","ping_status":"open","sticky":false,"template":"","format":"standard","meta":{"ngg_post_thumbnail":0,"footnotes":""},"categories":[1],"tags":[],"_links":{"self":[{"href":"https:\/\/kentyasam.com.tr\/wp\/wp-json\/wp\/v2\/posts\/25146"}],"collection":[{"href":"https:\/\/kentyasam.com.tr\/wp\/wp-json\/wp\/v2\/posts"}],"about":[{"href":"https:\/\/kentyasam.com.tr\/wp\/wp-json\/wp\/v2\/types\/post"}],"author":[{"embeddable":true,"href":"https:\/\/kentyasam.com.tr\/wp\/wp-json\/wp\/v2\/users\/1"}],"replies":[{"embeddable":true,"href":"https:\/\/kentyasam.com.tr\/wp\/wp-json\/wp\/v2\/comments?post=25146"}],"version-history":[{"count":0,"href":"https:\/\/kentyasam.com.tr\/wp\/wp-json\/wp\/v2\/posts\/25146\/revisions"}],"wp:featuredmedia":[{"embeddable":true,"href":"https:\/\/kentyasam.com.tr\/wp\/wp-json\/wp\/v2\/media\/47894"}],"wp:attachment":[{"href":"https:\/\/kentyasam.com.tr\/wp\/wp-json\/wp\/v2\/media?parent=25146"}],"wp:term":[{"taxonomy":"category","embeddable":true,"href":"https:\/\/kentyasam.com.tr\/wp\/wp-json\/wp\/v2\/categories?post=25146"},{"taxonomy":"post_tag","embeddable":true,"href":"https:\/\/kentyasam.com.tr\/wp\/wp-json\/wp\/v2\/tags?post=25146"}],"curies":[{"name":"wp","href":"https:\/\/api.w.org\/{rel}","templated":true}]}}