{"id":25145,"date":"2015-08-25T00:00:00","date_gmt":"2015-08-25T00:00:00","guid":{"rendered":"http:\/\/kentyasam.com.tr\/wp\/?p=25145"},"modified":"2015-08-25T00:00:00","modified_gmt":"2015-08-25T00:00:00","slug":"tgf-yeni-yonetmelik-yok-hukmundedir","status":"publish","type":"post","link":"https:\/\/kentyasam.com.tr\/wp\/2015\/08\/25\/tgf-yeni-yonetmelik-yok-hukmundedir\/","title":{"rendered":"TGF: Yeni y\u00f6netmelik yok h\u00fckm\u00fcndedir!"},"content":{"rendered":"T\u00fcrkiye Gazeteciler Federasyonu (TGF) Genel Ba\u015fkan Vekili Y\u0131lmaz Karaca, Ba\u015fbakanl\u0131k Bas\u0131n Yay\u0131n ve Enformasyon Genel M\u00fcd\u00fcrl\u00fc\u011f\u00fc\u2019nce Bas\u0131n Kartlar\u0131 Y\u00f6netmeli\u011fi\u2019nde yap\u0131lan de\u011fi\u015fikli\u011fi &#8220;\u0130ktidara uygun ve demokrasiye ayk\u0131r\u0131&#8221; diye niteledi. Y\u00f6netmelikle Bas\u0131n Kartlar\u0131 Komisyonu yap\u0131s\u0131n\u0131n tamamen de\u011fi\u015ftirildi\u011fini belirten Karaca, ba\u011f\u0131ms\u0131z ve meslek ilkeleri do\u011frultusunda hareket eden kurumlar\u0131n yok edilerek komisyon d\u0131\u015f\u0131na itildi\u011fini s\u00f6yledi.\r<br>\r<br>TGF Genel Ba\u015fkan Vekili Y\u0131lmaz Karaca,konuya ili\u015fkin a\u00e7\u0131klamas\u0131nda \u015fu g\u00f6r\u00fc\u015fleri dile getirdi:\r<br>\r<br>\u201cBas\u0131n Yay\u0131n ve Enformasyon Genel M\u00fcd\u00fcrl\u00fc\u011f\u00fc tarihi bir y\u00f6netmelik de\u011fi\u015fikli\u011fine imza att\u0131! 94 gazetecinin s\u00fcrekli bas\u0131n kart\u0131n\u0131 onaylamamak i\u00e7in yakla\u015f\u0131k 9 ayd\u0131r toplanamayan komisyon k\u0131sa bir s\u00fcre \u00f6nce \u2018yo\u011fun ba\u015fvuru\u2019 gerek\u00e7esiyle ertelenmi\u015fti. Bu y\u00f6netmelik de\u011fi\u015fikli\u011fi ile birlikte ertelemenin as\u0131l amac\u0131 da ortaya \u00e7\u0131km\u0131\u015f oldu. Bu de\u011fi\u015fiklik tamamen siyasi bir karard\u0131r ve iktidar\u0131n devletin kurumlar\u0131n\u0131 dizayn etme amac\u0131n\u0131n somut bir g\u00f6stergesidir. \r<br>\r<br>Bas\u0131n Kartlar\u0131 Komisyonu\u2019nda bir \u00fcye ile uzun y\u0131llard\u0131r temsil edilen T\u00fcrkiye Gazeteciler Federasyonu ve dolay\u0131s\u0131yla Anadolu Medyas\u0131 son de\u011fi\u015fiklikle birlikte yok say\u0131lm\u0131\u015ft\u0131r. Komisyonunun \u00fcye say\u0131s\u0131 13\u2019ten 15\u2019e \u00e7\u0131kar\u0131lm\u0131\u015f fakat i\u00e7i bo\u015falt\u0131lm\u0131\u015f, komisyondaki muhalif g\u00f6r\u00fclen isimler ve kurumlar sistem d\u0131\u015f\u0131na itilmi\u015ftir. Bas\u0131n Kartlar\u0131 Komisyonu\u2019nun bu \u00fcye yap\u0131s\u0131 iktidar\u0131n ve onun emrindekilerinin tek ses istedi\u011finin bir g\u00f6stergesidir. Devletin b\u00fct\u00fcn kurumlar\u0131 dizayn ediliyor, dik duru\u015f sergileyenler, kendilerinden olmayanlar birer birer yok ediliyor. Bu b\u00fcy\u00fck bir demokrasi ay\u0131b\u0131d\u0131r. \r<br>\r<br>Demokrasinin, \u00e7ok seslili\u011fin, farkl\u0131 d\u00fc\u015f\u00fcncenin teminat\u0131 olmas\u0131 gereken siyasi iktidar ve onun emrindekiler ne yaz\u0131kki demokrasinin k\u00f6k\u00fcn\u00fc kaz\u0131yorlar. T\u00fcrkiye Gazeteciler Federasyonu olarak, 76 bas\u0131n meslek \u00f6rg\u00fct\u00fcn\u00fc ve federasyona ba\u011fl\u0131 20 binden fazla gazeteciyi yok sayan bu karar\u0131 kabul etmemiz m\u00fcmk\u00fcn de\u011fildir. Giderayak, adeta yang\u0131ndan mal ka\u00e7\u0131r\u0131r gibi hi\u00e7bir kuruma dan\u0131\u015fmadan haz\u0131rlanan bu y\u00f6netmelik bize g\u00f6re \u00f6l\u00fc do\u011fmu\u015ftur ve yok h\u00fckm\u00fcndedir. TGF olarak avukatlar\u0131m\u0131z arac\u0131l\u0131\u011f\u0131yla konuyu bug\u00fcn yarg\u0131ya ta\u015f\u0131yoruz. Kamuoyuna sayg\u0131lar\u0131m\u0131zla duyurulur.&#8221;<h3>Related Images:<\/h3>","protected":false},"excerpt":{"rendered":"<div class=\"mh-excerpt\"><p>T\u00fcrkiye Gazeteciler Federasyonu (TGF) Genel Ba\u015fkan Vekili Y\u0131lmaz Karaca, Ba\u015fbakanl\u0131k Bas\u0131n Yay\u0131n ve Enformasyon Genel M\u00fcd\u00fcrl\u00fc\u011f\u00fc\u2019nce Bas\u0131n Kartlar\u0131 Y\u00f6netmeli\u011fi\u2019nde yap\u0131lan de\u011fi\u015fikli\u011fi &#8220;\u0130ktidara uygun ve demokrasiye <a class=\"mh-excerpt-more\" href=\"https:\/\/kentyasam.com.tr\/wp\/2015\/08\/25\/tgf-yeni-yonetmelik-yok-hukmundedir\/\" title=\"TGF: Yeni y\u00f6netmelik yok h\u00fckm\u00fcndedir!\">[&#8230;]<\/a><\/p>\n<\/div>","protected":false},"author":1,"featured_media":47893,"comment_status":"open","ping_status":"open","sticky":false,"template":"","format":"standard","meta":{"ngg_post_thumbnail":0,"footnotes":""},"categories":[1],"tags":[],"_links":{"self":[{"href":"https:\/\/kentyasam.com.tr\/wp\/wp-json\/wp\/v2\/posts\/25145"}],"collection":[{"href":"https:\/\/kentyasam.com.tr\/wp\/wp-json\/wp\/v2\/posts"}],"about":[{"href":"https:\/\/kentyasam.com.tr\/wp\/wp-json\/wp\/v2\/types\/post"}],"author":[{"embeddable":true,"href":"https:\/\/kentyasam.com.tr\/wp\/wp-json\/wp\/v2\/users\/1"}],"replies":[{"embeddable":true,"href":"https:\/\/kentyasam.com.tr\/wp\/wp-json\/wp\/v2\/comments?post=25145"}],"version-history":[{"count":0,"href":"https:\/\/kentyasam.com.tr\/wp\/wp-json\/wp\/v2\/posts\/25145\/revisions"}],"wp:featuredmedia":[{"embeddable":true,"href":"https:\/\/kentyasam.com.tr\/wp\/wp-json\/wp\/v2\/media\/47893"}],"wp:attachment":[{"href":"https:\/\/kentyasam.com.tr\/wp\/wp-json\/wp\/v2\/media?parent=25145"}],"wp:term":[{"taxonomy":"category","embeddable":true,"href":"https:\/\/kentyasam.com.tr\/wp\/wp-json\/wp\/v2\/categories?post=25145"},{"taxonomy":"post_tag","embeddable":true,"href":"https:\/\/kentyasam.com.tr\/wp\/wp-json\/wp\/v2\/tags?post=25145"}],"curies":[{"name":"wp","href":"https:\/\/api.w.org\/{rel}","templated":true}]}}