{"id":25028,"date":"2015-07-22T00:00:00","date_gmt":"2015-07-22T00:00:00","guid":{"rendered":"http:\/\/kentyasam.com.tr\/wp\/?p=25028"},"modified":"2015-07-22T00:00:00","modified_gmt":"2015-07-22T00:00:00","slug":"igc-yayin-yasagi-derhal-kaldirilmali","status":"publish","type":"post","link":"https:\/\/kentyasam.com.tr\/wp\/2015\/07\/22\/igc-yayin-yasagi-derhal-kaldirilmali\/","title":{"rendered":"\u0130GC: Yay\u0131n yasa\u011f\u0131 derhal kald\u0131r\u0131lmal\u0131"},"content":{"rendered":"\u0130zmir Gazeteciler Cemiyeti (\u0130GC) Ba\u015fkan\u0131 Misket Dikmen, Suru\u00e7&#8217;taki ter\u00f6r sald\u0131r\u0131s\u0131na ili\u015fkin g\u00f6r\u00fcnt\u00fcler yay\u0131n yasa\u011f\u0131 getirilmesine tepki g\u00f6sterdi. Dikmen, &#8220;Suru\u00e7 Sulh Ceza Hakimli\u011fi&#8217;nin ald\u0131\u011f\u0131 yay\u0131n yasa\u011f\u0131 karar\u0131 bas\u0131n ve ifade \u00f6zg\u00fcrl\u00fc\u011f\u00fcne ayk\u0131r\u0131 bir karard\u0131r. Kamuoyunun do\u011fru ve objektif bilgilenmesi ad\u0131na yay\u0131n yasa\u011f\u0131 derhal kald\u0131r\u0131lmal\u0131d\u0131r&#8221; dedi. Halk\u0131n haber alma \u00f6zg\u00fcrl\u00fc\u011f\u00fcn\u00fc engellemeye y\u00f6nelik her t\u00fcrl\u00fc giri\u015fimin sans\u00fcr niteli\u011finde oldu\u011funu belirten \u0130GC Ba\u015fkan\u0131 Dikmen, yapt\u0131\u011f\u0131 yaz\u0131l\u0131 a\u00e7\u0131klamada \u015fu g\u00f6r\u00fc\u015fleri dile getirdi:\r<br>\r<br>&#8220;Suru\u00e7&#8217;ta meydana gelen patlama ve patlama sonras\u0131nda \u00e7ok say\u0131da vatanda\u015f\u0131m\u0131z\u0131n ya\u015fam\u0131n\u0131 yitirmesi hepimizi derinden \u00fczm\u00fc\u015ft\u00fcr. Patlama meydana gelir gelmez bir\u00e7ok olayda oldu\u011fu gibi her t\u00fcrl\u00fc tehlikeyi g\u00f6ze alarak olay yerine ilk giden gazeteciler olmu\u015ftur. Gazeteciler bir\u00e7ok olayda oldu\u011fu gibi Suru\u00e7&#8217;ta da neredeyse hi\u00e7 uyumadan kamuoyunun haber alma, ger\u00e7ekleri \u00f6\u011frenme hakk\u0131 i\u00e7in u\u011fra\u015f vermektedirler.\r<br>\r<br>B\u00f6lgede ya\u015fananlar\u0131 yaz\u0131l\u0131 ve g\u00f6rsel medya arac\u0131l\u0131\u011f\u0131yla halka aktaran gazeteciler daha \u00f6nce oldu\u011fu gibi bu olayda da halk\u0131n haber alma \u00f6zg\u00fcrl\u00fc\u011f\u00fcn\u00fc her \u015feyin \u00f6n\u00fcnde tutmaktad\u0131r. Ancak buna ra\u011fmen nedenini ve gerek\u00e7esini anlamad\u0131\u011f\u0131m\u0131z bir nedenle Suru\u00e7&#8217;la ilgili haber ve g\u00f6r\u00fcnt\u00fclere yay\u0131n yasa\u011f\u0131 konulmu\u015f, sosyal medya sitelerine de eri\u015fim engellenmi\u015ftir. Bu daha \u00f6nceden de \u00e7ok kez tan\u0131k oldu\u011fumuz bir \u015fekilde devlet eliyle sans\u00fcr giri\u015fimidir. Ger\u00e7ekler er ya da ge\u00e7 ortaya \u00e7\u0131kacakt\u0131r. T\u00fcrkiye&#8217;nin \u00f6nde gelen bas\u0131n meslek \u00f6rg\u00fctlerinden biri olan \u0130zmir Gazeteciler Cemiyeti olarak, bu yanl\u0131\u015ftan d\u00f6n\u00fclmesini ve yay\u0131n yasa\u011f\u0131n\u0131n derhal kald\u0131r\u0131lmas\u0131n\u0131 bekliyoruz.&#8221;<h3>Related Images:<\/h3>","protected":false},"excerpt":{"rendered":"<div class=\"mh-excerpt\"><p>\u0130zmir Gazeteciler Cemiyeti (\u0130GC) Ba\u015fkan\u0131 Misket Dikmen, Suru\u00e7&#8217;taki ter\u00f6r sald\u0131r\u0131s\u0131na ili\u015fkin g\u00f6r\u00fcnt\u00fcler yay\u0131n yasa\u011f\u0131 getirilmesine tepki g\u00f6sterdi. Dikmen, &#8220;Suru\u00e7 Sulh Ceza Hakimli\u011fi&#8217;nin ald\u0131\u011f\u0131 yay\u0131n yasa\u011f\u0131 <a class=\"mh-excerpt-more\" href=\"https:\/\/kentyasam.com.tr\/wp\/2015\/07\/22\/igc-yayin-yasagi-derhal-kaldirilmali\/\" title=\"\u0130GC: Yay\u0131n yasa\u011f\u0131 derhal kald\u0131r\u0131lmal\u0131\">[&#8230;]<\/a><\/p>\n<\/div>","protected":false},"author":1,"featured_media":47777,"comment_status":"open","ping_status":"open","sticky":false,"template":"","format":"standard","meta":{"ngg_post_thumbnail":0,"footnotes":""},"categories":[1],"tags":[],"_links":{"self":[{"href":"https:\/\/kentyasam.com.tr\/wp\/wp-json\/wp\/v2\/posts\/25028"}],"collection":[{"href":"https:\/\/kentyasam.com.tr\/wp\/wp-json\/wp\/v2\/posts"}],"about":[{"href":"https:\/\/kentyasam.com.tr\/wp\/wp-json\/wp\/v2\/types\/post"}],"author":[{"embeddable":true,"href":"https:\/\/kentyasam.com.tr\/wp\/wp-json\/wp\/v2\/users\/1"}],"replies":[{"embeddable":true,"href":"https:\/\/kentyasam.com.tr\/wp\/wp-json\/wp\/v2\/comments?post=25028"}],"version-history":[{"count":0,"href":"https:\/\/kentyasam.com.tr\/wp\/wp-json\/wp\/v2\/posts\/25028\/revisions"}],"wp:featuredmedia":[{"embeddable":true,"href":"https:\/\/kentyasam.com.tr\/wp\/wp-json\/wp\/v2\/media\/47777"}],"wp:attachment":[{"href":"https:\/\/kentyasam.com.tr\/wp\/wp-json\/wp\/v2\/media?parent=25028"}],"wp:term":[{"taxonomy":"category","embeddable":true,"href":"https:\/\/kentyasam.com.tr\/wp\/wp-json\/wp\/v2\/categories?post=25028"},{"taxonomy":"post_tag","embeddable":true,"href":"https:\/\/kentyasam.com.tr\/wp\/wp-json\/wp\/v2\/tags?post=25028"}],"curies":[{"name":"wp","href":"https:\/\/api.w.org\/{rel}","templated":true}]}}