{"id":24899,"date":"2015-06-12T00:00:00","date_gmt":"2015-06-12T00:00:00","guid":{"rendered":"http:\/\/kentyasam.com.tr\/wp\/?p=24899"},"modified":"2015-06-12T00:00:00","modified_gmt":"2015-06-12T00:00:00","slug":"sevgimiz-yeter-fotograf-sergisi-acildi","status":"publish","type":"post","link":"https:\/\/kentyasam.com.tr\/wp\/2015\/06\/12\/sevgimiz-yeter-fotograf-sergisi-acildi\/","title":{"rendered":"&#8220;Sevgimiz Yeter&#8221; foto\u011fraf sergisi a\u00e7\u0131ld\u0131"},"content":{"rendered":"\u0130zmir Foto\u011fraf Sanat\u0131 Derne\u011fi sanat\u00e7\u0131lar\u0131n\u0131n deste\u011fiyle e\u011fitim verilen zihinsel engellilerin eserlerinin yer ald\u0131\u011f\u0131 \u201cSevgimiz Yeter\u201d ba\u015fl\u0131kl\u0131 foto\u011fraf sergisi \u0130zmir Resim Heykel M\u00fczesi &#8211; \u015eeref Akdik Sergi Salonu\u2019nda a\u00e7\u0131ld\u0131. Sergi 15 Haziran 2015 Pazartesi g\u00fcn\u00fcne kadar gezilebilecek. Sergilenen eserlerin sat\u0131\u015f\u0131ndan elde edilecek gelir Z\u0130\u00c7EV&#8217;e b\u0131rak\u0131lacak.\r<br>\r<br>Zihinsel Yetersiz \u00c7ocuklar\u0131 Yeti\u015ftirme ve Koruma Vakf\u0131 (Z\u0130\u00c7EV) Zihin Ergo-Sum Fotograf At\u00f6lyesi ile \u0130FOD i\u015fbirli\u011fiyle zihinsel engellilere y\u00f6nelik e\u011fitim \u00e7al\u0131\u015fmas\u0131 ger\u00e7ekle\u015ftirildi. \u0130FOD Y\u00f6netim Kurulu Ba\u015fkan\u0131 Beyhan \u00d6zdemir ba\u015fkanl\u0131\u011f\u0131nda foto\u011fraf sanat\u00e7\u0131ar\u0131 Atilla \u00d6zdemir, Aylin Telef, Berna Fi\u015fek K\u0131z\u0131ltan, Celal Erdem, Levent \u00c7anakkalelio\u011flu, Melike Tunal\u0131, Nilg\u00fcn \u00d6zdemir, Zafer Gazi Tunal\u0131 zihinsel engellilere e\u011fitim verdi.\r<br>\r<br>E\u011fitim sonunda Z\u0130\u00c7EV \u00f6\u011frencilerinin \u00e7ektikleri foto\u011fraflar se\u00e7ilerek, sergi i\u00e7in haz\u0131r hale getirildi. Sergide, Alev K\u0131l\u0131\u00e7, Alev Pek\u00e7olak, Atike G\u00fcrleyen, Co\u015fkun \u00c7etinkol, G\u00f6khan Uluekmek\u00e7i, G\u00f6ktu\u011f A\u015f\u00e7\u0131o\u011flu, Habibe Elkomak, Haktan \u015eahino\u011flu, Hanife G\u00fcndo\u011far, H\u00fcseyin Birg\u00fcl, \u0130rem \u00dcnl\u00fcero\u011flugil, Merve \u00c7andar, Murat Naci Tarhan, Serdar Karal\u0131, Serhat I\u015f\u0131k, \u015e\u00fckran Karateke&#8217;nin eserleri yer ald\u0131. \r<br>\r<br>Etkinlik, Cummins Filtration adl\u0131 kurulu\u015fca sosyal sorumluluk projesi olarak desteklendi. Projeyle Z\u0130\u00c7EV \u00f6\u011fencilerine verilen e\u011fitim sonunda a\u00e7\u0131lan foto\u011fraf sergisiyle zihinsel engelli bireylerin topluma uyumuna katk\u0131 yan\u0131nda fark\u0131ndal\u0131k yarat\u0131lmas\u0131 ama\u00e7land\u0131.<h3>Related Images:<\/h3>","protected":false},"excerpt":{"rendered":"<div class=\"mh-excerpt\"><p>\u0130zmir Foto\u011fraf Sanat\u0131 Derne\u011fi sanat\u00e7\u0131lar\u0131n\u0131n deste\u011fiyle e\u011fitim verilen zihinsel engellilerin eserlerinin yer ald\u0131\u011f\u0131 \u201cSevgimiz Yeter\u201d ba\u015fl\u0131kl\u0131 foto\u011fraf sergisi \u0130zmir Resim Heykel M\u00fczesi &#8211; \u015eeref Akdik <a class=\"mh-excerpt-more\" href=\"https:\/\/kentyasam.com.tr\/wp\/2015\/06\/12\/sevgimiz-yeter-fotograf-sergisi-acildi\/\" title=\"&#8220;Sevgimiz Yeter&#8221; foto\u011fraf sergisi a\u00e7\u0131ld\u0131\">[&#8230;]<\/a><\/p>\n<\/div>","protected":false},"author":1,"featured_media":47650,"comment_status":"open","ping_status":"open","sticky":false,"template":"","format":"standard","meta":{"ngg_post_thumbnail":0,"footnotes":""},"categories":[1],"tags":[],"_links":{"self":[{"href":"https:\/\/kentyasam.com.tr\/wp\/wp-json\/wp\/v2\/posts\/24899"}],"collection":[{"href":"https:\/\/kentyasam.com.tr\/wp\/wp-json\/wp\/v2\/posts"}],"about":[{"href":"https:\/\/kentyasam.com.tr\/wp\/wp-json\/wp\/v2\/types\/post"}],"author":[{"embeddable":true,"href":"https:\/\/kentyasam.com.tr\/wp\/wp-json\/wp\/v2\/users\/1"}],"replies":[{"embeddable":true,"href":"https:\/\/kentyasam.com.tr\/wp\/wp-json\/wp\/v2\/comments?post=24899"}],"version-history":[{"count":0,"href":"https:\/\/kentyasam.com.tr\/wp\/wp-json\/wp\/v2\/posts\/24899\/revisions"}],"wp:featuredmedia":[{"embeddable":true,"href":"https:\/\/kentyasam.com.tr\/wp\/wp-json\/wp\/v2\/media\/47650"}],"wp:attachment":[{"href":"https:\/\/kentyasam.com.tr\/wp\/wp-json\/wp\/v2\/media?parent=24899"}],"wp:term":[{"taxonomy":"category","embeddable":true,"href":"https:\/\/kentyasam.com.tr\/wp\/wp-json\/wp\/v2\/categories?post=24899"},{"taxonomy":"post_tag","embeddable":true,"href":"https:\/\/kentyasam.com.tr\/wp\/wp-json\/wp\/v2\/tags?post=24899"}],"curies":[{"name":"wp","href":"https:\/\/api.w.org\/{rel}","templated":true}]}}