{"id":24859,"date":"2015-06-04T00:00:00","date_gmt":"2015-06-04T00:00:00","guid":{"rendered":"http:\/\/kentyasam.com.tr\/wp\/?p=24859"},"modified":"2015-06-04T00:00:00","modified_gmt":"2015-06-04T00:00:00","slug":"bilimadamlari-izmirde-su-tartismasi-yapacak","status":"publish","type":"post","link":"https:\/\/kentyasam.com.tr\/wp\/2015\/06\/04\/bilimadamlari-izmirde-su-tartismasi-yapacak\/","title":{"rendered":"Bilimadamlar\u0131 \u0130zmir\u2019de \u201csu\u201d tart\u0131\u015fmas\u0131 yapacak"},"content":{"rendered":"\u0130zmir B\u00fcy\u00fck\u015fehir Belediyesi ev sahipli\u011finde \u0130ZFA\u015e ve \u0130ZSU Genel M\u00fcd\u00fcrl\u00fc\u011f\u00fc i\u015fbirli\u011finde d\u00fczenlenecek Uluslararas\u0131 S\u00fcrd\u00fcr\u00fclebilir Su Y\u00f6netimi Kongresi, 08 \u2013 10 Ekim 2015 tarihlerinde Fuar \u0130zmir\u2019de ger\u00e7ekle\u015ftirilecek. Kongrenin ba\u015fkanl\u0131\u011f\u0131 \u0130zmir B\u00fcy\u00fck\u015fehir Belediye Ba\u015fkan\u0131 Aziz Kocao\u011flu taraf\u0131ndan y\u00fcr\u00fct\u00fclecek.\r<br>\r<br>\u00d6te yandan Uluslararas\u0131 S\u00fcrd\u00fcr\u00fclebilir Su Y\u00f6netimi Kongresi ile e\u015f zamanl\u0131 olarak Kent Expo &#8211; \u015eehircilik ve Kent \u0130htiya\u00e7lar\u0131 Fuar\u0131 3. kez \u0130ZFA\u015e taraf\u0131ndan ger\u00e7ekle\u015ftiriliyor.\r<br>\r<br>Su y\u00f6netiminin k\u00fcresel, b\u00f6lgesel ve bireysel boyutlar\u0131n\u0131n ele al\u0131naca\u011f\u0131 kongrede; su kaynaklar\u0131, su tasarrufu, sel sular\u0131n\u0131n kontrol\u00fc\/y\u00f6netimi, geri kullan\u0131m, su stratejileri, s\u00fcrd\u00fcr\u00fclebilir altyap\u0131 ve kamu hizmetleri, enerji verimlili\u011fi konular\u0131na yer verilecek.\r<br>Ayr\u0131ca, etkinli\u011fin ikinci g\u00fcn\u00fc kongreye davetli olan B\u00fcy\u00fck\u015fehir Belediyeleri Su ve Kanalizasyon \u0130dareleri Genel M\u00fcd\u00fcrlerinin (ESK\u0130, \u0130SK\u0130, \u0130SU, MUSK\u0130) kat\u0131l\u0131m\u0131 ile su y\u00f6netimine \u0130darelerin yakla\u015f\u0131m\u0131 ve farkl\u0131 bak\u0131\u015f a\u00e7\u0131lar\u0131n\u0131n tart\u0131\u015f\u0131laca\u011f\u0131 bir panel de ger\u00e7ekle\u015ftirilecek.\r<br> Bu kongre ile su y\u00f6netiminde yetkili kurumlar\u0131n, su kaynaklar\u0131n\u0131n belirlenmesi, geli\u015ftirilmesi, i\u015fletilmesi, bak\u0131m\u0131 ve korunmas\u0131, y\u00f6netim kademelerindeki sorunlar\u0131n belirlenmesi, tart\u0131\u015f\u0131lmas\u0131 ve \u00e7\u00f6z\u00fcm y\u00f6ntemlerinin ara\u015ft\u0131r\u0131lmas\u0131 konular\u0131nda elde ettikleri deneyim, bilgi ve \u00e7\u00f6z\u00fcm birikimlerini payla\u015facaklar\u0131, ortak de\u011ferlendirme ve \u00e7\u00f6z\u00fcm \u00f6nerilerini sunacaklar\u0131 bir platform olu\u015fturulmas\u0131 hedeflenmektedir.\r<br>\r<br>Kongrede sunum yapmak isteyen kat\u0131l\u0131mc\u0131lar\u0131n \u00f6ncelikle bildiri \u00f6zetleri ile ba\u015fvuru yapmalar\u0131 ve bildiri tam metinlerini 27 A\u011fustos 2015 tarihine kadar http:\/\/www.izmirsukongresi.org adresi \u00fczerinden online olarak y\u00fcklemeleri gerekiyor.    \r<h3>Related Images:<\/h3>","protected":false},"excerpt":{"rendered":"<div class=\"mh-excerpt\"><p>\u0130zmir B\u00fcy\u00fck\u015fehir Belediyesi ev sahipli\u011finde \u0130ZFA\u015e ve \u0130ZSU Genel M\u00fcd\u00fcrl\u00fc\u011f\u00fc i\u015fbirli\u011finde d\u00fczenlenecek Uluslararas\u0131 S\u00fcrd\u00fcr\u00fclebilir Su Y\u00f6netimi Kongresi, 08 \u2013 10 Ekim 2015 tarihlerinde Fuar \u0130zmir\u2019de <a class=\"mh-excerpt-more\" href=\"https:\/\/kentyasam.com.tr\/wp\/2015\/06\/04\/bilimadamlari-izmirde-su-tartismasi-yapacak\/\" title=\"Bilimadamlar\u0131 \u0130zmir\u2019de \u201csu\u201d tart\u0131\u015fmas\u0131 yapacak\">[&#8230;]<\/a><\/p>\n<\/div>","protected":false},"author":1,"featured_media":47610,"comment_status":"open","ping_status":"open","sticky":false,"template":"","format":"standard","meta":{"ngg_post_thumbnail":0,"footnotes":""},"categories":[1],"tags":[],"_links":{"self":[{"href":"https:\/\/kentyasam.com.tr\/wp\/wp-json\/wp\/v2\/posts\/24859"}],"collection":[{"href":"https:\/\/kentyasam.com.tr\/wp\/wp-json\/wp\/v2\/posts"}],"about":[{"href":"https:\/\/kentyasam.com.tr\/wp\/wp-json\/wp\/v2\/types\/post"}],"author":[{"embeddable":true,"href":"https:\/\/kentyasam.com.tr\/wp\/wp-json\/wp\/v2\/users\/1"}],"replies":[{"embeddable":true,"href":"https:\/\/kentyasam.com.tr\/wp\/wp-json\/wp\/v2\/comments?post=24859"}],"version-history":[{"count":0,"href":"https:\/\/kentyasam.com.tr\/wp\/wp-json\/wp\/v2\/posts\/24859\/revisions"}],"wp:featuredmedia":[{"embeddable":true,"href":"https:\/\/kentyasam.com.tr\/wp\/wp-json\/wp\/v2\/media\/47610"}],"wp:attachment":[{"href":"https:\/\/kentyasam.com.tr\/wp\/wp-json\/wp\/v2\/media?parent=24859"}],"wp:term":[{"taxonomy":"category","embeddable":true,"href":"https:\/\/kentyasam.com.tr\/wp\/wp-json\/wp\/v2\/categories?post=24859"},{"taxonomy":"post_tag","embeddable":true,"href":"https:\/\/kentyasam.com.tr\/wp\/wp-json\/wp\/v2\/tags?post=24859"}],"curies":[{"name":"wp","href":"https:\/\/api.w.org\/{rel}","templated":true}]}}