{"id":24814,"date":"2015-05-25T00:00:00","date_gmt":"2015-05-25T00:00:00","guid":{"rendered":"http:\/\/kentyasam.com.tr\/wp\/?p=24814"},"modified":"2015-05-25T00:00:00","modified_gmt":"2015-05-25T00:00:00","slug":"kucukkurt-turkonfed-yonetimine-secildi","status":"publish","type":"post","link":"https:\/\/kentyasam.com.tr\/wp\/2015\/05\/25\/kucukkurt-turkonfed-yonetimine-secildi\/","title":{"rendered":"K\u00fc\u00e7\u00fckkurt T\u00dcRKONFED y\u00f6netimine se\u00e7ildi"},"content":{"rendered":"\u0130zmir Sanayici ve \u0130\u015fadamlar\u0131 Derne\u011fi (\u0130ZS\u0130AD) Y\u00f6netim Kurulu Ba\u015fkan\u0131 Hasan K\u00fc\u00e7\u00fckkurt, T\u00fcrk Giri\u015fim ve \u0130\u015f D\u00fcnyas\u0131 Konfederasyonu\u2019nun (T\u00dcRKONFED) yap\u0131lan 11. Genel Kurulu\u2019nda, Tarkan Kadoo\u011flu Ba\u015fkanl\u0131\u011f\u0131\u2019nda ki yeni y\u00f6netime se\u00e7ildi. \r<br>\r<br>T\u00fcrkiye\u2019de \u00f6rg\u00fctl\u00fc 22 federasyon ve 150 dernek \u00fczerinden, 12 bin 500 i\u015f insan\u0131 ve 30 bine yak\u0131n \u015firketin yer ald\u0131\u011f\u0131 T\u00dcRKONFED\u2019in 11. Ola\u011fan Genel Kurulu \u00c7\u0131ra\u011fan Saray\u0131 Balo Salonu\u2019nda yap\u0131ld\u0131. Maliye Bakan\u0131 Mehmet \u015eim\u015fek ve TUS\u0130AD Ba\u015fkan\u0131 Cansen Ba\u015faran Symes\u2019inde kat\u0131ld\u0131\u011f\u0131 Genel Kurul\u2019da, mevcut Ba\u015fkan S\u00fcleyman Onat\u00e7a, aday olmad\u0131. G\u00f6revini g\u00f6n\u00fcl rahatl\u0131\u011f\u0131 i\u00e7inde devretti\u011fini belirten Onat\u00e7a, se\u00e7ilecek yeni y\u00f6netime de ba\u015far\u0131lar diledi. \r<br>\r<br>Genel Kurul\u2019da konu\u015fmalar\u0131n ard\u0131ndan yap\u0131lan se\u00e7imde tek Ba\u015fkan Aday\u0131 Tarkan Kadoo\u011flu\u2019nun listesiyle se\u00e7ime gidildi. \u0130ZS\u0130AD Y\u00f6netim Kurulu Ba\u015fkan\u0131 Hasan K\u00fc\u00e7\u00fckkurt, en y\u00fcksek oylardan birini alarak Tarkan Kadoo\u011flu Ba\u015fkanl\u0131\u011f\u0131ndaki yeni y\u00f6netime se\u00e7ildi. \u0130\u015f d\u00fcnyas\u0131n\u0131n en g\u00fc\u00e7l\u00fc \u00e7at\u0131 \u00f6rg\u00fctlenmesinde \u0130ZS\u0130AD ve BAS\u0130FED ba\u015fta olmak \u00fczere \u0130zmir\u2019i temsil etmenin gurur verici oldu\u011funu dile getiren K\u00fc\u00e7\u00fckkurt, \u2018\u2019Bize g\u00fcvenen de\u011ferli \u00fcyelere \u015f\u00fckranlar\u0131m\u0131 sunuyorum\u2019\u2019 dedi.\r<h3>Related Images:<\/h3>","protected":false},"excerpt":{"rendered":"<div class=\"mh-excerpt\"><p>\u0130zmir Sanayici ve \u0130\u015fadamlar\u0131 Derne\u011fi (\u0130ZS\u0130AD) Y\u00f6netim Kurulu Ba\u015fkan\u0131 Hasan K\u00fc\u00e7\u00fckkurt, T\u00fcrk Giri\u015fim ve \u0130\u015f D\u00fcnyas\u0131 Konfederasyonu\u2019nun (T\u00dcRKONFED) yap\u0131lan 11. Genel Kurulu\u2019nda, Tarkan Kadoo\u011flu Ba\u015fkanl\u0131\u011f\u0131\u2019nda <a class=\"mh-excerpt-more\" href=\"https:\/\/kentyasam.com.tr\/wp\/2015\/05\/25\/kucukkurt-turkonfed-yonetimine-secildi\/\" title=\"K\u00fc\u00e7\u00fckkurt T\u00dcRKONFED y\u00f6netimine se\u00e7ildi\">[&#8230;]<\/a><\/p>\n<\/div>","protected":false},"author":1,"featured_media":47567,"comment_status":"open","ping_status":"open","sticky":false,"template":"","format":"standard","meta":{"ngg_post_thumbnail":0,"footnotes":""},"categories":[1],"tags":[],"_links":{"self":[{"href":"https:\/\/kentyasam.com.tr\/wp\/wp-json\/wp\/v2\/posts\/24814"}],"collection":[{"href":"https:\/\/kentyasam.com.tr\/wp\/wp-json\/wp\/v2\/posts"}],"about":[{"href":"https:\/\/kentyasam.com.tr\/wp\/wp-json\/wp\/v2\/types\/post"}],"author":[{"embeddable":true,"href":"https:\/\/kentyasam.com.tr\/wp\/wp-json\/wp\/v2\/users\/1"}],"replies":[{"embeddable":true,"href":"https:\/\/kentyasam.com.tr\/wp\/wp-json\/wp\/v2\/comments?post=24814"}],"version-history":[{"count":0,"href":"https:\/\/kentyasam.com.tr\/wp\/wp-json\/wp\/v2\/posts\/24814\/revisions"}],"wp:featuredmedia":[{"embeddable":true,"href":"https:\/\/kentyasam.com.tr\/wp\/wp-json\/wp\/v2\/media\/47567"}],"wp:attachment":[{"href":"https:\/\/kentyasam.com.tr\/wp\/wp-json\/wp\/v2\/media?parent=24814"}],"wp:term":[{"taxonomy":"category","embeddable":true,"href":"https:\/\/kentyasam.com.tr\/wp\/wp-json\/wp\/v2\/categories?post=24814"},{"taxonomy":"post_tag","embeddable":true,"href":"https:\/\/kentyasam.com.tr\/wp\/wp-json\/wp\/v2\/tags?post=24814"}],"curies":[{"name":"wp","href":"https:\/\/api.w.org\/{rel}","templated":true}]}}