{"id":24795,"date":"2015-05-20T00:00:00","date_gmt":"2015-05-20T00:00:00","guid":{"rendered":"http:\/\/kentyasam.com.tr\/wp\/?p=24795"},"modified":"2015-05-20T00:00:00","modified_gmt":"2015-05-20T00:00:00","slug":"bergama-kermesi-79-yasinda","status":"publish","type":"post","link":"https:\/\/kentyasam.com.tr\/wp\/2015\/05\/20\/bergama-kermesi-79-yasinda\/","title":{"rendered":"Bergama Kermesi 79 ya\u015f\u0131nda"},"content":{"rendered":"T\u00fcrkiye\u2019nin en \u00f6nemli kermeslerinden biri olan Bergama Kermesi bu y\u0131l 79. kez kap\u0131lar\u0131n\u0131 a\u00e7acak. Kermes 8 &#8211; 14 Haziran 2015 tarihleri aras\u0131nda d\u00fczenlenecek. Bir hafta boyunca Bergamal\u0131lara k\u00fclt\u00fcr ve sanat dolu g\u00fcnler ya\u015fatacak olan kermeste d\u00fczenlenecek konserler Asklepion ve Cumnuriyet Meydan\u0131\u2019n\u0131n yan\u0131s\u0131ra beldeleri de \u015fenlendirecek.\r<br>\r<br>Kermes kapsam\u0131nda, 9 Haziran\u2019da Ankara Devlet THM Korosu, 10 Haziran\u2019da \u0130zmir Sahne Tiyatrosu, 11 Haziran\u2019da \u00fcnl\u00fc \u015fark\u0131c\u0131 Kubat, 12 Haziran\u2019da Enver Aysever ile Ayk\u0131r\u0131 Kumpanya, 13 Haziran\u2019da ise T\u00fcrk Pop M\u00fczi\u011fi\u2019nin \u00fcnl\u00fc ismi Burcu G\u00fcne\u015f Asklepion\u2019da Bergamal\u0131lar ile bulu\u015facak.\r<br>\r<br>Cumhuriyet Meydan\u0131\u2019ndaki etkinlikler kapsam\u0131nda ise 8 Haziran\u2019da \u00fcnl\u00fc keman virt\u00fc\u00f6z\u00fc Canan Anderson, 10 Haziran\u2019da Kolpa Grubu, 11 Haziran\u2019da Grup Koliva, 12 Haziran\u2019da Erdal Erzincan, 13 Haziran\u2019da Fide K\u00f6ksal, 14 Haziran\u2019da Mine Ge\u00e7ili sahne alacak.\r<br>\r<br>Bergama Kermesi boyunca B\u00fct\u00fcn\u015fehir Yasas\u0131 ile Bergama\u2019n\u0131n yeni mahalleleri olan beldeler de de etkinlikler d\u00fczenlenecek. 9 Haziran\u2019da Selcan K\u00f6k\u00e7en \u015eahin Ayaskent\u2019te, 13 Haziran\u2019da G\u00f6\u00e7beyli\u2019de, \u0130zmir B\u00fcy\u00fck\u015fehir Belediyesi Pop Orkestras\u0131 10 Haziran\u2019da Zeytinda\u011f\u2019da, Gamze Matrac\u0131 11 Haziran\u2019da Yenikent\u2019te, Ali Altay 12 Haziran\u2019da B\u00f6lcek\u2019te, Cenk Bosnal\u0131 12 Haziran\u2019da \u0130stiklal Meydan\u0131\u2019nda, Mehmet Ali \u00c7akar 14 Haziran\u2019da Kozak Kermes Alan\u0131\u2019nda konser verecek.\r<br>\r<br>79. Uluslararas\u0131 Bergama Kermesi\u2019nde geleneksel olarak her y\u0131l ger\u00e7ekle\u015fen Trap At\u0131\u015flar\u0131, 13 \u2013 14 Haziran tarihlerinde; Cirit \u2013 Cop Oyunlar\u0131 ise 13 Haziran\u2019da ise d\u00fczenlenecek.\r<h3>Related Images:<\/h3>","protected":false},"excerpt":{"rendered":"<div class=\"mh-excerpt\"><p>T\u00fcrkiye\u2019nin en \u00f6nemli kermeslerinden biri olan Bergama Kermesi bu y\u0131l 79. kez kap\u0131lar\u0131n\u0131 a\u00e7acak. Kermes 8 &#8211; 14 Haziran 2015 tarihleri aras\u0131nda d\u00fczenlenecek. Bir hafta <a class=\"mh-excerpt-more\" href=\"https:\/\/kentyasam.com.tr\/wp\/2015\/05\/20\/bergama-kermesi-79-yasinda\/\" title=\"Bergama Kermesi 79 ya\u015f\u0131nda\">[&#8230;]<\/a><\/p>\n<\/div>","protected":false},"author":1,"featured_media":47548,"comment_status":"open","ping_status":"open","sticky":false,"template":"","format":"standard","meta":{"ngg_post_thumbnail":0,"footnotes":""},"categories":[1],"tags":[],"_links":{"self":[{"href":"https:\/\/kentyasam.com.tr\/wp\/wp-json\/wp\/v2\/posts\/24795"}],"collection":[{"href":"https:\/\/kentyasam.com.tr\/wp\/wp-json\/wp\/v2\/posts"}],"about":[{"href":"https:\/\/kentyasam.com.tr\/wp\/wp-json\/wp\/v2\/types\/post"}],"author":[{"embeddable":true,"href":"https:\/\/kentyasam.com.tr\/wp\/wp-json\/wp\/v2\/users\/1"}],"replies":[{"embeddable":true,"href":"https:\/\/kentyasam.com.tr\/wp\/wp-json\/wp\/v2\/comments?post=24795"}],"version-history":[{"count":0,"href":"https:\/\/kentyasam.com.tr\/wp\/wp-json\/wp\/v2\/posts\/24795\/revisions"}],"wp:featuredmedia":[{"embeddable":true,"href":"https:\/\/kentyasam.com.tr\/wp\/wp-json\/wp\/v2\/media\/47548"}],"wp:attachment":[{"href":"https:\/\/kentyasam.com.tr\/wp\/wp-json\/wp\/v2\/media?parent=24795"}],"wp:term":[{"taxonomy":"category","embeddable":true,"href":"https:\/\/kentyasam.com.tr\/wp\/wp-json\/wp\/v2\/categories?post=24795"},{"taxonomy":"post_tag","embeddable":true,"href":"https:\/\/kentyasam.com.tr\/wp\/wp-json\/wp\/v2\/tags?post=24795"}],"curies":[{"name":"wp","href":"https:\/\/api.w.org\/{rel}","templated":true}]}}