{"id":24741,"date":"2015-05-11T00:00:00","date_gmt":"2015-05-11T00:00:00","guid":{"rendered":"http:\/\/kentyasam.com.tr\/wp\/?p=24741"},"modified":"2015-05-11T00:00:00","modified_gmt":"2015-05-11T00:00:00","slug":"yeralti-kaynaklari-minex-fuari-ile-gun-yuzune-cikiyor","status":"publish","type":"post","link":"https:\/\/kentyasam.com.tr\/wp\/2015\/05\/11\/yeralti-kaynaklari-minex-fuari-ile-gun-yuzune-cikiyor\/","title":{"rendered":"Yeralt\u0131 kaynaklar\u0131 Minex Fuar\u0131 ile g\u00fcn y\u00fcz\u00fcne \u00e7\u0131k\u0131yor"},"content":{"rendered":"Minex \u2013 Madencilik, Do\u011fal Kaynaklar ve Teknolojileri Fuar\u0131, 14 May\u0131s 2015 Per\u015fembe g\u00fcn\u00fc kap\u0131lar\u0131n\u0131 6. kez a\u00e7acak. \u0130zmir B\u00fcy\u00fck\u015fehir Belediyesi ev sahipli\u011finde \u0130ZFA\u015e taraf\u0131ndan d\u00fczenlenen Minex&#8217;e, 11 \u00fclkeden 160 firma kat\u0131l\u0131yor. Sadece sekt\u00f6re y\u00f6nelik profesyonel ziyaret\u00e7iye a\u00e7\u0131k olan Minex, Fuarizmir&#8217;in A hol\u00fcnde ger\u00e7ekle\u015fecek. Fuara bu y\u0131l ilk defa \u00c7ek Cumhuriyeti&#8217;nden milli kat\u0131l\u0131m d\u00fczenlemesi ger\u00e7ekle\u015ftirilecek. Sekt\u00f6r\u00fcn en g\u00fc\u00e7l\u00fc 12 \u00c7ek Cumhuriyeti firmas\u0131, Minex fuar\u0131nda \u00fcr\u00fcn ve teknolojilerini tan\u0131tacak. Milli d\u00fczeyde kat\u0131lan firmalar\u0131n \u00fcr\u00fcn gruplar\u0131nda ekskavat\u00f6rler, bant sistemleri, madencilik ekipmanlar\u0131, enerji destek ekipmanlar\u0131, yeralt\u0131 ekipmanlar\u0131, konvey\u00f6rler, y\u00fczey ekipmanlar\u0131, ta\u015f\u0131ma kald\u0131rma ekipmanlar\u0131, maden teknolojileri, madencilik makinalar\u0131, sondaj makinalar\u0131 yer alacak.\r<br>\r<br>16 May\u0131s Cumartesi g\u00fcn\u00fc sona erecek Minex fuar\u0131nda, y\u00fcksek maden potansiyeline sahip \u00fclkemizin madencilik sekt\u00f6r\u00fcnde faaliyet g\u00f6steren firmalar\u0131 yer alacak. Kat\u0131l\u0131mc\u0131lar fuar s\u00fcresince \u00fcr\u00fcn ve hizmetlerini tan\u0131t\u0131rken, yeni i\u015fbirli\u011fi olanaklar\u0131 elde edecek.\r<br>\r<br>Madencilik sekt\u00f6r\u00fcn\u00fcn hedeflerine uygun olarak yurti\u00e7i ve yurtd\u0131\u015f\u0131 hedef pazarlarda tan\u0131t\u0131m \u00e7al\u0131\u015fmalar\u0131n\u0131 aral\u0131ks\u0131z s\u00fcrd\u00fcren \u0130ZFA\u015e, sekt\u00f6r\u00fcn ihtiya\u00e7 ve beklentilerine en iyi \u015fekilde yan\u0131t vermeyi ama\u00e7l\u0131yor.\r<br>\r<br>Fuara, al\u0131m heyeti \u00e7al\u0131\u015fmalar\u0131 kapsam\u0131nda Azerbaycan, \u0130ran, Rusya ve Kazakistan ba\u015fta olmak \u00fczere \u00e7e\u015fitli \u00fclkelerden profesyonel ziyaret\u00e7i bekleniyor.\r<br>\r<br>\u00dc\u00e7 g\u00fcn s\u00fcrecek fuarda metalik madenler, end\u00fcstriyel, kimyasal, g\u00fcbre sanayi hammaddeleri, seramik refrakter cam sanayi hammaddeleri, \u00e7imento hammaddeleri ve yap\u0131 malzemeleri, enerji hammaddelerinden k\u0131ymetli ta\u015flar ve prospeksiyon, maden i\u015fletme, sondaj ve cevher haz\u0131rlama, zenginle\u015ftirme makinalar\u0131 ile i\u015f sa\u011fl\u0131\u011f\u0131 ve g\u00fcvenlik malzemeleri sergilenecek.\r<br>\r<br>Minex &#8211; 6. Madencilik, Do\u011fal Kaynaklar ve Teknolojileri Fuar\u0131 ile ayn\u0131 tarihlerde ger\u00e7ekle\u015fecek 9. Uluslararas\u0131 End\u00fcstriyel Hammaddeler Sempozyumu da yap\u0131lacak. TMMOB Maden M\u00fchendisleri Odas\u0131 \u0130zmir \u015eubesi,  Dokuz Eyl\u00fcl \u00dcniversitesi Maden M\u00fchendisli\u011fi B\u00f6l\u00fcm\u00fc ve \u0130ZFA\u015e ile i\u015fbirli\u011finde 14 \u2013 15 May\u0131s 2015 tarihlerinde d\u00fczenlenecek bilimsel \u015fenli\u011fe; 6 \u00fclkeden ve T\u00fcrkiye&#8217;den 300\u2019\u00fcn \u00fczerinde madenci, delege olarak kat\u0131lacak. Fuarizmir&#8217;in A ve B hol\u00fc seminer salonlar\u0131nda ger\u00e7ekle\u015ftirilecek sempozyumda, 5&#8217;i yabanc\u0131, 67&#8217;si yerli toplam 72&#8217;i adet bildiri sunulacak.  <h3>Related Images:<\/h3>","protected":false},"excerpt":{"rendered":"<div class=\"mh-excerpt\"><p>Minex \u2013 Madencilik, Do\u011fal Kaynaklar ve Teknolojileri Fuar\u0131, 14 May\u0131s 2015 Per\u015fembe g\u00fcn\u00fc kap\u0131lar\u0131n\u0131 6. kez a\u00e7acak. \u0130zmir B\u00fcy\u00fck\u015fehir Belediyesi ev sahipli\u011finde \u0130ZFA\u015e taraf\u0131ndan d\u00fczenlenen <a class=\"mh-excerpt-more\" href=\"https:\/\/kentyasam.com.tr\/wp\/2015\/05\/11\/yeralti-kaynaklari-minex-fuari-ile-gun-yuzune-cikiyor\/\" title=\"Yeralt\u0131 kaynaklar\u0131 Minex Fuar\u0131 ile g\u00fcn y\u00fcz\u00fcne \u00e7\u0131k\u0131yor\">[&#8230;]<\/a><\/p>\n<\/div>","protected":false},"author":1,"featured_media":47494,"comment_status":"open","ping_status":"open","sticky":false,"template":"","format":"standard","meta":{"ngg_post_thumbnail":0,"footnotes":""},"categories":[1],"tags":[],"_links":{"self":[{"href":"https:\/\/kentyasam.com.tr\/wp\/wp-json\/wp\/v2\/posts\/24741"}],"collection":[{"href":"https:\/\/kentyasam.com.tr\/wp\/wp-json\/wp\/v2\/posts"}],"about":[{"href":"https:\/\/kentyasam.com.tr\/wp\/wp-json\/wp\/v2\/types\/post"}],"author":[{"embeddable":true,"href":"https:\/\/kentyasam.com.tr\/wp\/wp-json\/wp\/v2\/users\/1"}],"replies":[{"embeddable":true,"href":"https:\/\/kentyasam.com.tr\/wp\/wp-json\/wp\/v2\/comments?post=24741"}],"version-history":[{"count":0,"href":"https:\/\/kentyasam.com.tr\/wp\/wp-json\/wp\/v2\/posts\/24741\/revisions"}],"wp:featuredmedia":[{"embeddable":true,"href":"https:\/\/kentyasam.com.tr\/wp\/wp-json\/wp\/v2\/media\/47494"}],"wp:attachment":[{"href":"https:\/\/kentyasam.com.tr\/wp\/wp-json\/wp\/v2\/media?parent=24741"}],"wp:term":[{"taxonomy":"category","embeddable":true,"href":"https:\/\/kentyasam.com.tr\/wp\/wp-json\/wp\/v2\/categories?post=24741"},{"taxonomy":"post_tag","embeddable":true,"href":"https:\/\/kentyasam.com.tr\/wp\/wp-json\/wp\/v2\/tags?post=24741"}],"curies":[{"name":"wp","href":"https:\/\/api.w.org\/{rel}","templated":true}]}}