{"id":24726,"date":"2015-05-08T00:00:00","date_gmt":"2015-05-08T00:00:00","guid":{"rendered":"http:\/\/kentyasam.com.tr\/wp\/?p=24726"},"modified":"2015-05-08T00:00:00","modified_gmt":"2015-05-08T00:00:00","slug":"demirtas-kruvaziyerde-panige-gerek-yok","status":"publish","type":"post","link":"https:\/\/kentyasam.com.tr\/wp\/2015\/05\/08\/demirtas-kruvaziyerde-panige-gerek-yok\/","title":{"rendered":"Demirta\u015f: Kruvaziyerde pani\u011fe gerek yok"},"content":{"rendered":"Kruvaziyer turizminde pani\u011fe gerek olmad\u0131\u011f\u0131n savunan \u0130zmir Ticaret Odas\u0131 (\u0130TO) Y\u00f6netim Kurulu Ba\u015fkan\u0131 Ekrem Demirta\u015f, 6 May\u0131s \u00c7ar\u015famba g\u00fcn\u00fc \u0130zmir Liman\u0131na MSC Magnifica ve Costa Deliziosa olmak \u00fczere iki adet  Kruvaziyer Gemisi geldi\u011fini s\u00f6yledi. Demirta\u015f, &#8220;MSC Magnifica ile 2 bin 790 yolcu, 980 tayfa ile Katakolon&#8217;dan gelip, \u0130stanbul&#8217;a giderken, Costa Deliziosa ile de 1959 yolcu, 885 tayfa ile Santorini&#8217;den gelip Argostoli Liman\u0131&#8217;na devam etti. \u0130ki kruvaziyerde toplam 4 bin 749 yolcu, bin 865 tayfa \u0130zmir&#8217;e geldi. \u0130ki gemi i\u00e7in toplam 18 otob\u00fcs Efes, 11 otob\u00fcs \u015fehiri\u00e7i turu i\u00e7in kald\u0131r\u0131ld\u0131. 3bin 789 yolcu tura kat\u0131lmay\u0131p kendi imkanlar\u0131yla \u015fehir gezdi&#8221;dedi. \u0130zmir\u2019in de i\u00e7inde oldu\u011fu t\u00fcm Akdeniz&#8217;de kruvaziyer turizmde bir d\u00fc\u015f\u00fc\u015f ya\u015fand\u0131\u011f\u0131n\u0131, bunun da d\u00f6nemsel ve normal oldu\u011funu belirten Demirta\u015f, &#8220;Ama ne yaz\u0131k ki kentimizde baz\u0131 felaket tellallar\u0131 bu olay\u0131 ba\u015fka yere \u00e7ekiyor. \u0130ki gemi i\u00e7in bu felaket tellallar\u0131 ne diyecek \u00e7ok merak ediyorum&#8221; dedi.\r<br>\r<br>Demirta\u015f, sekt\u00f6rde bu tip dalgalanmalar\u0131n olmas\u0131n\u0131n normal oldu\u011funu belirterek, &#8220;Bir kruvaziyer gemisi gider, bir kruvaziyer gemisi gelir. Sekt\u00f6rde bu tip dalgalanmalar olur, normal. \u015eu anda b\u00f6lgesel s\u0131k\u0131nt\u0131lar\u0131 \u00e7ekiyoruz. Bunu, bizim gibi T\u00fcrkiye&#8217;de ve b\u00f6lgemizde ba\u015fka limanlar da \u00e7ekiyor ama sessiz ve sakin pazarlama \u00e7al\u0131\u015fmalar\u0131na devam ediyorlar. Bunlarla moral bozmaya, panik olmaya  gerek yok&#8221; dedi. Demirta\u015f, \u015f\u00f6yle konu\u015ftu:\r<br>\r<br>&#8220;\u0130zmir 8 bin 500 y\u0131ld\u0131r burada. D\u00fcnya d\u00f6nd\u00fck\u00e7e de burada kalacak. \u0130zmir yand\u0131 y\u0131k\u0131ld\u0131, ama her zaman k\u00fcllerinden daha g\u00fc\u00e7l\u00fc bir \u015fekilde yeniden do\u011fdu. Ayn\u0131 \u015fey kruvaziyer turizm i\u00e7in de ge\u00e7erli, kruvaziyer turizmdeki bu k\u00fcresel dalgalanma kaynakl\u0131 d\u00fc\u015f\u00fc\u015f de sona erecek. Ama \u00f6nemli olan, yeter ki devletten sekt\u00f6r\u00fc olumsuz etkileyecek bir hareket gelmesin, birden bire tarifeler y\u00fckselmesin. Bu tip hareketlerin kruvaziyer turizmi \u00fczerindeki etkileri \u00e7ok daha sars\u0131c\u0131 oluyor. Belediye tur otob\u00fcs\u00fcne bini\u015fin fiyat\u0131 10 eurodan 20 euroya \u00e7\u0131kt\u0131\u011f\u0131 zaman, taksi \u015fof\u00f6r\u00fc 10 euro ald\u0131\u011f\u0131 mesafeye 15 euro olmaya ba\u015flad\u0131\u011f\u0131 zaman yabanc\u0131lar\u0131n tepkisi \u00e7ok daha fazla oluyor ve \u00e7ok daha olumsuz etkileniyor. Buradan bak\u0131nca bu tip de\u011fi\u015fiklikler normal gibi g\u00f6z\u00fckebilir ama yabanc\u0131lara bunu anlatamazs\u0131n\u0131z. Yolcunun memnuniyeti ve alg\u0131s\u0131 diye bir konu var, \u00f6te yandan kruvaziyer \u015firketlerinin kendi ticaretine g\u00f6re se\u00e7imleri ve b\u00f6lge de\u011fi\u015fiklikleri de var. Kruvaziyer turizmde Akdeniz \u00e7ana\u011f\u0131nda devaml\u0131 bir dalgalanma var ama bu durum bir s\u00fcre sonra yine tersine d\u00f6necektir. Bug\u00fcn ya\u015fad\u0131\u011f\u0131m\u0131z iptallerde, dalgalanmalarda, \u00e7ok fazla d\u0131\u015f kaynakl\u0131 olay var. Biz bunlara kendimizden kaynaklanan konular eklemeyelim yeter ki, yeni gemiler mutlaka gelecektir. Biz panik havas\u0131na, felaket tellallar\u0131na kap\u0131lmadan yolumuza devam ediyoruz. Liman&#8217;da bir hangar\u0131 yolcu liman\u0131na \u00e7evirmek i\u00e7in \u00e7al\u0131\u015f\u0131yoruz, tan\u0131t\u0131mlar\u0131m\u0131za devam ediyoruz. Moralimizi bozmadan, pani\u011fe kap\u0131lmadan yolumuza devam ediyoruz.&#8221;\r<br>\r<h3>Related Images:<\/h3>","protected":false},"excerpt":{"rendered":"<div class=\"mh-excerpt\"><p>Kruvaziyer turizminde pani\u011fe gerek olmad\u0131\u011f\u0131n savunan \u0130zmir Ticaret Odas\u0131 (\u0130TO) Y\u00f6netim Kurulu Ba\u015fkan\u0131 Ekrem Demirta\u015f, 6 May\u0131s \u00c7ar\u015famba g\u00fcn\u00fc \u0130zmir Liman\u0131na MSC Magnifica ve Costa <a class=\"mh-excerpt-more\" href=\"https:\/\/kentyasam.com.tr\/wp\/2015\/05\/08\/demirtas-kruvaziyerde-panige-gerek-yok\/\" title=\"Demirta\u015f: Kruvaziyerde pani\u011fe gerek yok\">[&#8230;]<\/a><\/p>\n<\/div>","protected":false},"author":1,"featured_media":47479,"comment_status":"open","ping_status":"open","sticky":false,"template":"","format":"standard","meta":{"ngg_post_thumbnail":0,"footnotes":""},"categories":[1],"tags":[],"_links":{"self":[{"href":"https:\/\/kentyasam.com.tr\/wp\/wp-json\/wp\/v2\/posts\/24726"}],"collection":[{"href":"https:\/\/kentyasam.com.tr\/wp\/wp-json\/wp\/v2\/posts"}],"about":[{"href":"https:\/\/kentyasam.com.tr\/wp\/wp-json\/wp\/v2\/types\/post"}],"author":[{"embeddable":true,"href":"https:\/\/kentyasam.com.tr\/wp\/wp-json\/wp\/v2\/users\/1"}],"replies":[{"embeddable":true,"href":"https:\/\/kentyasam.com.tr\/wp\/wp-json\/wp\/v2\/comments?post=24726"}],"version-history":[{"count":0,"href":"https:\/\/kentyasam.com.tr\/wp\/wp-json\/wp\/v2\/posts\/24726\/revisions"}],"wp:featuredmedia":[{"embeddable":true,"href":"https:\/\/kentyasam.com.tr\/wp\/wp-json\/wp\/v2\/media\/47479"}],"wp:attachment":[{"href":"https:\/\/kentyasam.com.tr\/wp\/wp-json\/wp\/v2\/media?parent=24726"}],"wp:term":[{"taxonomy":"category","embeddable":true,"href":"https:\/\/kentyasam.com.tr\/wp\/wp-json\/wp\/v2\/categories?post=24726"},{"taxonomy":"post_tag","embeddable":true,"href":"https:\/\/kentyasam.com.tr\/wp\/wp-json\/wp\/v2\/tags?post=24726"}],"curies":[{"name":"wp","href":"https:\/\/api.w.org\/{rel}","templated":true}]}}