{"id":24611,"date":"2015-04-06T00:00:00","date_gmt":"2015-04-06T00:00:00","guid":{"rendered":"http:\/\/kentyasam.com.tr\/wp\/?p=24611"},"modified":"2015-04-06T00:00:00","modified_gmt":"2015-04-06T00:00:00","slug":"mezuniyet-kiyafetini-tasarlayan-liseli-odulun-sahibi-olacak","status":"publish","type":"post","link":"https:\/\/kentyasam.com.tr\/wp\/2015\/04\/06\/mezuniyet-kiyafetini-tasarlayan-liseli-odulun-sahibi-olacak\/","title":{"rendered":"Mezuniyet k\u0131yafetini tasarlayan liseli, \u00f6d\u00fcl\u00fcn sahibi olacak"},"content":{"rendered":"<div>Lise \u00f6\u011frencileri, mezuniyet elbiselerini tasarlayacak. \u0130zmir Ekonomi \u00dcniversitesi (\u0130E\u00dc) G\u00fczel Sanatlar ve Tasar\u0131m Fak\u00fcltesi Moda ve Tekstil Tasar\u0131m\u0131 B\u00f6l\u00fcm\u00fc taraf\u0131ndan \u0130zmir?de e\u011fitim g\u00f6ren lise \u00f6\u011frencilerine y\u00f6nelik ?2. Liseler Aras\u0131 Moda Tasar\u0131m\u0131 Yar\u0131\u015fmas\u0131?yla, gen\u00e7ler kendi mezuniyet elbiselerini tasarlayacak. \u0130zmir \u0130l Milli E\u011fitim M\u00fcd\u00fcrl\u00fc\u011f\u00fc i\u015fbirli\u011fiyle ger\u00e7ekle\u015ftirilen ?Hayalindeki Mezuniyet K\u0131yafetini Tasarla? ba\u015fl\u0131kl\u0131 moda tasar\u0131m yar\u0131\u015fmas\u0131na ba\u015fvuralar ba\u015flad\u0131. Son ba\u015fvuru tarihinin 27 Nisan 2015 oldu\u011fu yar\u0131\u015fmada, birinciye 3, dan\u0131\u015fman \u00f6\u011fretmenine 1, ikinciye 2, \u00fc\u00e7\u00fcnc\u00fcye de 1 Cumhuriyet Alt\u0131n\u0131 \u00f6d\u00fcl\u00fc ve sertifikalar verilecek. \u00d6d\u00fcl t\u00f6reni 6 May\u0131s 2015 tarihinde \u0130zmir Ekonomi \u00dcniversitesi?nde ger\u00e7ekle\u015ftirilecek.&nbsp;<br><\/div><div><br><\/div><div>\u0130E\u00dc Moda ve Tekstil Tasar\u0131m\u0131 B\u00f6l\u00fcm Ba\u015fkan\u0131 Prof. Dr. Elvan \u00d6zkavruk Adan\u0131r, yar\u0131\u015fmayla birlikte orta \u00f6\u011fretim \u00f6\u011frencilerinin moda ve tekstil tasar\u0131m\u0131 e\u011fitimine y\u00f6nelik ilgilerini ve yarat\u0131c\u0131l\u0131klar\u0131n\u0131 ortaya \u00e7\u0131karmay\u0131 ama\u00e7lad\u0131klar\u0131n\u0131 s\u00f6yledi. Bu y\u0131l ikincisi ger\u00e7ekle\u015ftirecekleri yar\u0131\u015fmaya ilginin y\u00fcksek oldu\u011funu aktaran Prof. Dr. Adan\u0131r, ?\u00d6\u011frencilerimizin g\u00fcn\u00fcm\u00fcz\u00fcn tasar\u0131m anlay\u0131\u015f\u0131na uygun, \u00f6zg\u00fcn fikir ve \u00e7al\u0131\u015fmalar\u0131n\u0131 te\u015fvik etmek istiyoruz. Moda ve tekstil tasar\u0131m\u0131 e\u011fitimine olan ilgilerini ve bu alandaki yarat\u0131c\u0131l\u0131klar\u0131n\u0131 desteklemeyi ama\u00e7lad\u0131k. B\u00f6l\u00fcm olarak \u00f6\u011frencilerin mesleklerini se\u00e7meden \u00f6nce karar vermelerine yard\u0131mc\u0131 olmak istiyoruz. Bu alanda \u00e7al\u0131\u015f\u0131p \u00e7al\u0131\u015famayacaklar\u0131n\u0131 e\u011flenceli bir hale getirerek sorgulamalar\u0131n\u0131 istedik. K\u0131z \u00f6\u011frenciler kadar erkek \u00f6\u011frencilerin de kat\u0131l\u0131m\u0131n\u0131 bekliyoruz? dedi.<br><\/div><h3>Related Images:<\/h3>","protected":false},"excerpt":{"rendered":"<div class=\"mh-excerpt\"><p>Lise \u00f6\u011frencileri, mezuniyet elbiselerini tasarlayacak. \u0130zmir Ekonomi \u00dcniversitesi (\u0130E\u00dc) G\u00fczel Sanatlar ve Tasar\u0131m Fak\u00fcltesi Moda ve Tekstil Tasar\u0131m\u0131 B\u00f6l\u00fcm\u00fc taraf\u0131ndan \u0130zmir?de e\u011fitim g\u00f6ren lise \u00f6\u011frencilerine <a class=\"mh-excerpt-more\" href=\"https:\/\/kentyasam.com.tr\/wp\/2015\/04\/06\/mezuniyet-kiyafetini-tasarlayan-liseli-odulun-sahibi-olacak\/\" title=\"Mezuniyet k\u0131yafetini tasarlayan liseli, \u00f6d\u00fcl\u00fcn sahibi olacak\">[&#8230;]<\/a><\/p>\n<\/div>","protected":false},"author":1,"featured_media":47366,"comment_status":"open","ping_status":"open","sticky":false,"template":"","format":"standard","meta":{"ngg_post_thumbnail":0,"footnotes":""},"categories":[1],"tags":[],"_links":{"self":[{"href":"https:\/\/kentyasam.com.tr\/wp\/wp-json\/wp\/v2\/posts\/24611"}],"collection":[{"href":"https:\/\/kentyasam.com.tr\/wp\/wp-json\/wp\/v2\/posts"}],"about":[{"href":"https:\/\/kentyasam.com.tr\/wp\/wp-json\/wp\/v2\/types\/post"}],"author":[{"embeddable":true,"href":"https:\/\/kentyasam.com.tr\/wp\/wp-json\/wp\/v2\/users\/1"}],"replies":[{"embeddable":true,"href":"https:\/\/kentyasam.com.tr\/wp\/wp-json\/wp\/v2\/comments?post=24611"}],"version-history":[{"count":0,"href":"https:\/\/kentyasam.com.tr\/wp\/wp-json\/wp\/v2\/posts\/24611\/revisions"}],"wp:featuredmedia":[{"embeddable":true,"href":"https:\/\/kentyasam.com.tr\/wp\/wp-json\/wp\/v2\/media\/47366"}],"wp:attachment":[{"href":"https:\/\/kentyasam.com.tr\/wp\/wp-json\/wp\/v2\/media?parent=24611"}],"wp:term":[{"taxonomy":"category","embeddable":true,"href":"https:\/\/kentyasam.com.tr\/wp\/wp-json\/wp\/v2\/categories?post=24611"},{"taxonomy":"post_tag","embeddable":true,"href":"https:\/\/kentyasam.com.tr\/wp\/wp-json\/wp\/v2\/tags?post=24611"}],"curies":[{"name":"wp","href":"https:\/\/api.w.org\/{rel}","templated":true}]}}