{"id":24579,"date":"2015-04-01T00:00:00","date_gmt":"2015-04-01T00:00:00","guid":{"rendered":"http:\/\/kentyasam.com.tr\/wp\/?p=24579"},"modified":"2015-04-01T00:00:00","modified_gmt":"2015-04-01T00:00:00","slug":"sahne-sirasi-genclerde","status":"publish","type":"post","link":"https:\/\/kentyasam.com.tr\/wp\/2015\/04\/01\/sahne-sirasi-genclerde\/","title":{"rendered":"Sahne s\u0131ras\u0131 gen\u00e7lerde"},"content":{"rendered":"<span>Yetenekli gen\u00e7 m\u00fczisyenlere uluslararas\u0131 ustalarla \u00e7al\u0131\u015fma olana\u011f\u0131 sa\u011flamay\u0131, bilgi ve ufuklar\u0131n\u0131 geni\u015fleterek profesyonelli\u011fe ge\u00e7i\u015f yolunda evrensel bir tecr\u00fcbe kazand\u0131rmay\u0131 ama\u00e7layan \u0130zmir K\u00fclt\u00fcr Sanat ve E\u011fitim Vakf\u0131 (\u0130KSEV), 29. Uluslararas\u0131 \u0130zmir Festivali?ni s\u0131ra d\u0131\u015f\u0131 bir proje ile ta\u00e7land\u0131racak. ?\u00c7a\u011fda\u015f Sesleni\u015fler? A Kapella Vokal M\u00fczik Projesi? konservatuar ses e\u011fitimi alm\u0131\u015f, konser kariyerine y\u00f6nelmek isteyen gen\u00e7 solistlere benzersiz bir olanak sunacak. Frans\u0131z koro \u015fefi Michel Laplenie ve y\u00f6netimindeki Sagittarius Vokal Toplulu\u011fu?nun solistleri ile Soprano \u00c7imen Seymen, projeye kat\u0131lacak gen\u00e7 T\u00fcrk solistlerle deneyimlerini payla\u015facak. 20. Y\u00fcz y\u0131l\u0131n Frans\u0131z ve T\u00fcrk bestecilerinin eserlerini, birlikte ortak armoni olu\u015fturarak yorumlayacak, sanat\u00e7\u0131lar aras\u0131nda k\u00fclt\u00fcrel ba\u011flar kurulmas\u0131na \u00f6n ayak olacak.29. Uluslararas\u0131 \u0130zmir Festivali ?\u00c7a\u011fda\u015f Sesleni\u015fler? A Kapella Vokal M\u00fczik Projesi?ne; 20 ? 35 ya\u015f aras\u0131nda konservatuar ses e\u011fitimi alm\u0131\u015f veya en az \u00fc\u00e7 y\u0131l \u00e7ok sesli koro deneyimi bulunan, konser kariyerine y\u00f6nelmek isteyen gen\u00e7 solistler kabul edilecek. Kontenjan 10 ki\u015fi ile s\u0131n\u0131rl\u0131 olacak.\r<br><p>13- 20 Haziran 2015 tarihleri aras\u0131nda hayata ge\u00e7irilecek proje, 22 Haziran 2015?de Ahmed Adnan Saygun Sanat Merkezi?nde 29. Uluslararas\u0131 \u0130zmir Festivali kapsam\u0131nda yap\u0131lacak konserle sonu\u00e7land\u0131r\u0131lacak. Bu konser; Fransa&#8217;da m\u00fczik e\u011fitimi alm\u0131\u015f iki b\u00fcy\u00fck besteci, Ulvi Cemal Erkin ve Ahmet Adnan Saygun&#8217;un ve Frans\u0131z \u00e7a\u011fda\u015flar\u0131 Maurice Ravel, Francis Poulenc&#8217;in \u00e7ok sesli vokal m\u00fczik eserlerini ayn\u0131 sahnede bulu\u015fturarak, birbirinin \u00e7a\u011fda\u015f\u0131 bestecilerin birbirine sesleni\u015flerini, \u00e7a\u011f\u0131m\u0131z\u0131n gen\u00e7 seslerinden duyuracak. Soprano ve e\u011fitmen \u00c7imen Seymen?in bir kreasyonu niteli\u011findeki konserde Ahmet Adnan Saygun&#8217;un yan\u0131 s\u0131ra \u00e7a\u011fda\u015f\u0131 Frans\u0131z bestecilerinin de az bilinen eserlerinin icralar\u0131 da ger\u00e7ekle\u015ftirilecek.<\/p>\r<br><p>Fransa ve T\u00fcrkiye aras\u0131ndaki, \u00e7ok eskiye dayanan k\u00fclt\u00fcr diyalo\u011funu, bu renkli m\u00fczik tablosu i\u00e7inde bir kez daha g\u00fcn y\u00fcz\u00fcne ta\u015f\u0131yacak konser; gen\u00e7 T\u00fcrk Solistlerin, uluslararas\u0131 ilk sahne deneyimlerini, Avrupa?n\u0131n en k\u00f6kl\u00fc m\u00fczik topluluklar\u0131ndan biriyle ayn\u0131 sahneyi payla\u015farak kazanmalar\u0131n\u0131 sa\u011flayacak. <\/p>\r<br><\/span><h3>Related Images:<\/h3>","protected":false},"excerpt":{"rendered":"<div class=\"mh-excerpt\"><p>Yetenekli gen\u00e7 m\u00fczisyenlere uluslararas\u0131 ustalarla \u00e7al\u0131\u015fma olana\u011f\u0131 sa\u011flamay\u0131, bilgi ve ufuklar\u0131n\u0131 geni\u015fleterek profesyonelli\u011fe ge\u00e7i\u015f yolunda evrensel bir tecr\u00fcbe kazand\u0131rmay\u0131 ama\u00e7layan \u0130zmir K\u00fclt\u00fcr Sanat ve E\u011fitim <a class=\"mh-excerpt-more\" href=\"https:\/\/kentyasam.com.tr\/wp\/2015\/04\/01\/sahne-sirasi-genclerde\/\" title=\"Sahne s\u0131ras\u0131 gen\u00e7lerde\">[&#8230;]<\/a><\/p>\n<\/div>","protected":false},"author":1,"featured_media":47335,"comment_status":"open","ping_status":"open","sticky":false,"template":"","format":"standard","meta":{"ngg_post_thumbnail":0,"footnotes":""},"categories":[1],"tags":[],"_links":{"self":[{"href":"https:\/\/kentyasam.com.tr\/wp\/wp-json\/wp\/v2\/posts\/24579"}],"collection":[{"href":"https:\/\/kentyasam.com.tr\/wp\/wp-json\/wp\/v2\/posts"}],"about":[{"href":"https:\/\/kentyasam.com.tr\/wp\/wp-json\/wp\/v2\/types\/post"}],"author":[{"embeddable":true,"href":"https:\/\/kentyasam.com.tr\/wp\/wp-json\/wp\/v2\/users\/1"}],"replies":[{"embeddable":true,"href":"https:\/\/kentyasam.com.tr\/wp\/wp-json\/wp\/v2\/comments?post=24579"}],"version-history":[{"count":0,"href":"https:\/\/kentyasam.com.tr\/wp\/wp-json\/wp\/v2\/posts\/24579\/revisions"}],"wp:featuredmedia":[{"embeddable":true,"href":"https:\/\/kentyasam.com.tr\/wp\/wp-json\/wp\/v2\/media\/47335"}],"wp:attachment":[{"href":"https:\/\/kentyasam.com.tr\/wp\/wp-json\/wp\/v2\/media?parent=24579"}],"wp:term":[{"taxonomy":"category","embeddable":true,"href":"https:\/\/kentyasam.com.tr\/wp\/wp-json\/wp\/v2\/categories?post=24579"},{"taxonomy":"post_tag","embeddable":true,"href":"https:\/\/kentyasam.com.tr\/wp\/wp-json\/wp\/v2\/tags?post=24579"}],"curies":[{"name":"wp","href":"https:\/\/api.w.org\/{rel}","templated":true}]}}