{"id":24494,"date":"2015-03-10T00:00:00","date_gmt":"2015-03-10T00:00:00","guid":{"rendered":"http:\/\/kentyasam.com.tr\/wp\/?p=24494"},"modified":"2015-03-10T00:00:00","modified_gmt":"2015-03-10T00:00:00","slug":"karsiyaka-meyve-kokacak","status":"publish","type":"post","link":"https:\/\/kentyasam.com.tr\/wp\/2015\/03\/10\/karsiyaka-meyve-kokacak\/","title":{"rendered":"Kar\u015f\u0131yaka meyve kokacak"},"content":{"rendered":"Tar\u0131m alanlar\u0131n\u0131n korunmas\u0131, tar\u0131m arazilerinin \u00fcretime kazand\u0131r\u0131lmas\u0131, erozyonun \u00f6nlenmesi, meyvecili\u011fin geli\u015ftirilmesi ve tar\u0131msal \u00e7e\u015fitlili\u011fin art\u0131r\u0131lmas\u0131 i\u00e7in m\u00fccadele y\u00fcr\u00fcten \u0130zmir B\u00fcy\u00fck\u015fehir ve Kar\u015f\u0131yaka belediyeleri, mahalle stat\u00fcs\u00fc kazand\u0131r\u0131lan Yamanlar ve Sancakl\u0131 k\u00f6ylerinde 2 bin adet, armut, elma, erik, kay\u0131s\u0131 ve \u015feftali fidanlar\u0131 da\u011f\u0131tt\u0131. Dikilecek fidanlarla bo\u015f araziler \u00fcretime ve ye\u015file kazand\u0131r\u0131lacak, \u00fcretilecek sa\u011fl\u0131kl\u0131 meyveler sofralarda daha fazla yer alacak. \r<br>\r<br>K\u0131rsal kesimde gelir getirici faaliyetlerin desteklenmesi kapsam\u0131nda da\u011f\u0131t\u0131lan meyve fidanlar\u0131 k\u00f6yde ya\u015fayan ki\u015fi ba\u015f\u0131na 25 adet olarak belirlendi. Kar\u015f\u0131yaka Belediye Ba\u015fkan\u0131 H\u00fcseyin Mutlu Akp\u0131nar ve \u0130zmir B\u00fcy\u00fck\u015fehir Belediyesi K\u0131rsal Kalk\u0131nma \u015eube M\u00fcd\u00fcr\u00fc Azmi Akbayt\u00fcrk\u0092\u00fcn de kat\u0131ld\u0131\u011f\u0131 da\u011f\u0131t\u0131m t\u00f6reni \u015fenlik havas\u0131nda ge\u00e7ti. K\u00f6yl\u00fcler, meyve fidan\u0131 da\u011f\u0131t\u0131m\u0131ndan duydu\u011fu memnuniyeti dile getirdi. A\u011fa\u00e7land\u0131rma \u00e7al\u0131\u015fmalar\u0131na ara vermeden devam eden Kar\u015f\u0131yaka Belediyesi ve \u0130zmir B\u00fcy\u00fck\u015fehir Belediyesi\u0092ne talep gelmesi durumunda gelecek y\u0131lda da meyve fidan\u0131 da\u011f\u0131t\u0131lacak.\r<br>\r<br>&#8216;\u00dcretimi destekliyoruz&#8217;\r<br>\r<br>Tar\u0131m\u0131 ve \u00fcretimi desteklediklerini s\u00f6yleyen Kar\u015f\u0131yaka Belediye Ba\u015fkan\u0131 H\u00fcseyin Mutlu Akp\u0131nar \u0093\u0130zmir B\u00fcy\u00fck\u015fehir Belediyemizle birlikte 2 k\u00f6y\u00fcm\u00fcze meyve fidan\u0131 da\u011f\u0131t\u0131yoruz. K\u00f6ylerimiz mahalle stat\u00fcs\u00fcne b\u00fcr\u00fcnd\u00fc ama biz hala k\u00f6y olarak kabul ediyoruz. \u00c7\u00fcnk\u00fc Ulu \u00d6nder Mustafa Kemal Atat\u00fcrk\u0092\u00fcn dedi\u011fi gibi k\u00f6yl\u00fc milletin efendisidir. K\u00f6yl\u00fcl\u00fc\u011f\u00fcm\u00fcz\u00fc hi\u00e7bir zaman yitirmeden \u00fcretimden yana olan tavr\u0131m\u0131z\u0131 g\u00f6steremeye devam edece\u011fiz. \u00c7ocuklar\u0131m\u0131z, gen\u00e7 fidanlar\u0131m\u0131z, bu fidanlar\u0131 dikecek sonra hep beraber meyvesini birlikte yiyece\u011fiz. \u00c7\u00fcnk\u00fc bana s\u00f6z verdiler kendileri dikecekler, kendileri sulayacaklar ilk meyveleri de birlikte yiyece\u011fiz. B\u00fcy\u00fck\u015fehir Belediyesi\u0092ne k\u00f6ylerimize verdi\u011fi destekten dolay\u0131 sonsuz te\u015fekk\u00fcr ediyoruz\u0094 dedi.<h3>Related Images:<\/h3>","protected":false},"excerpt":{"rendered":"<div class=\"mh-excerpt\"><p>Tar\u0131m alanlar\u0131n\u0131n korunmas\u0131, tar\u0131m arazilerinin \u00fcretime kazand\u0131r\u0131lmas\u0131, erozyonun \u00f6nlenmesi, meyvecili\u011fin geli\u015ftirilmesi ve tar\u0131msal \u00e7e\u015fitlili\u011fin art\u0131r\u0131lmas\u0131 i\u00e7in m\u00fccadele y\u00fcr\u00fcten \u0130zmir B\u00fcy\u00fck\u015fehir ve Kar\u015f\u0131yaka belediyeleri, mahalle stat\u00fcs\u00fc <a class=\"mh-excerpt-more\" href=\"https:\/\/kentyasam.com.tr\/wp\/2015\/03\/10\/karsiyaka-meyve-kokacak\/\" title=\"Kar\u015f\u0131yaka meyve kokacak\">[&#8230;]<\/a><\/p>\n<\/div>","protected":false},"author":1,"featured_media":47250,"comment_status":"open","ping_status":"open","sticky":false,"template":"","format":"standard","meta":{"ngg_post_thumbnail":0,"footnotes":""},"categories":[1],"tags":[],"_links":{"self":[{"href":"https:\/\/kentyasam.com.tr\/wp\/wp-json\/wp\/v2\/posts\/24494"}],"collection":[{"href":"https:\/\/kentyasam.com.tr\/wp\/wp-json\/wp\/v2\/posts"}],"about":[{"href":"https:\/\/kentyasam.com.tr\/wp\/wp-json\/wp\/v2\/types\/post"}],"author":[{"embeddable":true,"href":"https:\/\/kentyasam.com.tr\/wp\/wp-json\/wp\/v2\/users\/1"}],"replies":[{"embeddable":true,"href":"https:\/\/kentyasam.com.tr\/wp\/wp-json\/wp\/v2\/comments?post=24494"}],"version-history":[{"count":0,"href":"https:\/\/kentyasam.com.tr\/wp\/wp-json\/wp\/v2\/posts\/24494\/revisions"}],"wp:featuredmedia":[{"embeddable":true,"href":"https:\/\/kentyasam.com.tr\/wp\/wp-json\/wp\/v2\/media\/47250"}],"wp:attachment":[{"href":"https:\/\/kentyasam.com.tr\/wp\/wp-json\/wp\/v2\/media?parent=24494"}],"wp:term":[{"taxonomy":"category","embeddable":true,"href":"https:\/\/kentyasam.com.tr\/wp\/wp-json\/wp\/v2\/categories?post=24494"},{"taxonomy":"post_tag","embeddable":true,"href":"https:\/\/kentyasam.com.tr\/wp\/wp-json\/wp\/v2\/tags?post=24494"}],"curies":[{"name":"wp","href":"https:\/\/api.w.org\/{rel}","templated":true}]}}