{"id":24440,"date":"2015-02-23T00:00:00","date_gmt":"2015-02-23T00:00:00","guid":{"rendered":"http:\/\/kentyasam.com.tr\/wp\/?p=24440"},"modified":"2015-02-23T00:00:00","modified_gmt":"2015-02-23T00:00:00","slug":"yargi-ve-guvenlik-muhabirleri-yeni-yonetimi-belirledi","status":"publish","type":"post","link":"https:\/\/kentyasam.com.tr\/wp\/2015\/02\/23\/yargi-ve-guvenlik-muhabirleri-yeni-yonetimi-belirledi\/","title":{"rendered":"Yarg\u0131 ve G\u00fcvenlik Muhabirleri yeni y\u00f6netimi belirledi"},"content":{"rendered":"\u0130zmir Yarg\u0131 ve G\u00fcvenlik Muhabirleri Derne\u011fi&#8217;nin (\u0130YGMD) ilk genel kurulu topland\u0131. Genel kurulda tek listeyle gidilen se\u00e7imlerde yeni y\u00f6netim kurulu Habert\u00fcrk Gazetesi muhabiri Mehmet \u0130nmez&#8217;in ba\u015fkanl\u0131\u011f\u0131nda olu\u015ftu.\r<br>\r<br>\u0130zmir Yarg\u0131 ve G\u00fcvenlik Muhabirleri Derne\u011fi d\u00f6rt y\u0131l \u00f6nce 13 kurucu \u00fcyenin ba\u015fvurusuyla kuruldu. Dernek, \u0130zmir&#8217;de \u00e7e\u015fitli gazete ve televizyonlarda \u00e7al\u0131\u015fan, polis, jandarma ve adliyede ya\u015fanan olaylar\u0131 izleyen gazete ve televizyon muhabirlerini \u00e7at\u0131s\u0131 alt\u0131nda toplad\u0131.\r<br>\r<br>\u0130YGMD&#8217;nin ilk genel kurul toplant\u0131s\u0131 Alsancak&#8217;ta, Konak Belediyesi Prof. Dr. T\u00fcrkan Saylan K\u00fclt\u00fcr Merkezi&#8217;nde yap\u0131ld\u0131. Genel kurulda se\u00e7imlere tek listeyle gidildi. Mehmet \u0130nmez&#8217;in liderli\u011finde olu\u015fturulan liste oy birli\u011fiyle kabul edildi.\r<br>\r<br>\u0130zmir Yarg\u0131 ve G\u00fcvenlik Muhabirleri Derne\u011fi Y\u00f6netim Kurulu Mehmet \u0130nmez&#8217;in ba\u015fkanl\u0131\u011f\u0131nda Ufuk T\u00fcrky\u0131lmaz, Bahri Karata\u015f, Arif \u00c7ayan, Ceyhan Torlak, Kadir U\u011fur ve Metin Burmal\u0131&#8217;dan olu\u015ftu. Genel kurula kat\u0131lanlara te\u015fekk\u00fcr eden \u0130YGMD Ba\u015fkan\u0131 Mehmet \u0130nmez, gazetecilerin sorunlar\u0131n\u0131n \u00e7\u00f6z\u00fcm\u00fc yolunda \u00e7al\u0131\u015facaklar\u0131n\u0131 s\u00f6yledi. <h3>Related Images:<\/h3>","protected":false},"excerpt":{"rendered":"<div class=\"mh-excerpt\"><p>\u0130zmir Yarg\u0131 ve G\u00fcvenlik Muhabirleri Derne\u011fi&#8217;nin (\u0130YGMD) ilk genel kurulu topland\u0131. Genel kurulda tek listeyle gidilen se\u00e7imlerde yeni y\u00f6netim kurulu Habert\u00fcrk Gazetesi muhabiri Mehmet \u0130nmez&#8217;in <a class=\"mh-excerpt-more\" href=\"https:\/\/kentyasam.com.tr\/wp\/2015\/02\/23\/yargi-ve-guvenlik-muhabirleri-yeni-yonetimi-belirledi\/\" title=\"Yarg\u0131 ve G\u00fcvenlik Muhabirleri yeni y\u00f6netimi belirledi\">[&#8230;]<\/a><\/p>\n<\/div>","protected":false},"author":1,"featured_media":47197,"comment_status":"open","ping_status":"open","sticky":false,"template":"","format":"standard","meta":{"ngg_post_thumbnail":0,"footnotes":""},"categories":[1],"tags":[],"_links":{"self":[{"href":"https:\/\/kentyasam.com.tr\/wp\/wp-json\/wp\/v2\/posts\/24440"}],"collection":[{"href":"https:\/\/kentyasam.com.tr\/wp\/wp-json\/wp\/v2\/posts"}],"about":[{"href":"https:\/\/kentyasam.com.tr\/wp\/wp-json\/wp\/v2\/types\/post"}],"author":[{"embeddable":true,"href":"https:\/\/kentyasam.com.tr\/wp\/wp-json\/wp\/v2\/users\/1"}],"replies":[{"embeddable":true,"href":"https:\/\/kentyasam.com.tr\/wp\/wp-json\/wp\/v2\/comments?post=24440"}],"version-history":[{"count":0,"href":"https:\/\/kentyasam.com.tr\/wp\/wp-json\/wp\/v2\/posts\/24440\/revisions"}],"wp:featuredmedia":[{"embeddable":true,"href":"https:\/\/kentyasam.com.tr\/wp\/wp-json\/wp\/v2\/media\/47197"}],"wp:attachment":[{"href":"https:\/\/kentyasam.com.tr\/wp\/wp-json\/wp\/v2\/media?parent=24440"}],"wp:term":[{"taxonomy":"category","embeddable":true,"href":"https:\/\/kentyasam.com.tr\/wp\/wp-json\/wp\/v2\/categories?post=24440"},{"taxonomy":"post_tag","embeddable":true,"href":"https:\/\/kentyasam.com.tr\/wp\/wp-json\/wp\/v2\/tags?post=24440"}],"curies":[{"name":"wp","href":"https:\/\/api.w.org\/{rel}","templated":true}]}}