{"id":24439,"date":"2015-02-23T00:00:00","date_gmt":"2015-02-23T00:00:00","guid":{"rendered":"http:\/\/kentyasam.com.tr\/wp\/?p=24439"},"modified":"2015-02-23T00:00:00","modified_gmt":"2015-02-23T00:00:00","slug":"sertel-genel-kurulda-hesap-verdikten-sonra-ayrilacagim","status":"publish","type":"post","link":"https:\/\/kentyasam.com.tr\/wp\/2015\/02\/23\/sertel-genel-kurulda-hesap-verdikten-sonra-ayrilacagim\/","title":{"rendered":"Sertel: Genel kurulda hesap verdikten sonra ayr\u0131laca\u011f\u0131m"},"content":{"rendered":"\u0130zmir Gazeteciler Cemiyeti (\u0130GC) taraf\u0131ndan d\u00fczenlenen \u0093Cemiyet \u015eeref Divan\u0131 \u00dcyeli\u011fi Berat\u0131\u0094 t\u00f6renine kat\u0131lan Atilla Sertel,  neden istifa etmedi\u011fine ili\u015fkin s\u00f6ylemlere a\u00e7\u0131kl\u0131k getirdi. \u0130zmir Gazeteciler Cemiyeti ve T\u00fcrkiye Gazete\u00e7ciler Federasyonu Ba\u015fkanl\u0131\u011f\u0131 g\u00f6revini iki d\u00f6nemdir s\u00fcrd\u00fcrd\u00fc\u011f\u00fcn\u00fc belirten Sertel, cemiyet genel kurulunda \u00fcyelere hesap vererek g\u00f6revini b\u0131rakaca\u011f\u0131n\u0131 s\u00f6yleyerek s\u00f6zlerini \u015f\u00f6yle s\u00fcrd\u00fcrd\u00fc:\r<br>\r<br>&#8220;\u0093\u0130ki d\u00f6nemdir y\u00fcr\u00fctt\u00fc\u011f\u00fcm bu onurlu g\u00f6rev i\u00e7in daha \u00f6nce bir\u00e7ok kez ifade etti\u011fim gibi bu d\u00f6nem aday olmayaca\u011f\u0131m. Cemiyet ve Federasyon \u00e7at\u0131s\u0131 alt\u0131ndaki 6 y\u0131ll\u0131k birikimimi, gazetecilik mesle\u011findeki 35 y\u0131ll\u0131k deneyimimi Parlamento\u0092da de\u011ferlendirmeyi istiyorum. \u00c7\u00fcnk\u00fc sorunlar\u0131m\u0131z\u0131n esas \u00e7\u00f6z\u00fcm noktas\u0131 Meclis\u0092tir. Aday adayl\u0131\u011f\u0131 i\u00e7in Cemiyet\u0092ten istifa etmeyi d\u00fc\u015f\u00fcn\u00fcyordum ancak Cemiyetimiz \u00fcyesi olmad\u0131\u011f\u0131 halde \u00f6zellikle Cemiyetimizin mali durumuna ili\u015fkin dedikodu \u00fcretenler ve hari\u00e7ten gazel okuyanlar var. \u00dcyelerimize hesap vermek ve onlarla helalle\u015fmek \u00fczere k\u0131sa s\u00fcre sonra yap\u0131lacak Genel Kurulumuza kadar istifa etmeme karar\u0131 ald\u0131m. Genel Kurul\u0092da \u00fcyelerimize hesap vererek g\u00f6revimi b\u0131rakaca\u011f\u0131m.\u0094<h3>Related Images:<\/h3>","protected":false},"excerpt":{"rendered":"<div class=\"mh-excerpt\"><p>\u0130zmir Gazeteciler Cemiyeti (\u0130GC) taraf\u0131ndan d\u00fczenlenen \u0093Cemiyet \u015eeref Divan\u0131 \u00dcyeli\u011fi Berat\u0131\u0094 t\u00f6renine kat\u0131lan Atilla Sertel, neden istifa etmedi\u011fine ili\u015fkin s\u00f6ylemlere a\u00e7\u0131kl\u0131k getirdi. \u0130zmir Gazeteciler Cemiyeti <a class=\"mh-excerpt-more\" href=\"https:\/\/kentyasam.com.tr\/wp\/2015\/02\/23\/sertel-genel-kurulda-hesap-verdikten-sonra-ayrilacagim\/\" title=\"Sertel: Genel kurulda hesap verdikten sonra ayr\u0131laca\u011f\u0131m\">[&#8230;]<\/a><\/p>\n<\/div>","protected":false},"author":1,"featured_media":47196,"comment_status":"open","ping_status":"open","sticky":false,"template":"","format":"standard","meta":{"ngg_post_thumbnail":0,"footnotes":""},"categories":[1],"tags":[],"_links":{"self":[{"href":"https:\/\/kentyasam.com.tr\/wp\/wp-json\/wp\/v2\/posts\/24439"}],"collection":[{"href":"https:\/\/kentyasam.com.tr\/wp\/wp-json\/wp\/v2\/posts"}],"about":[{"href":"https:\/\/kentyasam.com.tr\/wp\/wp-json\/wp\/v2\/types\/post"}],"author":[{"embeddable":true,"href":"https:\/\/kentyasam.com.tr\/wp\/wp-json\/wp\/v2\/users\/1"}],"replies":[{"embeddable":true,"href":"https:\/\/kentyasam.com.tr\/wp\/wp-json\/wp\/v2\/comments?post=24439"}],"version-history":[{"count":0,"href":"https:\/\/kentyasam.com.tr\/wp\/wp-json\/wp\/v2\/posts\/24439\/revisions"}],"wp:featuredmedia":[{"embeddable":true,"href":"https:\/\/kentyasam.com.tr\/wp\/wp-json\/wp\/v2\/media\/47196"}],"wp:attachment":[{"href":"https:\/\/kentyasam.com.tr\/wp\/wp-json\/wp\/v2\/media?parent=24439"}],"wp:term":[{"taxonomy":"category","embeddable":true,"href":"https:\/\/kentyasam.com.tr\/wp\/wp-json\/wp\/v2\/categories?post=24439"},{"taxonomy":"post_tag","embeddable":true,"href":"https:\/\/kentyasam.com.tr\/wp\/wp-json\/wp\/v2\/tags?post=24439"}],"curies":[{"name":"wp","href":"https:\/\/api.w.org\/{rel}","templated":true}]}}