{"id":24378,"date":"2015-02-06T00:00:00","date_gmt":"2015-02-06T00:00:00","guid":{"rendered":"http:\/\/kentyasam.com.tr\/wp\/?p=24378"},"modified":"2015-02-06T00:00:00","modified_gmt":"2015-02-06T00:00:00","slug":"bergama-heritage-2015-fuari","status":"publish","type":"post","link":"https:\/\/kentyasam.com.tr\/wp\/2015\/02\/06\/bergama-heritage-2015-fuari\/","title":{"rendered":"Bergama HERITAGE 2015 Fuar\u0131"},"content":{"rendered":" Bergama Belediyesi T\u00fcrkiye\u0092de ilk kez d\u00fczenlenen  HERITAGE 2015 \u0096 Restorasyon, Arkeoloji ve M\u00fczecilik Teknolojileri Fuar\u0131\u0092na kat\u0131ld\u0131. \u0130stanbul L\u00fctf\u00fc K\u0131rdar Uluslararas\u0131 Kongre ve Sergi Saray\u0131\u0092nda a\u00e7\u0131lan ve k\u00fclt\u00fcrel mirasla ilgili sekt\u00f6rleri bir araya getiren fuar ve kongre etkinli\u011fi,  K\u00fclt\u00fcr ve Turizm Bakanl\u0131\u011f\u0131, Vak\u0131flar Genel M\u00fcd\u00fcrl\u00fc\u011f\u00fc ve UNESCO T\u00fcrkiye Milli Komisyonu\u0092nun katk\u0131lar\u0131yla ger\u00e7ekle\u015ftiriliyor. Fuar, 7 \u015eubat 2015 tarihine kadar s\u00fcrecek.\r<br>\r<br>Tarihi miras\u0131 ve k\u00fclt\u00fcrel zenginlikleri y\u00f6n\u00fcnden Bergama\u0092n\u0131n b\u00fcy\u00fck bir turizm potansiyeline sahip oldu\u011funu belirten Bergama Belediye Ba\u015fkan\u0131 Mehmet G\u00f6nen\u00e7, \u0093UNESCO\u0092nun k\u00fclt\u00fcr miraslar\u0131ndan 999\u0092uncusu olan Bergama\u0092n\u0131n restorasyon, arkeoloji ve m\u00fczecili\u011fin \u0091K\u00fclt\u00fcrel Miras\u0092 ad\u0131 alt\u0131nda ortak bir platformda bulu\u015ftu\u011fu HERITAGE 2015 Fuar\u0131\u0092na kat\u0131lmas\u0131 \u00e7ok \u00f6nemli bir f\u0131rsat. Uzmanlar\u0131n  bir araya geldi\u011fi fuar, Bergama\u0092da hayata ge\u00e7irdi\u011fimiz ve ge\u00e7irmeyi planlad\u0131\u011f\u0131m\u0131z \u00e7al\u0131\u015fmalar a\u00e7\u0131s\u0131ndan yararl\u0131 olacak. Biz de belediye b\u00fcnyesinde ger\u00e7ekle\u015ftirdi\u011fimiz projeleri konunun profesyonellerine ula\u015ft\u0131rm\u0131\u015f olaca\u011f\u0131z\u0094 dedi.\r<br>\r<br>Bergama UNESCO miras\u0131 kent\r<br>\r<br>Bergama\u0092n\u0131n UNESCO D\u00fcnya Miras Listesi\u0092ne girmesiyle turizm ataklar\u0131n\u0131 yo\u011funla\u015ft\u0131ran ve 2015 etkinlik planlamas\u0131nda yurt i\u00e7i ve yurt d\u0131\u015f\u0131ndaki fuarlara a\u011f\u0131rl\u0131k veren Belediye, HERITAGE 2015\u0092te il\u00e7enin tarihi miras\u0131na ve k\u00fclt\u00fcrel zenginliklerine dikkat \u00e7ekmeyi ama\u00e7l\u0131yor.\r<br>\r<br>Bergama Belediyesi\u0092ni temsilen fuara kat\u0131lan UNESCO D\u00fcnya Miras\u0131 ve Alan Y\u00f6netimi Ba\u015fkan\u0131 Ya\u015fag\u00fcl Ekinci Dan\u0131\u015fan ve Arkeolog B\u00fclent T\u00fcrkmen fuar boyunca arkeoloji, restorasyon ve m\u00fczecilik gibi temel uzmanl\u0131klar\u0131n yerli \u0096 yabanc\u0131 temsilcileri ile fikir al\u0131\u015fveri\u015finde bulunacak, Bergama Belediyesi\u0092nin il\u00e7ede ger\u00e7ekle\u015ftirdi\u011fi restorasyon, renovasyon \u00e7al\u0131\u015fmalar\u0131 hakk\u0131nda bilgi verecek. \r<br>\r<br>Fuar T\u00fcrkiye&#8217;de ilk \r<br>\r<br>T\u00fcrkiye\u0092de ilk kez d\u00fczenlenecek olan HERITAGE 2015\u0092de T\u00fcrkiye\u0092den ve d\u00fcnyadan m\u00fczecilik, restorasyon ve arkeoloji \u00e7evrelerinin \u00f6nemli isimleri konuk edilecek. \r<br>\r<br>2014\u0092te Avrupa Konseyi Parlamenterler Meclisi taraf\u0131ndan \u0091Y\u0131l\u0131n En \u0130yi M\u00fczesi\u0092 se\u00e7ilen Baks\u0131 M\u00fczesi\u0092nin kurucusu Prof. H\u00fcsamettin Ko\u00e7an, \u0130spanya\u0092daki GDP \u0096 Museums &#038;Exhibitions firmas\u0131n\u0131n y\u00f6neticisi \u00c7ek mimar Boris Micka, Lord Vakf\u0131 Sergilerden Sorumlu Ba\u015fkan Yard\u0131mc\u0131s\u0131 Maria Piacente ve TAMSCHICK Media CEO\u0092su Mark Tamschick ve Atelier Br\u00fcckner\u0092in kurucusu ve kreatif y\u00f6netmeni \u00dcwe Br\u00fcckner etkinli\u011fin konu\u015fmac\u0131lar\u0131 aras\u0131nda yer alacak. \r<br>\r<br>Fuar restorasyon, arkeoloji ve m\u00fczecilik alanlar\u0131ndaki teknolojik de\u011fi\u015fim ve geli\u015fmelerin belirlenip ilgili kurumlarla, fuar kat\u0131l\u0131mc\u0131s\u0131 olan kurulu\u015flar\u0131n vizyonlar\u0131n\u0131 geni\u015fletmeye yard\u0131mc\u0131 olmay\u0131 da hedefliyor. \r<br>\r<br>Bununla birlikte tarih ve sanat alan\u0131nda hizmet veren devlet ve \u00f6zel sekt\u00f6r yap\u0131lanmalar\u0131n\u0131n ilgi ve bilgi alanlar\u0131na katk\u0131 sa\u011flamak amac\u0131yla bir network olu\u015fturulacak. Bu etkinlik, arkeologlar\u0131n, restorat\u00f6rler, konservat\u00f6rlerin ve m\u00fczecilerin g\u00f6r\u00fc\u015f ve isteklerini, fuar kat\u0131l\u0131mc\u0131s\u0131 kurulu\u015flara ileterek restorasyon, arkeoloji ve m\u00fczecilik sekt\u00f6rlerinde etkili yeni fikir ve teknolojilerin geli\u015fimine olanak sa\u011flayacak. Fuar ve konferans s\u00fcresince akademisyenler ve profesyoneller aras\u0131nda fikir al\u0131\u015fveri\u015fleri olacak. <h3>Related Images:<\/h3>","protected":false},"excerpt":{"rendered":"<div class=\"mh-excerpt\"><p>Bergama Belediyesi T\u00fcrkiye\u0092de ilk kez d\u00fczenlenen HERITAGE 2015 \u0096 Restorasyon, Arkeoloji ve M\u00fczecilik Teknolojileri Fuar\u0131\u0092na kat\u0131ld\u0131. \u0130stanbul L\u00fctf\u00fc K\u0131rdar Uluslararas\u0131 Kongre ve Sergi Saray\u0131\u0092nda a\u00e7\u0131lan <a class=\"mh-excerpt-more\" href=\"https:\/\/kentyasam.com.tr\/wp\/2015\/02\/06\/bergama-heritage-2015-fuari\/\" title=\"Bergama HERITAGE 2015 Fuar\u0131\">[&#8230;]<\/a><\/p>\n<\/div>","protected":false},"author":1,"featured_media":47140,"comment_status":"open","ping_status":"open","sticky":false,"template":"","format":"standard","meta":{"ngg_post_thumbnail":0,"footnotes":""},"categories":[1],"tags":[],"_links":{"self":[{"href":"https:\/\/kentyasam.com.tr\/wp\/wp-json\/wp\/v2\/posts\/24378"}],"collection":[{"href":"https:\/\/kentyasam.com.tr\/wp\/wp-json\/wp\/v2\/posts"}],"about":[{"href":"https:\/\/kentyasam.com.tr\/wp\/wp-json\/wp\/v2\/types\/post"}],"author":[{"embeddable":true,"href":"https:\/\/kentyasam.com.tr\/wp\/wp-json\/wp\/v2\/users\/1"}],"replies":[{"embeddable":true,"href":"https:\/\/kentyasam.com.tr\/wp\/wp-json\/wp\/v2\/comments?post=24378"}],"version-history":[{"count":0,"href":"https:\/\/kentyasam.com.tr\/wp\/wp-json\/wp\/v2\/posts\/24378\/revisions"}],"wp:featuredmedia":[{"embeddable":true,"href":"https:\/\/kentyasam.com.tr\/wp\/wp-json\/wp\/v2\/media\/47140"}],"wp:attachment":[{"href":"https:\/\/kentyasam.com.tr\/wp\/wp-json\/wp\/v2\/media?parent=24378"}],"wp:term":[{"taxonomy":"category","embeddable":true,"href":"https:\/\/kentyasam.com.tr\/wp\/wp-json\/wp\/v2\/categories?post=24378"},{"taxonomy":"post_tag","embeddable":true,"href":"https:\/\/kentyasam.com.tr\/wp\/wp-json\/wp\/v2\/tags?post=24378"}],"curies":[{"name":"wp","href":"https:\/\/api.w.org\/{rel}","templated":true}]}}