{"id":24316,"date":"2015-01-11T00:00:00","date_gmt":"2015-01-11T00:00:00","guid":{"rendered":"http:\/\/kentyasam.com.tr\/wp\/?p=24316"},"modified":"2015-01-11T00:00:00","modified_gmt":"2015-01-11T00:00:00","slug":"haklarimiz-ve-basin-ozgurlugu-icin-mucadeleye-devam","status":"publish","type":"post","link":"https:\/\/kentyasam.com.tr\/wp\/2015\/01\/11\/haklarimiz-ve-basin-ozgurlugu-icin-mucadeleye-devam\/","title":{"rendered":"Haklar\u0131m\u0131z ve bas\u0131n \u00f6zg\u00fcrl\u00fc\u011f\u00fc i\u00e7in m\u00fccadeleye devam"},"content":{"rendered":"T\u00fcrkiye Gazeteciler Federasyonu (TGF) Genel Ba\u015fkan\u0131 ve \u0130zmir Gazeteciler Cemiyeti (\u0130GC) Ba\u015fkan\u0131 Atila Sertel, gazetecilere \u00e7e\u015fitli haklar sa\u011flayan 212 say\u0131l\u0131 yasan\u0131n y\u00fcr\u00fcrl\u00fc\u011fe girmesinin 54&#8217;\u00fcnc\u00fc y\u0131ld\u00f6n\u00fcm\u00fc nedeniyle bir bas\u0131n a\u00e7\u0131klamas\u0131 yapt\u0131. \u0130zmir Gazeteciler Cemiyeti&#8217;nin Karata\u015f&#8217;taki Lokali&#8217;nde d\u00fczenlenen toplant\u0131da konu\u015fan Atila Sertel, gazetecilik mesle\u011finde geriye do\u011fru bir gidi\u015f oldu\u011funu belirterek, kaybedilen haklar\u0131n geri kazan\u0131m\u0131 ve bas\u0131n \u00f6zg\u00fcrl\u00fc\u011f\u00fc i\u00e7in m\u00fccadeleye devam edeceklerini s\u00f6yledi. \r<br>\r<br>10 Ocak&#8217;lar\u0131n art\u0131k bayram olma \u00f6zelli\u011fini kaybetti\u011fini, bu y\u00fczden bir s\u00fcreden beri gazetecilerin haklar\u0131na sahip \u00e7\u0131k\u0131ld\u0131\u011f\u0131 \u0093\u00c7al\u0131\u015fan Gazeteciler G\u00fcn\u00fc\u0094 olarak an\u0131ld\u0131\u011f\u0131n\u0131 belirten Atila Sertel, gazetecilerin ekonomik zorluklar ve \u00fczerlerindeki bask\u0131lar nedeniyle mesleklerini yapamaz hale geldiklerini vurgulad\u0131.\r<br>\r<br>Sertel, \u0093T\u00fcrk bas\u0131n\u0131 \u00f6zg\u00fcrl\u00fcklerin k\u0131s\u0131tlanmas\u0131, sans\u00fcr, otosans\u00fcr bask\u0131lar\u0131n\u0131n artmas\u0131, gazetecilerin cezaevine at\u0131lmas\u0131, i\u015fsiz b\u0131rak\u0131lmas\u0131 gibi onlarca sorun nedeniyle Cumhuriyet tarihinde olmad\u0131\u011f\u0131 kadar k\u00f6t\u00fc bir s\u00fcre\u00e7ten ge\u00e7iyor. Buna ra\u011fmen \u0091T\u00fcrkiye&#8217;deki bas\u0131n kadar \u00f6zg\u00fcr bir medya yoktur\u0092 deniliyor. \u0130\u00e7inde bulundu\u011fumuz tablo apa\u00e7\u0131k ortadayken bu \u015fekilde denilmesi toplumsal sorunlara olan duyars\u0131zl\u0131\u011f\u0131n bir g\u00f6stergesidir. Tarih bu g\u00fcnleri yaz\u0131yor. Ben \u00fclkemizin i\u00e7inde bulundu\u011fu bu tablodan utan\u00e7 duyuyorum\u0094 diye konu\u015ftu.\r<br>\r<br>900\u0092e yak\u0131n gazeteci i\u015fsiz\r<br>\r<br>\u00d6nceki y\u0131llar gibi 2014 y\u0131l\u0131n\u0131n da gazeteciler i\u00e7in a\u011f\u0131r bir bask\u0131 y\u0131l\u0131 oldu\u011funu belirten Atila Sertel, s\u00f6zlerini \u015f\u00f6yle s\u00fcrd\u00fcrd\u00fc: \u00932014\u0092te 217 gazeteci darp edildi. Yine ge\u00e7en y\u0131l 900\u0092e yak\u0131n gazeteci, yazar ve medya \u00e7al\u0131\u015f\u0131n\u0131n i\u015fine son verildi. 83 gazeteci istifa etti. Toplu i\u015ften \u00e7\u0131karmalar, y\u0131l boyunca s\u00fcrd\u00fc. \u0130\u015ften \u00e7\u0131karmalar her y\u0131l oldu\u011fu gibi Aral\u0131k\u0092ta yine zirve yapt\u0131. Medya patronlar\u0131 yeniden yap\u0131lanma veya k\u00fc\u00e7\u00fclme bahanesi ile y\u00fczlerce gazeteciyi i\u015finden etti. Gazete ve televizyonlarda ya\u015fanan tenkisatlar hala t\u00fcm h\u0131z\u0131yla devam ediyor. Bug\u00fcn 212 Say\u0131l\u0131 Yasa ile elde edilen haklar\u0131n hemen hemen hi\u00e7 biri yok. Gazetecilerin sadece y\u00fczde 20\u0092si Bas\u0131n-\u0130\u015f Yasas\u0131\u0092yla \u00e7al\u0131\u015fabiliyor. Medya sekt\u00f6r\u00fcnde 95 bin \u00e7al\u0131\u015fan var ancak bunlar\u0131n yaln\u0131zca y\u00fczde 6\u0092s\u0131 sendikal\u0131 olarak g\u00f6rev yap\u0131yor. \u00dclkemizde medya sekt\u00f6r\u00fcne y\u00f6nelik faaliyet g\u00f6steren 5 sendika var ve bu sendikalara kay\u0131tl\u0131 gazeteci say\u0131s\u0131 sadece ve sadece 5 bin 700 10 Ocak&#8217;lar bayram olma \u00f6zelli\u011fini kaybetmi\u015ftir. Bu y\u00fczden 10 Ocaklar\u0131 bir s\u00fcreden beri gazetecilerin haklar\u0131na sahip \u00e7\u0131k\u0131ld\u0131\u011f\u0131 `\u00c7al\u0131\u015fan Gazeteciler G\u00fcn\u00fc&#8217; olarak an\u0131yoruz. Kaybedilen haklar\u0131n yeniden kazan\u0131m\u0131 ve bas\u0131n \u00f6zg\u00fcrl\u00fc\u011f\u00fc i\u00e7in verdi\u011fimiz m\u00fccadeleye sonuna kadar devam edece\u011fiz.\u0094\r<br>\r<br>Sald\u0131r\u0131 bas\u0131n ve ifade \u00f6zg\u00fcrl\u00fc\u011f\u00fcne\r<br>\r<br>Konu\u015fmas\u0131nda Paris&#8217;te karikat\u00fcristleri y\u00f6nelik d\u00fczenlenen \u00e7irkin sald\u0131r\u0131ya da de\u011finen Sertel, olay\u0131 k\u0131nad\u0131\u011f\u0131n\u0131 belirterek, yap\u0131lan sald\u0131r\u0131n\u0131n bas\u0131n ve ifade \u00f6zg\u00fcrl\u00fc\u011f\u00fcne y\u00f6nelik oldu\u011funu s\u00f6yledi.\r<br>\r<br>Toplant\u0131da konu\u015fan TGS \u0130zmir \u015eubesi Ba\u015fkan\u0131 Halil H\u00fcner ise, \u009310 Ocak bizim i\u00e7in m\u00fccadele g\u00fcn\u00fcd\u00fcr. \u0130ste\u011fimiz gazetecinin i\u015fi olsun, a\u015f\u0131 olsun, sendikas\u0131 olsun\u0094 dedi.\r<br>\r<br>Konu\u015fmalar\u0131n ard\u0131ndan g\u00fcn\u00fcn an\u0131s\u0131na \u0130zmir Gazeteciler Cemiyeti \u00fcyesi, G\u00f6zlem Gazetesi Kurucusu 75 ya\u015f\u0131ndaki \u00c7etin G\u00fcrel\u0092e \u0093\u00c7al\u0131\u015fan En K\u0131demli Gazeteci\u0094 \u00f6d\u00fcl\u00fc verildi.\r<h3>Related Images:<\/h3>","protected":false},"excerpt":{"rendered":"<div class=\"mh-excerpt\"><p>T\u00fcrkiye Gazeteciler Federasyonu (TGF) Genel Ba\u015fkan\u0131 ve \u0130zmir Gazeteciler Cemiyeti (\u0130GC) Ba\u015fkan\u0131 Atila Sertel, gazetecilere \u00e7e\u015fitli haklar sa\u011flayan 212 say\u0131l\u0131 yasan\u0131n y\u00fcr\u00fcrl\u00fc\u011fe girmesinin 54&#8217;\u00fcnc\u00fc y\u0131ld\u00f6n\u00fcm\u00fc <a class=\"mh-excerpt-more\" href=\"https:\/\/kentyasam.com.tr\/wp\/2015\/01\/11\/haklarimiz-ve-basin-ozgurlugu-icin-mucadeleye-devam\/\" title=\"Haklar\u0131m\u0131z ve bas\u0131n \u00f6zg\u00fcrl\u00fc\u011f\u00fc i\u00e7in m\u00fccadeleye devam\">[&#8230;]<\/a><\/p>\n<\/div>","protected":false},"author":1,"featured_media":47079,"comment_status":"open","ping_status":"open","sticky":false,"template":"","format":"standard","meta":{"ngg_post_thumbnail":0,"footnotes":""},"categories":[1],"tags":[],"_links":{"self":[{"href":"https:\/\/kentyasam.com.tr\/wp\/wp-json\/wp\/v2\/posts\/24316"}],"collection":[{"href":"https:\/\/kentyasam.com.tr\/wp\/wp-json\/wp\/v2\/posts"}],"about":[{"href":"https:\/\/kentyasam.com.tr\/wp\/wp-json\/wp\/v2\/types\/post"}],"author":[{"embeddable":true,"href":"https:\/\/kentyasam.com.tr\/wp\/wp-json\/wp\/v2\/users\/1"}],"replies":[{"embeddable":true,"href":"https:\/\/kentyasam.com.tr\/wp\/wp-json\/wp\/v2\/comments?post=24316"}],"version-history":[{"count":0,"href":"https:\/\/kentyasam.com.tr\/wp\/wp-json\/wp\/v2\/posts\/24316\/revisions"}],"wp:featuredmedia":[{"embeddable":true,"href":"https:\/\/kentyasam.com.tr\/wp\/wp-json\/wp\/v2\/media\/47079"}],"wp:attachment":[{"href":"https:\/\/kentyasam.com.tr\/wp\/wp-json\/wp\/v2\/media?parent=24316"}],"wp:term":[{"taxonomy":"category","embeddable":true,"href":"https:\/\/kentyasam.com.tr\/wp\/wp-json\/wp\/v2\/categories?post=24316"},{"taxonomy":"post_tag","embeddable":true,"href":"https:\/\/kentyasam.com.tr\/wp\/wp-json\/wp\/v2\/tags?post=24316"}],"curies":[{"name":"wp","href":"https:\/\/api.w.org\/{rel}","templated":true}]}}