{"id":24309,"date":"2015-01-09T00:00:00","date_gmt":"2015-01-09T00:00:00","guid":{"rendered":"http:\/\/kentyasam.com.tr\/wp\/?p=24309"},"modified":"2015-01-09T00:00:00","modified_gmt":"2015-01-09T00:00:00","slug":"evsizlere-buyuksehir-destegi-suruyor","status":"publish","type":"post","link":"https:\/\/kentyasam.com.tr\/wp\/2015\/01\/09\/evsizlere-buyuksehir-destegi-suruyor\/","title":{"rendered":"Evsizlere B\u00fcy\u00fck\u015fehir deste\u011fi s\u00fcr\u00fcyor"},"content":{"rendered":"\u0130zmir\u0092de son y\u0131llardaki en so\u011fuk g\u00fcnler ya\u015fan\u0131rken, sokakta bar\u0131nan vatanda\u015flar i\u00e7in \u0130zmir B\u00fcy\u00fck\u015fehir Belediyesi destek oldu. Dondurucu so\u011fukta ya\u015fam m\u00fccadelesi veren evsizlere iki ayr\u0131 noktada s\u0131cak yemek ve temiz yatak sunuldu. 71 ki\u015finin bar\u0131nd\u0131\u011f\u0131 M\u00fcyesser Turfan G\u00fc\u00e7s\u00fczler Evi\u0092nin yan\u0131 s\u0131ra K\u00fclt\u00fcrpark\u0092taki 4 No\u0092lu holde olu\u015fturulan 80 yatakl\u0131 \u0093ge\u00e7ici bar\u0131nma evi\u0094 de tam kapasiteyle hizmet verdi.\r<br>\r<br>D\u0131\u015far\u0131da s\u0131cakl\u0131\u011f\u0131n s\u0131f\u0131r\u0131n alt\u0131na d\u00fc\u015ft\u00fc\u011f\u00fc saatlerde, \u00f6zel olarak d\u00fczenlenen fuar hol\u00fcnde a\u011f\u0131rlanan evsiz vatanda\u015flar, burada yemeklerini yedi, \u00e7aylar\u0131n\u0131 i\u00e7ti. Kimileri televizyon izleyerek vakit ge\u00e7irirken, b\u00fcy\u00fck \u00e7o\u011funluk g\u00fcn\u00fcn yorgunlu\u011fundan kurtulmak i\u00e7in s\u0131cac\u0131k ve temiz yataklar\u0131nda erkenden uyumay\u0131 tercih etti. G\u00f6revli personelin s\u0131cak yakla\u015f\u0131m\u0131 ve yak\u0131n ilgisiyle kar\u015f\u0131lanan vatanda\u015flar, bu hizmetten mutluluk duyduklar\u0131n\u0131 dile getirdi.\r<br>\r<br>B\u00fcy\u00fck\u015fehir yetkilileri, sokakta ya\u015fayan vatanda\u015flar i\u00e7in G\u00fc\u00e7s\u00fczler Evi&#8217;nin mesai saatlerinde 361 71 51, mesai saatleri d\u0131\u015f\u0131nda 361 00 82 nolu telefonunun aranabilece\u011fini belirtti.<h3>Related Images:<\/h3>","protected":false},"excerpt":{"rendered":"<div class=\"mh-excerpt\"><p>\u0130zmir\u0092de son y\u0131llardaki en so\u011fuk g\u00fcnler ya\u015fan\u0131rken, sokakta bar\u0131nan vatanda\u015flar i\u00e7in \u0130zmir B\u00fcy\u00fck\u015fehir Belediyesi destek oldu. Dondurucu so\u011fukta ya\u015fam m\u00fccadelesi veren evsizlere iki ayr\u0131 noktada <a class=\"mh-excerpt-more\" href=\"https:\/\/kentyasam.com.tr\/wp\/2015\/01\/09\/evsizlere-buyuksehir-destegi-suruyor\/\" title=\"Evsizlere B\u00fcy\u00fck\u015fehir deste\u011fi s\u00fcr\u00fcyor\">[&#8230;]<\/a><\/p>\n<\/div>","protected":false},"author":1,"featured_media":47072,"comment_status":"open","ping_status":"open","sticky":false,"template":"","format":"standard","meta":{"ngg_post_thumbnail":0,"footnotes":""},"categories":[1],"tags":[],"_links":{"self":[{"href":"https:\/\/kentyasam.com.tr\/wp\/wp-json\/wp\/v2\/posts\/24309"}],"collection":[{"href":"https:\/\/kentyasam.com.tr\/wp\/wp-json\/wp\/v2\/posts"}],"about":[{"href":"https:\/\/kentyasam.com.tr\/wp\/wp-json\/wp\/v2\/types\/post"}],"author":[{"embeddable":true,"href":"https:\/\/kentyasam.com.tr\/wp\/wp-json\/wp\/v2\/users\/1"}],"replies":[{"embeddable":true,"href":"https:\/\/kentyasam.com.tr\/wp\/wp-json\/wp\/v2\/comments?post=24309"}],"version-history":[{"count":0,"href":"https:\/\/kentyasam.com.tr\/wp\/wp-json\/wp\/v2\/posts\/24309\/revisions"}],"wp:featuredmedia":[{"embeddable":true,"href":"https:\/\/kentyasam.com.tr\/wp\/wp-json\/wp\/v2\/media\/47072"}],"wp:attachment":[{"href":"https:\/\/kentyasam.com.tr\/wp\/wp-json\/wp\/v2\/media?parent=24309"}],"wp:term":[{"taxonomy":"category","embeddable":true,"href":"https:\/\/kentyasam.com.tr\/wp\/wp-json\/wp\/v2\/categories?post=24309"},{"taxonomy":"post_tag","embeddable":true,"href":"https:\/\/kentyasam.com.tr\/wp\/wp-json\/wp\/v2\/tags?post=24309"}],"curies":[{"name":"wp","href":"https:\/\/api.w.org\/{rel}","templated":true}]}}