{"id":24294,"date":"2015-01-04T00:00:00","date_gmt":"2015-01-04T00:00:00","guid":{"rendered":"http:\/\/kentyasam.com.tr\/wp\/?p=24294"},"modified":"2015-01-04T00:00:00","modified_gmt":"2015-01-04T00:00:00","slug":"kece-ve-cikolata-engelli-cocuklara-umut-oldu","status":"publish","type":"post","link":"https:\/\/kentyasam.com.tr\/wp\/2015\/01\/04\/kece-ve-cikolata-engelli-cocuklara-umut-oldu\/","title":{"rendered":"Ke\u00e7e ve \u00e7ikolata engelli \u00e7ocuklara umut oldu"},"content":{"rendered":"\u0130zmir Ekonomi \u00dcniversitesi G\u00fczel Sanatlar ve Tasar\u0131m Fak\u00fcltesi Moda ve Tekstil Tasar\u0131m\u0131 B\u00f6l\u00fcm\u00fc \u00f6\u011frencilerinin el eme\u011fiyle liflerden yapt\u0131\u011f\u0131 ke\u00e7eden \u015fapkalar, yine \u00fcniversitenin Mutfak Sanatlar\u0131 ve Y\u00f6netimi B\u00f6l\u00fcm\u00fc \u00f6\u011frencilerinin \u00e7ikolatadan olu\u015fturdu\u011fu \u015fekillerle s\u00fcslendi; projeden elde edilen gelir Buca Belediyesi\u0092nde engelli \u00e7ocuk park\u0131 yap\u0131m\u0131 i\u00e7in ba\u011f\u0131\u015fland\u0131. \u0130\u00e7imdeki \u00c7ocuk Derne\u011fi i\u015fbirli\u011finde ger\u00e7ekle\u015fen projede, iki b\u00f6l\u00fcm \u00f6\u011frencileri engelli \u00e7ocuklar\u0131n mutlulu\u011funa ortak oldu.  \r<br>\r<br>\u0130E\u00dc G\u00fczel Sanatlar ve Tasar\u0131m Fak\u00fcltesi Moda ve Tekstil Tasar\u0131m\u0131 B\u00f6l\u00fcm Ba\u015fkan\u0131 Prof. Dr. Elvan \u00d6zkavruk Adan\u0131r, ke\u00e7eden \u015fapka yap\u0131m\u0131 ve \u00e7ikolata ile s\u00fcslenmesi \u00fczerine \u00f6\u011frencilerin 3 hafta boyunca \u00e7al\u0131\u015ft\u0131\u011f\u0131n\u0131 belirtti. Prof. Dr. Adan\u0131r, \u00f6ncelikle Moda ve Tekstil Tasar\u0131m\u0131 B\u00f6l\u00fcm\u00fc \u00f6\u011frencilerinin \u015fapka tasar\u0131mlar\u0131n\u0131 ger\u00e7ekle\u015ftirdi\u011fini ifade ederek, daha sonra liflerden ke\u00e7e \u015fapkalar\u0131 \u00fcrettiklerini s\u00f6yledi. \r<br>\r<br>Moda \u00f6\u011frencilerinin \u015fapkalar\u0131 aksesuarlarla s\u00fcsledi\u011fini kaydeden Prof. Dr. Adan\u0131r, ke\u00e7e \u015fapkalar\u0131n \u00e7ikolata ile bulu\u015fma s\u00fcrecini \u015fu \u015fekilde anlatt\u0131: \u0093Son a\u015famada \u00fcniversitemiz mutfak sanatlar\u0131 ve y\u00f6netimi b\u00f6l\u00fcm\u00fc \u00f6\u011frencilerimizle e\u015fle\u015ferek ne gibi aksesuarlar yapacaklar\u0131n\u0131 tart\u0131\u015ft\u0131lar. Hep beraber \u00e7al\u0131\u015farak \u015fapkalar\u0131 \u00e7ikolatalarla s\u00fcslediler. A\u00e7t\u0131\u011f\u0131m\u0131z sergide de \u015fapkalar\u0131m\u0131z\u0131 sat\u0131\u015fa sunduk. Elde etti\u011fimiz gelir de Buca Belediyesi\u0092nde \u0130\u00e7imdeki \u00c7ocuk Derne\u011fi ile birlikte bir engelli \u00e7ocuk park\u0131 yap\u0131m\u0131nda kullan\u0131lacak.\u0094\r<br>\r<br>\u0130E\u00dc Mutfak Sanatlar\u0131 ve Y\u00f6netimi B\u00f6l\u00fcm\u00fc E\u011fitmen \u015eef Semen \u00d6ner de, \u015fapkalar\u0131n tasarlanmas\u0131n\u0131n ard\u0131ndan \u00e7ikolata ile s\u00fcslemeler yapt\u0131klar\u0131n\u0131 s\u00f6yledi. \u00d6ner, \u0093\u00d6\u011frencilerimizle bir araya gelerek \u015fapkalar\u0131 nas\u0131l hayallerindeki gibi s\u00fcsleyebilece\u011fimizi konu\u015ftuk. \u00c7ikolatan\u0131n izin verdi\u011fi \u015fekilde \u00e7al\u0131\u015ft\u0131k. Her \u015fapkaya tek tek uygulamalar yap\u0131ld\u0131. \u015eapkan\u0131n \u00fczerindeki \u00e7ikolatalar yemeye uygun olmad\u0131\u011f\u0131 i\u00e7in \u00f6\u011frenci \u015feflerimiz, yan\u0131nda lezzetine doyulmayacak bir kutu \u00e7ikolata \u00fcretti\u0094 diye konu\u015ftu. \r<br>\r<h3>Related Images:<\/h3>","protected":false},"excerpt":{"rendered":"<div class=\"mh-excerpt\"><p>\u0130zmir Ekonomi \u00dcniversitesi G\u00fczel Sanatlar ve Tasar\u0131m Fak\u00fcltesi Moda ve Tekstil Tasar\u0131m\u0131 B\u00f6l\u00fcm\u00fc \u00f6\u011frencilerinin el eme\u011fiyle liflerden yapt\u0131\u011f\u0131 ke\u00e7eden \u015fapkalar, yine \u00fcniversitenin Mutfak Sanatlar\u0131 ve <a class=\"mh-excerpt-more\" href=\"https:\/\/kentyasam.com.tr\/wp\/2015\/01\/04\/kece-ve-cikolata-engelli-cocuklara-umut-oldu\/\" title=\"Ke\u00e7e ve \u00e7ikolata engelli \u00e7ocuklara umut oldu\">[&#8230;]<\/a><\/p>\n<\/div>","protected":false},"author":1,"featured_media":47057,"comment_status":"open","ping_status":"open","sticky":false,"template":"","format":"standard","meta":{"ngg_post_thumbnail":0,"footnotes":""},"categories":[1],"tags":[],"_links":{"self":[{"href":"https:\/\/kentyasam.com.tr\/wp\/wp-json\/wp\/v2\/posts\/24294"}],"collection":[{"href":"https:\/\/kentyasam.com.tr\/wp\/wp-json\/wp\/v2\/posts"}],"about":[{"href":"https:\/\/kentyasam.com.tr\/wp\/wp-json\/wp\/v2\/types\/post"}],"author":[{"embeddable":true,"href":"https:\/\/kentyasam.com.tr\/wp\/wp-json\/wp\/v2\/users\/1"}],"replies":[{"embeddable":true,"href":"https:\/\/kentyasam.com.tr\/wp\/wp-json\/wp\/v2\/comments?post=24294"}],"version-history":[{"count":0,"href":"https:\/\/kentyasam.com.tr\/wp\/wp-json\/wp\/v2\/posts\/24294\/revisions"}],"wp:featuredmedia":[{"embeddable":true,"href":"https:\/\/kentyasam.com.tr\/wp\/wp-json\/wp\/v2\/media\/47057"}],"wp:attachment":[{"href":"https:\/\/kentyasam.com.tr\/wp\/wp-json\/wp\/v2\/media?parent=24294"}],"wp:term":[{"taxonomy":"category","embeddable":true,"href":"https:\/\/kentyasam.com.tr\/wp\/wp-json\/wp\/v2\/categories?post=24294"},{"taxonomy":"post_tag","embeddable":true,"href":"https:\/\/kentyasam.com.tr\/wp\/wp-json\/wp\/v2\/tags?post=24294"}],"curies":[{"name":"wp","href":"https:\/\/api.w.org\/{rel}","templated":true}]}}