{"id":24273,"date":"2014-12-29T00:00:00","date_gmt":"2014-12-29T00:00:00","guid":{"rendered":"http:\/\/kentyasam.com.tr\/wp\/?p=24273"},"modified":"2014-12-29T00:00:00","modified_gmt":"2014-12-29T00:00:00","slug":"yeni-yilda-gundem-ekonomi-olsun","status":"publish","type":"post","link":"https:\/\/kentyasam.com.tr\/wp\/2014\/12\/29\/yeni-yilda-gundem-ekonomi-olsun\/","title":{"rendered":"Yeni y\u0131lda g\u00fcndem ekonomi olsun"},"content":{"rendered":"\u0130zmirli i\u015fadamlar\u0131 ve i\u015fkad\u0131nlar\u0131 2015 y\u0131l\u0131 beklentilerini a\u00e7\u0131klarken, yeni y\u0131lda g\u00fcndemin &#8220;ekonomi&#8221; olmas\u0131 konusunda fikir birli\u011fine vard\u0131.\r<br>\r<br>Ege \u0130\u015f Kad\u0131nlar\u0131 Derne\u011fi (EG\u0130KAD)Ba\u015fkan\u0131 Bet\u00fcl Elmaso\u011flu, 2015 y\u0131l\u0131n\u0131n sevgi ve ho\u015fg\u00f6r\u00fc y\u0131l\u0131 olmas\u0131n\u0131 isterken, \u0093\u00d6zellikle son d\u00f6nemde toplumun her kesiminde bir s\u00fcrt\u00fc\u015fme oldu\u011fu izlenimi var. Oysa biz ho\u015fg\u00f6r\u00fc ve dayan\u0131\u015fma k\u00fclt\u00fcr\u00fc olan bir toplumuz\u0094 dedi. Politikac\u0131lar\u0131n ve medyan\u0131n sert s\u00f6ylemlerde bulundu\u011funa dikkati \u00e7eken Elmaso\u011flu, halk\u0131n huzursuz olmamas\u0131 i\u00e7in bu \u00fcslubun yumu\u015famas\u0131 gerekti\u011fini s\u00f6yledi.\r<br>\r<br>Aytekin \u00d6zta\u015f: \u00dclke ekonomisi politikaya endeksli\r<br>\r<br>Kemalpa\u015fa Sanayici ve \u0130\u015fadamlar\u0131 Derne\u011fi (KES\u0130AD) Y\u00f6netim Kurulu Ba\u015fkan\u0131 Aytekin \u00d6zta\u015f ise, 2014 y\u0131l\u0131nda T\u00fcrkiye g\u00fcndemini siyasetin belirledi\u011fini belirtti.,\r<br>2015 y\u0131l\u0131nda ekonominin i\u015f d\u00fcnyas\u0131n\u0131n odak noktas\u0131 haline gelmesi gerekti\u011fine dikkat \u00e7ekti.\r<br>\r<br>\u00d6zta\u015f, 17-25 Aral\u0131k operasyonlar\u0131n\u0131n etkisi alt\u0131nda girilen 2014 y\u0131l\u0131n\u0131n siyasi polemikler, yerel ve cumhurba\u015fkanl\u0131\u011f\u0131 se\u00e7imleri nedeniyle, \u00fclke g\u00fcndeminin politikaya endeksli olarak ya\u015fand\u0131\u011f\u0131n\u0131 vurgulad\u0131. 2014 y\u0131l\u0131n\u0131n hem ekonomik a\u00e7\u0131dan, hem de i\u015f kazalar\u0131 nedeniyle T\u00fcrkiye ad\u0131na k\u00f6t\u00fc bir y\u0131l olarak ya\u015fand\u0131\u011f\u0131n\u0131 vurgulayan \u00d6zta\u015f, \u0093Ba\u015fta dile\u011fim insanl\u0131k ad\u0131na mutlu, huzurlu ve bar\u0131\u015f i\u00e7inde bir y\u0131l olmas\u0131d\u0131r. Ekonomik a\u00e7\u0131dan bakt\u0131\u011f\u0131m\u0131zda, 2015 y\u0131l\u0131n\u0131n, 2014 y\u0131l\u0131 g\u00f6lgesinde ge\u00e7e\u011fine y\u00f6nelik d\u00fc\u015f\u00fcncelerin a\u011f\u0131r bas\u0131yor. H\u00fck\u00fcmetin, Orta Vadeli Program\u0092da hedef k\u00fc\u00e7\u00fcltmesinden de anla\u015f\u0131laca\u011f\u0131 \u00fczere zor bir y\u0131l bizi bekliyor. \u00c7ok \u00f6nemli kalemlerde revizyona gidildi. B\u00fcy\u00fcme oran\u0131 2015 y\u0131l\u0131 i\u00e7in y\u00fczde 5\u0092ten y\u00fczde 4\u0092e d\u00fc\u015f\u00fcr\u00fcld\u00fc. Enflasyon tahmini hedefi y\u00fczde 5 seviyesinden y\u00fczde 6.3\u0092e \u00e7\u0131kar\u0131ld\u0131. Cari a\u00e7\u0131k, d\u0131\u015f ticaret ve b\u00fct\u00e7e a\u00e7\u0131\u011f\u0131 cephesinde de farkl\u0131 bir durum ya\u015fanmayaca\u011f\u0131n\u0131 d\u00fc\u015f\u00fcn\u00fcyorum. G\u00fcndemin ekonomi oldu\u011fu, \u00fclkemiz ad\u0131na iyi bir y\u0131l diliyorum\u0094 dedi.\r<br>\r<br>Kamil Porsuk: Sanayicimiz ad\u0131na umutluyuz\r<br>\r<br>Kemalpa\u015fa Organize Sanayi B\u00f6lgesi (KOSB\u0130) Y\u00f6netim Kurulu Ba\u015fkan\u0131 Kamil Porsuk yeni y\u0131la ili\u015fkin umutlu konu\u015ftu. Geride b\u0131rakt\u0131\u011f\u0131m\u0131z 2014 y\u0131l\u0131nda istihdamda g\u00f6zle g\u00f6r\u00fcn\u00fcr d\u00fc\u015f\u00fc\u015fler oldu\u011funu ancak 2015\u0092te iktidar eliyle al\u0131nacak \u00f6nlemler sayesinde piyasalarda bir canlanma olaca\u011f\u0131n\u0131 belirtti, \u0093Sanayicilerimiz ad\u0131na \u00e7ok umutluyuz\u0094 diye konu\u015ftu.\r<br>\r<br>Belli oranda cirolar\u0131n d\u00fc\u015ft\u00fc\u011f\u00fc, karl\u0131l\u0131klar\u0131n azald\u0131\u011f\u0131 bir y\u0131l\u0131 geride b\u0131rakt\u0131klar\u0131n\u0131 hat\u0131rlatan Porsuk, \u0093\u00d6zelikle istihdam alan\u0131nda ciddi s\u0131k\u0131nt\u0131lar oldu. Bunun bir yerde a\u015f\u0131lmas\u0131 gerekiyor. Ege B\u00f6lgesi Sanayi Odas\u0131 Ba\u015fkan\u0131 Ender Yorganc\u0131lar\u0092\u0131n da s\u00f6yledi\u011fi gibi yeni heyecanlar yaratmak laz\u0131m. Nas\u0131l 2002\u0092de, 2003\u0092te sanayide h\u0131z geldiyse yeni s\u00f6ylemlerle yola \u00e7\u0131kmak laz\u0131m\u0094 dedi.\r<br>\r<br>T\u00fcrkiye\u0092yi 2015\u0092te kritik bir se\u00e7im s\u00fcrecinin bekledi\u011fini anlatan Porsuk, \u0093Se\u00e7im y\u0131l\u0131yla ilgili olumsuzluklar ya\u015fanmazsa kamusal alanda ekonomiyle ilgili daha iyiye gideriz. Art\u0131k sanayici \u00fcretim yapmaktan \u00e7ekinir hale geldi. Bunun a\u015f\u0131lmas\u0131yla ilgili bir tak\u0131m te\u015fviklerin artmas\u0131 laz\u0131m. Mesela ar-ge destekleri 50 ki\u015fiydi 30\u0092a d\u00fc\u015f\u00fcr\u00fcld\u00fc. Belki sa\u011fl\u0131k, biomedikal, savunma gibi belli sekt\u00f6rlerde cari a\u00e7\u0131\u011f\u0131 kapatacak ar-ge merkezleri daha k\u00fc\u00e7\u00fclt\u00fclmeli. KOB\u0130\u0092ler de bundan yararlanmal\u0131. Sanayicilik her ge\u00e7en g\u00fcn zorla\u015f\u0131yor. Bizler kay\u0131tl\u0131 olarak faaliyetlerimizi s\u00fcrd\u00fcrd\u00fc\u011f\u00fcm\u00fcz i\u00e7in her \u015fey bizim aleyhimize. Merdiven alt\u0131 dedi\u011fimiz kay\u0131t d\u0131\u015f\u0131 ekonomiye bir dur denmeli. Ya\u015fanan t\u00fcm sorunlar sanayicinin \u00fczerine gelen bir y\u00fck olarak geri d\u00f6n\u00fcyor. \u00dclkemiz i\u00e7in sanayici daha fazla \u00fcretim yapabilmeli. \u00dcretim olmazsa hi\u00e7bir \u015fey olamaz\u0094 diye konu\u015ftu.<h3>Related Images:<\/h3>","protected":false},"excerpt":{"rendered":"<div class=\"mh-excerpt\"><p>\u0130zmirli i\u015fadamlar\u0131 ve i\u015fkad\u0131nlar\u0131 2015 y\u0131l\u0131 beklentilerini a\u00e7\u0131klarken, yeni y\u0131lda g\u00fcndemin &#8220;ekonomi&#8221; olmas\u0131 konusunda fikir birli\u011fine vard\u0131. Ege \u0130\u015f Kad\u0131nlar\u0131 Derne\u011fi (EG\u0130KAD)Ba\u015fkan\u0131 Bet\u00fcl Elmaso\u011flu, 2015 <a class=\"mh-excerpt-more\" href=\"https:\/\/kentyasam.com.tr\/wp\/2014\/12\/29\/yeni-yilda-gundem-ekonomi-olsun\/\" title=\"Yeni y\u0131lda g\u00fcndem ekonomi olsun\">[&#8230;]<\/a><\/p>\n<\/div>","protected":false},"author":1,"featured_media":47036,"comment_status":"open","ping_status":"open","sticky":false,"template":"","format":"standard","meta":{"ngg_post_thumbnail":0,"footnotes":""},"categories":[1],"tags":[],"_links":{"self":[{"href":"https:\/\/kentyasam.com.tr\/wp\/wp-json\/wp\/v2\/posts\/24273"}],"collection":[{"href":"https:\/\/kentyasam.com.tr\/wp\/wp-json\/wp\/v2\/posts"}],"about":[{"href":"https:\/\/kentyasam.com.tr\/wp\/wp-json\/wp\/v2\/types\/post"}],"author":[{"embeddable":true,"href":"https:\/\/kentyasam.com.tr\/wp\/wp-json\/wp\/v2\/users\/1"}],"replies":[{"embeddable":true,"href":"https:\/\/kentyasam.com.tr\/wp\/wp-json\/wp\/v2\/comments?post=24273"}],"version-history":[{"count":0,"href":"https:\/\/kentyasam.com.tr\/wp\/wp-json\/wp\/v2\/posts\/24273\/revisions"}],"wp:featuredmedia":[{"embeddable":true,"href":"https:\/\/kentyasam.com.tr\/wp\/wp-json\/wp\/v2\/media\/47036"}],"wp:attachment":[{"href":"https:\/\/kentyasam.com.tr\/wp\/wp-json\/wp\/v2\/media?parent=24273"}],"wp:term":[{"taxonomy":"category","embeddable":true,"href":"https:\/\/kentyasam.com.tr\/wp\/wp-json\/wp\/v2\/categories?post=24273"},{"taxonomy":"post_tag","embeddable":true,"href":"https:\/\/kentyasam.com.tr\/wp\/wp-json\/wp\/v2\/tags?post=24273"}],"curies":[{"name":"wp","href":"https:\/\/api.w.org\/{rel}","templated":true}]}}