{"id":24204,"date":"2014-11-23T00:00:00","date_gmt":"2014-11-23T00:00:00","guid":{"rendered":"http:\/\/kentyasam.com.tr\/wp\/?p=24204"},"modified":"2014-11-23T00:00:00","modified_gmt":"2014-11-23T00:00:00","slug":"karabaglar-da-okul-duvari-tuval-oldu","status":"publish","type":"post","link":"https:\/\/kentyasam.com.tr\/wp\/2014\/11\/23\/karabaglar-da-okul-duvari-tuval-oldu\/","title":{"rendered":"Karaba\u011flar&#8217;da okul duvar\u0131 tuval oldu"},"content":{"rendered":" Karaba\u011flar Belediyesi D\u00fcnya \u00c7ocuk Haklar\u0131 G\u00fcn\u00fc\u0092nde Karaba\u011flar Bah\u00e7elievler Ortaokulu\u0092nun  duvar\u0131n\u0131 tuvale \u00e7evirdi. Okulun \u00f6\u011frencileri i\u00e7in d\u00fczenlenen \u0093Duvar Boyama\u0094 etkinli\u011finde tasar\u0131m \u00f6\u011fretmenleri ve \u00f6\u011frenciler okulun duvar\u0131na resimler \u00e7izdiler ve duvar\u0131 rengarenk boyad\u0131lar.\r<br>\r<br>Karaba\u011flar Belediye Ba\u015fkan\u0131 Muhittin Selvitopu, b\u00fct\u00fcn \u00e7ocuklar\u0131n D\u00fcnya \u00c7ocuk Haklar\u0131 G\u00fcn\u00fc\u0092n\u00fc kutlayarak, etkinli\u011fe kat\u0131lan \u00f6\u011frencilere okul seti ve \u00e7ocuk kitab\u0131 hediye etti. \u00c7ocuk Haklar\u0131 S\u00f6zle\u015fmesi maddelerinin de yer alaca\u011f\u0131 duvara \u0093\u00c7ocuk Haklar\u0131 Duvar\u0131\u0094 ad\u0131 verilmesini isteyen \u00f6\u011frenciler, duvar\u0131n \u00f6n\u00fcnde Ba\u015fkan Muhittin Selvitopu ve Okul M\u00fcd\u00fcr\u00fc Kurban Ak\u0131\u015f ile hat\u0131ra foto\u011fraf\u0131 \u00e7ekildiler. \r<br>\r<br>Okul M\u00fcd\u00fcr\u00fc Ak\u0131\u015f, Karaba\u011flar Belediyesi\u0092nin d\u00fczenledi\u011fi etkinlik i\u00e7in te\u015fekk\u00fcr etti.<h3>Related Images:<\/h3>","protected":false},"excerpt":{"rendered":"<div class=\"mh-excerpt\"><p>Karaba\u011flar Belediyesi D\u00fcnya \u00c7ocuk Haklar\u0131 G\u00fcn\u00fc\u0092nde Karaba\u011flar Bah\u00e7elievler Ortaokulu\u0092nun duvar\u0131n\u0131 tuvale \u00e7evirdi. Okulun \u00f6\u011frencileri i\u00e7in d\u00fczenlenen \u0093Duvar Boyama\u0094 etkinli\u011finde tasar\u0131m \u00f6\u011fretmenleri ve \u00f6\u011frenciler okulun duvar\u0131na <a class=\"mh-excerpt-more\" href=\"https:\/\/kentyasam.com.tr\/wp\/2014\/11\/23\/karabaglar-da-okul-duvari-tuval-oldu\/\" title=\"Karaba\u011flar&#8217;da okul duvar\u0131 tuval oldu\">[&#8230;]<\/a><\/p>\n<\/div>","protected":false},"author":1,"featured_media":46967,"comment_status":"open","ping_status":"open","sticky":false,"template":"","format":"standard","meta":{"ngg_post_thumbnail":0,"footnotes":""},"categories":[1],"tags":[],"_links":{"self":[{"href":"https:\/\/kentyasam.com.tr\/wp\/wp-json\/wp\/v2\/posts\/24204"}],"collection":[{"href":"https:\/\/kentyasam.com.tr\/wp\/wp-json\/wp\/v2\/posts"}],"about":[{"href":"https:\/\/kentyasam.com.tr\/wp\/wp-json\/wp\/v2\/types\/post"}],"author":[{"embeddable":true,"href":"https:\/\/kentyasam.com.tr\/wp\/wp-json\/wp\/v2\/users\/1"}],"replies":[{"embeddable":true,"href":"https:\/\/kentyasam.com.tr\/wp\/wp-json\/wp\/v2\/comments?post=24204"}],"version-history":[{"count":0,"href":"https:\/\/kentyasam.com.tr\/wp\/wp-json\/wp\/v2\/posts\/24204\/revisions"}],"wp:featuredmedia":[{"embeddable":true,"href":"https:\/\/kentyasam.com.tr\/wp\/wp-json\/wp\/v2\/media\/46967"}],"wp:attachment":[{"href":"https:\/\/kentyasam.com.tr\/wp\/wp-json\/wp\/v2\/media?parent=24204"}],"wp:term":[{"taxonomy":"category","embeddable":true,"href":"https:\/\/kentyasam.com.tr\/wp\/wp-json\/wp\/v2\/categories?post=24204"},{"taxonomy":"post_tag","embeddable":true,"href":"https:\/\/kentyasam.com.tr\/wp\/wp-json\/wp\/v2\/tags?post=24204"}],"curies":[{"name":"wp","href":"https:\/\/api.w.org\/{rel}","templated":true}]}}