{"id":24028,"date":"2014-09-07T00:00:00","date_gmt":"2014-09-07T00:00:00","guid":{"rendered":"http:\/\/kentyasam.com.tr\/wp\/?p=24028"},"modified":"2014-09-07T00:00:00","modified_gmt":"2014-09-07T00:00:00","slug":"izmir-deki-demok-lular-yeni-yonetimi-belirledi","status":"publish","type":"post","link":"https:\/\/kentyasam.com.tr\/wp\/2014\/09\/07\/izmir-deki-demok-lular-yeni-yonetimi-belirledi\/","title":{"rendered":"\u0130zmir&#8217;deki DEMOK&#8217;lular yeni y\u00f6netimi belirledi"},"content":{"rendered":"Genel Merkezi Ankara\u0092da bulunan Demiryol Meslek Okulu Mezunlar\u0131 Derne\u011fi (DEMOK) \u0130zmir \u015eubesi\u0092nin Ola\u011fan Genel Kurulu yap\u0131ld\u0131. TCDD Alsancak Lokali&#8217;nde yap\u0131lan genel kurul, Demiryol Meslek Okulu mezunu \u00e7al\u0131\u015fan ve emekli \u00e7ok say\u0131da demiryolcuyu bir araya getirdi. 12 y\u0131ll\u0131k ba\u015fkan \u0130brahim Sald\u0131r, g\u00f6revini yeni ba\u015fkan Habil Emir\u0092e devretti.\r<br>\r<br>DEMOK \u0130zmir \u015eubesi\u0092nin ola\u011fan genel kurulunda konu\u015fan DEMOK Genel Ba\u015fkan\u0131 Alpaslan Taylan, derne\u011fin Devlet Demiryollar\u0131 (TCDD) b\u00fcnyesinde \u00e7al\u0131\u015fan ve kurumuna g\u00f6n\u00fcl vermi\u015f TCDD Meslek Lisesi mezunlar\u0131ndan olu\u015ftu\u011funu belirtti. DEMOK \u00fcyeleri aras\u0131nda TCDD b\u00fcnyesinde her kademeden \u00e7al\u0131\u015fan bulundu\u011funu hat\u0131rlatan Taylan, t\u00fcm etkinliklerde oldu\u011fu gibi genel kurul s\u00fcrecinde de birlik ve beraberlik \u00e7a\u011fr\u0131s\u0131nda bulundu.\r<br>\r<br>DEMOK \u0130zmir \u015eubesi Ba\u015fkan\u0131 \u0130brahim Sald\u0131r, g\u00f6rev yapt\u0131klar\u0131 s\u00fcre boyunca okullar\u0131n\u0131n yeniden a\u00e7\u0131lmas\u0131 i\u00e7in giri\u015fimlerde bulunduklar\u0131n\u0131 anlatt\u0131. Y\u00f6netim olarak \u015feffafl\u0131k ve hakkaniyet ilkesiyle hareket ettiklerini belirten Sald\u0131r, di\u011fer sivil toplum kurulu\u015flar\u0131yla iyi ili\u015fkiler i\u00e7inde, dayan\u0131\u015fmay\u0131, birlik ve beraberli\u011fi ama\u00e7layan \u00e7al\u0131\u015fmalar yapt\u0131klar\u0131n\u0131 s\u00f6yledi.\r<br>\r<br>Genel kurulda se\u00e7imlere tek listeyle gidildi. DEMOK \u0130zmir \u015eubesi\u0092nin yeni y\u00f6netim kurulu Habil Emir\u0092in ba\u015fkanl\u0131\u011f\u0131nda Soner Ba\u015f, Yakup Demir, \u00d6zg\u00fcr \u00d6zkan, Hakan Murat Kulay, \u015eahin Azim ve Y\u00fcksel Zindeol\u0092dan olu\u015ftu. Ramazan T\u00fcmer, Ayd\u0131n Y\u0131lmaz ve Mahmut Atabay denetim kurulu, Ahmet Arberkli, Ahmet K\u0131lk\u0131l ve Erol Y\u0131lmaz da onur kurulu \u00fcyeliklerine se\u00e7ildi.\r<br>\r<br>DEMOK \u0130zmir \u015eubesi\u0092nin genel kuruluna TCDD 3. B\u00f6lge M\u00fcd\u00fcr Yard\u0131mc\u0131s\u0131 Nizamettin \u00c7i\u00e7ek, DEMOK Y\u00f6netim Kurulu Ba\u015fkan\u0131 Alpaslan Taylan, Demiryol Meslek Okulu Mezunlar\u0131 Derne\u011fi Yard\u0131mla\u015fma Sand\u0131\u011f\u0131 (DEMOKSAN) Y\u00f6netim Kurulu Ba\u015fkan\u0131 Talip \u00dcnal, Demiryolu Yap\u0131m ve \u0130\u015fletim Personeli Dayan\u0131\u015fma ve Yard\u0131mla\u015fma Derne\u011fi (YOLDER) Y\u00f6netim Kurulu Ba\u015fkan\u0131 \u00d6zden Polat, TCDD Emeklileri Sosyal Yard\u0131m Derne\u011fi \u0130zmir \u015eube Ba\u015fkan\u0131 Erol Y\u0131lmaz, Demiryollar\u0131 Makinistler Derne\u011fi (DEMARD) 3. B\u00f6lge \u015eube Ba\u015fkan\u0131 \u00d6nder Demirel de kat\u0131ld\u0131.\r<br>\r<br><b>DEMOK hakk\u0131nda<\/b>\r<br>\r<br>Demiryolcular\u0131n, mezunlar\u0131n\u0131 \u0093Oxfordlular\u0094 olarak tan\u0131mlad\u0131\u011f\u0131 Demiryolu Meslek Okulu, 1942 y\u0131l\u0131nda Ankara\u0092da a\u00e7\u0131ld\u0131. \u00d6\u011frencileri s\u0131navla se\u00e7en, paras\u0131z yat\u0131l\u0131 devlet okulunun kontenjan\u0131 120 \u00f6\u011frenciydi. Okul daha sonra 1942 &#8211; 1949, 1955 &#8211; 1964 son olarak da 1974 &#8211; 1996 y\u0131llar\u0131nda \u00fc\u00e7 kez a\u00e7\u0131l\u0131p kapat\u0131ld\u0131. \u00d6\u011frencilerini askeri bir disiplin i\u00e7inde yeti\u015ftiren okul 4 bin 294 mezun verdi. Yakla\u015f\u0131k 3 bin 500 mezun Devlet Demiryollar\u0131\u0092nda \u00e7al\u0131\u015fmaya ba\u015flad\u0131. Demiryolu Meslek Okulu mezunlar\u0131, zaman i\u00e7inde TCDD\u0092nin en \u00fcst kademelerinde y\u00f6netici olarak g\u00f6rev ald\u0131. Okulun mezunu demiryolcular, Demiryolu Meslek Okulu Mezunlar\u0131 Derne\u011fi\u0092ni (DEMOK) kurdu. Genel Merkezi Ankara\u0092da bulunan DEMOK\u0092un Malatya, \u0130zmir, \u0130stanbul, Eski\u015fehir, Afyon ve Adana \u015fubeleri kuruldu.<h3>Related Images:<\/h3>","protected":false},"excerpt":{"rendered":"<div class=\"mh-excerpt\"><p>Genel Merkezi Ankara\u0092da bulunan Demiryol Meslek Okulu Mezunlar\u0131 Derne\u011fi (DEMOK) \u0130zmir \u015eubesi\u0092nin Ola\u011fan Genel Kurulu yap\u0131ld\u0131. TCDD Alsancak Lokali&#8217;nde yap\u0131lan genel kurul, Demiryol Meslek Okulu <a class=\"mh-excerpt-more\" href=\"https:\/\/kentyasam.com.tr\/wp\/2014\/09\/07\/izmir-deki-demok-lular-yeni-yonetimi-belirledi\/\" title=\"\u0130zmir&#8217;deki DEMOK&#8217;lular yeni y\u00f6netimi belirledi\">[&#8230;]<\/a><\/p>\n<\/div>","protected":false},"author":1,"featured_media":46800,"comment_status":"open","ping_status":"open","sticky":false,"template":"","format":"standard","meta":{"ngg_post_thumbnail":0,"footnotes":""},"categories":[1],"tags":[],"_links":{"self":[{"href":"https:\/\/kentyasam.com.tr\/wp\/wp-json\/wp\/v2\/posts\/24028"}],"collection":[{"href":"https:\/\/kentyasam.com.tr\/wp\/wp-json\/wp\/v2\/posts"}],"about":[{"href":"https:\/\/kentyasam.com.tr\/wp\/wp-json\/wp\/v2\/types\/post"}],"author":[{"embeddable":true,"href":"https:\/\/kentyasam.com.tr\/wp\/wp-json\/wp\/v2\/users\/1"}],"replies":[{"embeddable":true,"href":"https:\/\/kentyasam.com.tr\/wp\/wp-json\/wp\/v2\/comments?post=24028"}],"version-history":[{"count":0,"href":"https:\/\/kentyasam.com.tr\/wp\/wp-json\/wp\/v2\/posts\/24028\/revisions"}],"wp:featuredmedia":[{"embeddable":true,"href":"https:\/\/kentyasam.com.tr\/wp\/wp-json\/wp\/v2\/media\/46800"}],"wp:attachment":[{"href":"https:\/\/kentyasam.com.tr\/wp\/wp-json\/wp\/v2\/media?parent=24028"}],"wp:term":[{"taxonomy":"category","embeddable":true,"href":"https:\/\/kentyasam.com.tr\/wp\/wp-json\/wp\/v2\/categories?post=24028"},{"taxonomy":"post_tag","embeddable":true,"href":"https:\/\/kentyasam.com.tr\/wp\/wp-json\/wp\/v2\/tags?post=24028"}],"curies":[{"name":"wp","href":"https:\/\/api.w.org\/{rel}","templated":true}]}}