{"id":23958,"date":"2014-08-17T00:00:00","date_gmt":"2014-08-17T00:00:00","guid":{"rendered":"http:\/\/kentyasam.com.tr\/wp\/?p=23958"},"modified":"2014-08-17T00:00:00","modified_gmt":"2014-08-17T00:00:00","slug":"depremle-yasamayi-ogrenmeli-kisisel-eylem-plani-yapmaliyiz","status":"publish","type":"post","link":"https:\/\/kentyasam.com.tr\/wp\/2014\/08\/17\/depremle-yasamayi-ogrenmeli-kisisel-eylem-plani-yapmaliyiz\/","title":{"rendered":"Depremle ya\u015famay\u0131 \u00f6\u011frenmeli, ki\u015fisel eylem plan\u0131 yapmal\u0131y\u0131z"},"content":{"rendered":"\u0093Y\u00fczy\u0131l\u0131n felaketi\u0094 olarak tan\u0131mlanan Marmara depreminin \u00fczerinden 15 y\u0131l ge\u00e7ti. 17 A\u011fustos 1999 g\u00fcn\u00fc ya\u015fanan depremin 15. y\u0131l\u0131 nedeniyle kentte bir dizi etkinlik d\u00fczenlendi. Marmara depremini hat\u0131rlatmak, \u00fclkemizin depremsellik ger\u00e7e\u011fini unutturmamak i\u00e7in belediyeler ve sivil toplum kurulu\u015flar\u0131nca paneller d\u00fczenlendi, sergiler a\u00e7\u0131ld\u0131, bas\u0131n toplant\u0131lar\u0131 d\u00fczenlenip raporlar a\u00e7\u0131kland\u0131. \r<br>\r<br>\u00dclkemizin b\u00fcy\u00fck b\u00f6l\u00fcm\u00fc deprem ku\u015fa\u011f\u0131nda yer ald\u0131\u011f\u0131n\u0131, n\u00fcfusumuzun y\u00fczde 95\u0092inin de bu ku\u015fakta ya\u015fad\u0131\u011f\u0131n\u0131 belirten Herkes \u0130\u00e7in Acil Sa\u011fl\u0131k Derne\u011fi Ba\u015fkan\u0131 Dr. \u00dclk\u00fcmen Rodoplu, ya\u015fad\u0131\u011f\u0131m\u0131z topraklarda deprem ger\u00e7e\u011fiyle her an kar\u015f\u0131la\u015fabilece\u011fimizi dile getirdi. Halk\u0131n deprem s\u0131ras\u0131nda ve sonras\u0131nda ne yapaca\u011f\u0131n\u0131 bilemedi\u011fini, panik ve belirsizlik hali ya\u015fad\u0131\u011f\u0131n\u0131 anlatan Dr. Rodoplu, depremlerden \u00e7\u0131kar\u0131lacak dersler \u0131\u015f\u0131\u011f\u0131nda \u00f6nlemler al\u0131nmas\u0131, \u00f6ncelikle herkesin \u0093ki\u015fisel eylem plan\u0131\u0094 olmas\u0131 gerekti\u011fini s\u00f6yledi.\r<br>\r<br>Hafif \u015fiddette yer sars\u0131nt\u0131lar\u0131n\u0131n b\u00fcy\u00fck depremleri \u00e7a\u011fr\u0131\u015ft\u0131rd\u0131\u011f\u0131n\u0131, korku ve heyecan yaratt\u0131\u011f\u0131n\u0131 belirten Dr. Rodoplu, depremle ya\u015famay\u0131 \u00f6\u011frenmek gerekti\u011fini s\u00f6zlerine ekledi. \r<br>\r<br>Deprem sonras\u0131 profesyonel yard\u0131m gelene kadar ge\u00e7en zaman\u0131n insan ya\u015fam\u0131 i\u00e7in \u00e7ok \u00f6nemli ve de\u011ferli oldu\u011funu belirten Herkes \u0130\u00e7in Acil Sa\u011fl\u0131k Derne\u011fi Genel Sekreteri Do\u00e7. Dr. G\u00fcrkan Ersoy, \u0093Alt\u0131n saatler\u0094 denilen bu zaman diliminde temel ilkyard\u0131m uygulamalar\u0131n\u0131n \u00e7ok \u00f6nemli oldu\u011funu s\u00f6yledi. Do\u00e7. Dr. Ersoy, ilkyard\u0131m bilgisinin \u00f6nemine dikkat \u00e7ekerken \u0093\u0130lkyard\u0131m bilenlerin \u00f6ncelikle kendi yak\u0131nlar\u0131na yard\u0131mc\u0131 olabilece\u011fi, hayatlar\u0131n\u0131 kurtarabilece\u011fi unutulmamal\u0131d\u0131r\u0094 dedi.\r<br>\r<br><b>Deprem \u00e7antan\u0131z\u0131 haz\u0131rlay\u0131n<\/b>\r<br>\r<br>Deprem an\u0131nda ihtiya\u00e7 duyulabilecek en temel gere\u00e7lerin bulundu\u011fu bir \u0093deprem \u00e7antas\u0131\u0094 haz\u0131rlanmas\u0131n\u0131 \u00f6neren Do\u00e7. Dr. G\u00fcrkan Ersoy, bu \u00e7antan\u0131n ki\u015finin kolay ula\u015fabilece\u011fi ve hemen her g\u00fcn g\u00f6rebilece\u011fi bir yerde tutulmas\u0131 gerekti\u011fini belirtti. Do\u00e7. Dr. Ersoy, birka\u00e7 g\u00fcnl\u00fck seyahate \u00e7\u0131karken yan\u0131m\u0131za alaca\u011f\u0131m\u0131z e\u015fyalar nelerse deprem \u00e7antas\u0131nda bulunmas\u0131 gereken malzemelerin de onlar oldu\u011funu s\u00f6yledi.\r<br>\r<br>H\u0130ASD Genel Sekreteri Do\u00e7. Dr. G\u00fcrkan Ersoy, herkesin ki\u015fisel ihtiya\u00e7lar\u0131na g\u00f6re farkl\u0131l\u0131k g\u00f6stermekle birlikte, deprem \u00e7antas\u0131nda bulunmas\u0131 gerekenleri \u015f\u00f6yle s\u0131ralad\u0131:\r<br>\r<br>\u0093Kulland\u0131\u011f\u0131n\u0131z ila\u00e7lar\u0131n birka\u00e7 g\u00fcnl\u00fck yede\u011fi, g\u00f6zl\u00fc\u011f\u00fcn\u00fcz, kredi kart\u0131, ki\u015fisel temizlik malzemeleri, yedek pilleriyle transist\u00f6rl\u00fc radyo, d\u00fcd\u00fck, yedek pilleriyle \u0131\u015f\u0131k kayna\u011f\u0131, yedek ayakkab\u0131, bir miktar para, \u00e7ok ama\u00e7l\u0131 \u00e7ak\u0131, kalem &#8211; ka\u011f\u0131t, \u00f6nemli telefon numaralar\u0131n\u0131n bulundu\u011fu, ileti\u015fime ge\u00e7ilecek yak\u0131nlar\u0131n bilgilerini i\u00e7eren, \u00f6nemli evraklar\u0131n fotokopilerini (ruhsat, ehliyet, n\u00fcfus c\u00fczdan\u0131, tapu) i\u00e7eren bir su ge\u00e7irmez dosya. Hava ko\u015fullar\u0131na g\u00f6re yan\u0131n\u0131za alaca\u011f\u0131n\u0131z yedek giysiler. Haz\u0131rl\u0131k \u00e7antas\u0131ndaki piller, re\u00e7eteli ila\u00e7lar, su ve yiyecek, her alt\u0131 ayda bir tazeleriyle de\u011fi\u015ftirilmeli.\u0094<h3>Related Images:<\/h3>","protected":false},"excerpt":{"rendered":"<div class=\"mh-excerpt\"><p>\u0093Y\u00fczy\u0131l\u0131n felaketi\u0094 olarak tan\u0131mlanan Marmara depreminin \u00fczerinden 15 y\u0131l ge\u00e7ti. 17 A\u011fustos 1999 g\u00fcn\u00fc ya\u015fanan depremin 15. y\u0131l\u0131 nedeniyle kentte bir dizi etkinlik d\u00fczenlendi. Marmara <a class=\"mh-excerpt-more\" href=\"https:\/\/kentyasam.com.tr\/wp\/2014\/08\/17\/depremle-yasamayi-ogrenmeli-kisisel-eylem-plani-yapmaliyiz\/\" title=\"Depremle ya\u015famay\u0131 \u00f6\u011frenmeli, ki\u015fisel eylem plan\u0131 yapmal\u0131y\u0131z\">[&#8230;]<\/a><\/p>\n<\/div>","protected":false},"author":1,"featured_media":0,"comment_status":"open","ping_status":"open","sticky":false,"template":"","format":"standard","meta":{"ngg_post_thumbnail":0,"footnotes":""},"categories":[1],"tags":[],"_links":{"self":[{"href":"https:\/\/kentyasam.com.tr\/wp\/wp-json\/wp\/v2\/posts\/23958"}],"collection":[{"href":"https:\/\/kentyasam.com.tr\/wp\/wp-json\/wp\/v2\/posts"}],"about":[{"href":"https:\/\/kentyasam.com.tr\/wp\/wp-json\/wp\/v2\/types\/post"}],"author":[{"embeddable":true,"href":"https:\/\/kentyasam.com.tr\/wp\/wp-json\/wp\/v2\/users\/1"}],"replies":[{"embeddable":true,"href":"https:\/\/kentyasam.com.tr\/wp\/wp-json\/wp\/v2\/comments?post=23958"}],"version-history":[{"count":0,"href":"https:\/\/kentyasam.com.tr\/wp\/wp-json\/wp\/v2\/posts\/23958\/revisions"}],"wp:attachment":[{"href":"https:\/\/kentyasam.com.tr\/wp\/wp-json\/wp\/v2\/media?parent=23958"}],"wp:term":[{"taxonomy":"category","embeddable":true,"href":"https:\/\/kentyasam.com.tr\/wp\/wp-json\/wp\/v2\/categories?post=23958"},{"taxonomy":"post_tag","embeddable":true,"href":"https:\/\/kentyasam.com.tr\/wp\/wp-json\/wp\/v2\/tags?post=23958"}],"curies":[{"name":"wp","href":"https:\/\/api.w.org\/{rel}","templated":true}]}}