{"id":23873,"date":"2014-07-15T00:00:00","date_gmt":"2014-07-15T00:00:00","guid":{"rendered":"http:\/\/kentyasam.com.tr\/wp\/?p=23873"},"modified":"2014-07-15T00:00:00","modified_gmt":"2014-07-15T00:00:00","slug":"dogal-yasam-parki-tedavi-merkezi-gibi","status":"publish","type":"post","link":"https:\/\/kentyasam.com.tr\/wp\/2014\/07\/15\/dogal-yasam-parki-tedavi-merkezi-gibi\/","title":{"rendered":"Do\u011fal Ya\u015fam Park\u0131 tedavi merkezi gibi"},"content":{"rendered":"\u0130zmir B\u00fcy\u00fck\u015fehir Belediyesi Do\u011fal Ya\u015fam Park\u0131\u0092n\u0131n yaban hayat\u0131nda yaralanan hayvanlar i\u00e7in de tedavi merkezi g\u00f6revi g\u00f6rd\u00fc\u011f\u00fc belirtildi. 2013 y\u0131l\u0131ndan ba\u015flayarak yaral\u0131 getirilen 350\u0092nin \u00fczerinde yaban hayvan\u0131n\u0131n parkta sa\u011fl\u0131\u011f\u0131na kavu\u015fturuldu\u011fu dile getirildi.\r<br>\r<br>Do\u011fal Ya\u015fam Park\u0131\u0092n\u0131n son misafirleri \u00fc\u00e7 tilki ile \u00fc\u00e7 kerkenez, \u00fc\u00e7 kukumav ve bir ishak ku\u015fu oldu. \u0130nternet \u00fczerinden \u0093kurt k\u00f6pe\u011fi\u0094 olarak sat\u0131lmak istenen yaral\u0131 \u00fc\u00e7 yavru tilki, al\u0131c\u0131 gibi davranan Orman ve Su \u0130\u015fleri B\u00f6lge M\u00fcd\u00fcrl\u00fc\u011f\u00fc \u0130zmir \u015eubesi ekipleri taraf\u0131ndan hayvan tacirlerinin elinden kurtar\u0131ld\u0131 ve Do\u011fal Ya\u015fam Park\u0131\u0092na getirildi. \r<br>\r<br>Uzman personel taraf\u0131ndan tedavi edilen yavru tilkiler sa\u011fl\u0131\u011f\u0131na kavu\u015ftuktan sonra yaban hayat\u0131na b\u0131rak\u0131ld\u0131. Yaral\u0131 ve yavru halde Do\u011fal Ya\u015fam Park\u0131\u0092na getirilen \u00fc\u00e7 kerkenez, \u00fc\u00e7 kukumav ve bir ishak ku\u015fu da tedavilerinin ard\u0131ndan b\u0131rak\u0131ld\u0131klar\u0131 Yamanlar Da\u011f\u0131\u0092ndan do\u011faya kanat \u00e7\u0131rpt\u0131. <h3>Related Images:<\/h3>","protected":false},"excerpt":{"rendered":"<div class=\"mh-excerpt\"><p>\u0130zmir B\u00fcy\u00fck\u015fehir Belediyesi Do\u011fal Ya\u015fam Park\u0131\u0092n\u0131n yaban hayat\u0131nda yaralanan hayvanlar i\u00e7in de tedavi merkezi g\u00f6revi g\u00f6rd\u00fc\u011f\u00fc belirtildi. 2013 y\u0131l\u0131ndan ba\u015flayarak yaral\u0131 getirilen 350\u0092nin \u00fczerinde yaban <a class=\"mh-excerpt-more\" href=\"https:\/\/kentyasam.com.tr\/wp\/2014\/07\/15\/dogal-yasam-parki-tedavi-merkezi-gibi\/\" title=\"Do\u011fal Ya\u015fam Park\u0131 tedavi merkezi gibi\">[&#8230;]<\/a><\/p>\n<\/div>","protected":false},"author":1,"featured_media":46652,"comment_status":"open","ping_status":"open","sticky":false,"template":"","format":"standard","meta":{"ngg_post_thumbnail":0,"footnotes":""},"categories":[1],"tags":[],"_links":{"self":[{"href":"https:\/\/kentyasam.com.tr\/wp\/wp-json\/wp\/v2\/posts\/23873"}],"collection":[{"href":"https:\/\/kentyasam.com.tr\/wp\/wp-json\/wp\/v2\/posts"}],"about":[{"href":"https:\/\/kentyasam.com.tr\/wp\/wp-json\/wp\/v2\/types\/post"}],"author":[{"embeddable":true,"href":"https:\/\/kentyasam.com.tr\/wp\/wp-json\/wp\/v2\/users\/1"}],"replies":[{"embeddable":true,"href":"https:\/\/kentyasam.com.tr\/wp\/wp-json\/wp\/v2\/comments?post=23873"}],"version-history":[{"count":0,"href":"https:\/\/kentyasam.com.tr\/wp\/wp-json\/wp\/v2\/posts\/23873\/revisions"}],"wp:featuredmedia":[{"embeddable":true,"href":"https:\/\/kentyasam.com.tr\/wp\/wp-json\/wp\/v2\/media\/46652"}],"wp:attachment":[{"href":"https:\/\/kentyasam.com.tr\/wp\/wp-json\/wp\/v2\/media?parent=23873"}],"wp:term":[{"taxonomy":"category","embeddable":true,"href":"https:\/\/kentyasam.com.tr\/wp\/wp-json\/wp\/v2\/categories?post=23873"},{"taxonomy":"post_tag","embeddable":true,"href":"https:\/\/kentyasam.com.tr\/wp\/wp-json\/wp\/v2\/tags?post=23873"}],"curies":[{"name":"wp","href":"https:\/\/api.w.org\/{rel}","templated":true}]}}