{"id":23786,"date":"2014-06-12T00:00:00","date_gmt":"2014-06-12T00:00:00","guid":{"rendered":"http:\/\/kentyasam.com.tr\/wp\/?p=23786"},"modified":"2014-06-12T00:00:00","modified_gmt":"2014-06-12T00:00:00","slug":"ismail-sivri-cocuk-oykuleri-yarismasi-sonuclandi","status":"publish","type":"post","link":"https:\/\/kentyasam.com.tr\/wp\/2014\/06\/12\/ismail-sivri-cocuk-oykuleri-yarismasi-sonuclandi\/","title":{"rendered":"\u0130smail Sivri \u00c7ocuk \u00d6yk\u00fcleri Yar\u0131\u015fmas\u0131 sonu\u00e7land\u0131"},"content":{"rendered":"\u0130zmir Gazeteciler Cemiyeti (\u0130GC) taraf\u0131ndan d\u00fczenlenen \u0093\u0130smail Sivri 5. \u00c7ocuk \u00d6yk\u00fcleri Yar\u0131\u015fmas\u0131\u0094 sonu\u00e7land\u0131. \u0130zmir Gazeteciler Cemiyeti\u0092ne 14 y\u0131l ba\u015fkan olarak hizmet veren, T\u00fcrkiye Gazeteciler Federasyonu Kurucu Genel Ba\u015fkan\u0131 \u0130smail Sivri\u0092nin ad\u0131n\u0131 ya\u015fatmak ve gelecek nesillere ta\u015f\u0131mak amac\u0131yla d\u00fczenlenen, ilk, orta ve lise olmak \u00fczere \u00fc\u00e7 kategoride d\u00fczenlenen yar\u0131\u015fmada, on bir \u00f6\u011frenci derece ald\u0131. \r<br>\r<br>Yazarlar\u0131m\u0131z Muzaffer \u0130zg\u00fc, Hidayet Karaku\u015f, H\u00fcseyin Yurtta\u015f, Mavisel Yener, Yunus Bekir Yurdakul, E\u015fref Karada\u011f ve \u0130GC Ba\u015fkan Yard\u0131mc\u0131s\u0131 Misket Dikmen\u0092den olu\u015fan \u0130smail Sivri 5. \u00c7ocuk \u00d6yk\u00fcleri Yar\u0131\u015fmas\u0131 Se\u00e7ici Kurulu, \u0130GC merkezinde son de\u011ferlendirmeyi yaparak dereceye girenleri a\u00e7\u0131klad\u0131. \r<br>\r<br>9-10 ya\u015f \u0130lk\u00f6\u011fretim \u00f6\u011frencilerinin kat\u0131ld\u0131\u011f\u0131 birinci kategoride \u00d6zel Ekin \u0130lkokulu \u00f6\u011frencisi Beste Ayan (Eyvah Anne Oldum) birinci, Beyda\u011f Ye\u015filtepe \u0130lkokulu \u00f6\u011frencisi \u0130pek Sert (G\u00fczel Bir D\u00fcnya \u0130\u00e7in) ikinci, \u00d6zel Merter Koleji \u00f6\u011frencisi Adasu Akp\u0131nar (K\u00f6m\u00fcrc\u00fc R\u00fcyas\u0131) \u00fc\u00e7\u00fcnc\u00fc oldu. \r<br>\r<br>11-13 ya\u015f ortaokul \u00f6\u011frencilerinin kat\u0131ld\u0131\u011f\u0131 ikinci kategoride Rota Koleji \u00f6\u011frencisi Berfin Bozkurt (Melodinin Ritmiyle Olu\u015fan Kanatlar) birinci, Rota Koleji \u00f6\u011frencisi Can Turbay (Kaplumba\u011fa \u015eans\u0131) ikinci olurken, \u00d6zel Ekin Koleji \u00f6\u011frencisi Elif Ceren \u00d6zer (Umut Ye\u015fildir) ve Rota Koleji \u00f6\u011frencisi Yaren \u0130nce (O An) \u00fc\u00e7\u00fcnc\u00fcl\u00fc\u011f\u00fc payla\u015ft\u0131. \u0130kinci kategoride \u015eerif Remzi Ortaokulu \u00f6\u011frencisi Furkan Y\u0131lmaz da (Yaramaz Bulut) J\u00fcri \u00d6zel \u00d6d\u00fcl\u00fc\u0092ne lay\u0131k g\u00f6r\u00fcld\u00fc. \r<br>\r<br>14-17 ya\u015f lise \u00f6\u011frencilerinin kat\u0131ld\u0131\u011f\u0131 \u00fc\u00e7\u00fcnc\u00fc kategoride de \u0130zmir Atat\u00fcrk Lisesi \u00f6\u011frencisi Seda Sant\u0131rc\u0131 (Akordeon) birinci, Rota Koleji \u00f6\u011frencisi Pelinsu Arslan (Tuvalimdeki Son Hayat) ikinci, Tire Kutsan Anadolu Lisesi \u00f6\u011frencisi Fatma \u00dcnl\u00fc (S\u0131rlar K\u00fct\u00fcphanesi) \u00fc\u00e7\u00fcnc\u00fc oldu.\r<br>\r<br>\u0130zmir Gazeteciler Cemiyeti ve \u0130zmir \u0130l Milli E\u011fitim M\u00fcd\u00fcrl\u00fc\u011f\u00fc i\u015fbirli\u011fiyle ger\u00e7ekle\u015ftirilen \u0130smail Sivri 5. \u00c7ocuk \u00d6yk\u00fcleri Yar\u0131\u015fmas\u0131\u0092nda birinciler diz \u00fcst\u00fc bilgisayar, ikinci ve \u00fc\u00e7\u00fcnc\u00fcler tablet bilgisayar, \u00f6zendirme ve J\u00fcri \u00d6zel \u00d6d\u00fcl\u00fc de dijital foto\u011fraf makinesiyle \u00f6d\u00fcllendirilecek. Yar\u0131\u015fman\u0131n \u00f6d\u00fcl t\u00f6reni 14 Haziran 2014 Cumartesi g\u00fcn\u00fc saat 10.00\u0092da, \u0130zmir Gazeteciler Cemiyeti Karata\u015f Bas\u0131n Lokali\u0092nde ger\u00e7ekle\u015ftirilecek.<h3>Related Images:<\/h3>","protected":false},"excerpt":{"rendered":"<div class=\"mh-excerpt\"><p>\u0130zmir Gazeteciler Cemiyeti (\u0130GC) taraf\u0131ndan d\u00fczenlenen \u0093\u0130smail Sivri 5. \u00c7ocuk \u00d6yk\u00fcleri Yar\u0131\u015fmas\u0131\u0094 sonu\u00e7land\u0131. \u0130zmir Gazeteciler Cemiyeti\u0092ne 14 y\u0131l ba\u015fkan olarak hizmet veren, T\u00fcrkiye Gazeteciler Federasyonu <a class=\"mh-excerpt-more\" href=\"https:\/\/kentyasam.com.tr\/wp\/2014\/06\/12\/ismail-sivri-cocuk-oykuleri-yarismasi-sonuclandi\/\" title=\"\u0130smail Sivri \u00c7ocuk \u00d6yk\u00fcleri Yar\u0131\u015fmas\u0131 sonu\u00e7land\u0131\">[&#8230;]<\/a><\/p>\n<\/div>","protected":false},"author":1,"featured_media":46569,"comment_status":"open","ping_status":"open","sticky":false,"template":"","format":"standard","meta":{"ngg_post_thumbnail":0,"footnotes":""},"categories":[1],"tags":[],"_links":{"self":[{"href":"https:\/\/kentyasam.com.tr\/wp\/wp-json\/wp\/v2\/posts\/23786"}],"collection":[{"href":"https:\/\/kentyasam.com.tr\/wp\/wp-json\/wp\/v2\/posts"}],"about":[{"href":"https:\/\/kentyasam.com.tr\/wp\/wp-json\/wp\/v2\/types\/post"}],"author":[{"embeddable":true,"href":"https:\/\/kentyasam.com.tr\/wp\/wp-json\/wp\/v2\/users\/1"}],"replies":[{"embeddable":true,"href":"https:\/\/kentyasam.com.tr\/wp\/wp-json\/wp\/v2\/comments?post=23786"}],"version-history":[{"count":0,"href":"https:\/\/kentyasam.com.tr\/wp\/wp-json\/wp\/v2\/posts\/23786\/revisions"}],"wp:featuredmedia":[{"embeddable":true,"href":"https:\/\/kentyasam.com.tr\/wp\/wp-json\/wp\/v2\/media\/46569"}],"wp:attachment":[{"href":"https:\/\/kentyasam.com.tr\/wp\/wp-json\/wp\/v2\/media?parent=23786"}],"wp:term":[{"taxonomy":"category","embeddable":true,"href":"https:\/\/kentyasam.com.tr\/wp\/wp-json\/wp\/v2\/categories?post=23786"},{"taxonomy":"post_tag","embeddable":true,"href":"https:\/\/kentyasam.com.tr\/wp\/wp-json\/wp\/v2\/tags?post=23786"}],"curies":[{"name":"wp","href":"https:\/\/api.w.org\/{rel}","templated":true}]}}