{"id":23754,"date":"2014-06-02T00:00:00","date_gmt":"2014-06-02T00:00:00","guid":{"rendered":"http:\/\/kentyasam.com.tr\/wp\/?p=23754"},"modified":"2014-06-02T00:00:00","modified_gmt":"2014-06-02T00:00:00","slug":"alman-yatirimcilari-izmir-e-bekliyoruz","status":"publish","type":"post","link":"https:\/\/kentyasam.com.tr\/wp\/2014\/06\/02\/alman-yatirimcilari-izmir-e-bekliyoruz\/","title":{"rendered":"Alman yat\u0131r\u0131mc\u0131lar\u0131 \u0130zmir&#8217;e bekliyoruz"},"content":{"rendered":"\u0130zmir\u0092in g\u00f6reve yeni ba\u015flayan Almanya \u0130zmir Ba\u015fkonsolosu Thomas Gerlach Ege B\u00f6lgesi Sanayi Odas\u0131 Y\u00f6netim Kurulu Ba\u015fkan\u0131 Ender Yorganc\u0131lar\u0092\u0131 ziyaret etti. Alman yat\u0131r\u0131mc\u0131lar\u0131 \u0130zmir\u0092e beklediklerini  belirten Yorganc\u0131lar, \u0093\u0130zmir ile Almanya aras\u0131nda ticaret hacmimiz 2 milyar dolar. Bu rakam\u0131 \u00e7ok daha yukar\u0131lara \u00e7\u0131karacak potansiyelimiz var. Hedefimiz kar\u015f\u0131l\u0131kl\u0131 i\u015fbirli\u011fi ile ticaret hacmini geli\u015ftirmek\u0094 dedi.\r<br>\r<br>Ege B\u00f6lgesi Sanayi Odas\u0131\u0092n\u0131n \u00fcniversite sanayi i\u015fbirli\u011fine verdi\u011fi \u00f6neme de\u011finen Yorganc\u0131lar, ge\u00e7ti\u011fimiz y\u0131llarda TOBB ET\u00dc ile \u0130zmir \u0130leri Teknoloji Enstit\u00fcs\u00fc Rekt\u00f6r ve akademisyenlerinin kat\u0131l\u0131m\u0131 ile Munih\u0092te meslek liseleri ve Ludwig Maximilian \u00dcniversitesi\u0092ni ziyaret ettiklerini an\u0131msatarak \u015funlar\u0131 s\u00f6yledi: \u0093Almanya\u0092n\u0131n ekonomik ba\u015far\u0131s\u0131nda mesleki e\u011fitimin pay\u0131 b\u00fcy\u00fck. Biz de bu \u00e7al\u0131\u015fmalar\u0131 yerinde g\u00f6rmek ve \u00fcniversite sanayi i\u015fbirli\u011fini geli\u015ftirmek i\u00e7in kar\u015f\u0131l\u0131kl\u0131 temaslarda bulunduk. Sizin g\u00f6reve ba\u015flaman\u0131z ile birlikte bu temaslar\u0131n artarak devam\u0131n\u0131 ve daha \u00fcst d\u00fczeylere ta\u015f\u0131yabilece\u011fimizi \u00fcmit ediyoruz.\u0094 \r<br>\r<br>\u0130zmir\u0092in sahip oldu\u011fu dokuz \u00fcniversiteyle yat\u0131r\u0131mc\u0131 Alman firmalar\u0131n\u0131n ihtiya\u00e7 duydu\u011fu yeti\u015fmi\u015f i\u015fg\u00fcc\u00fcne eri\u015fimi kolayla\u015ft\u0131rd\u0131\u011f\u0131na dikkat \u00e7eken Yorganc\u0131lar, \u0130zmir\u0092in stratejik konumu sayesinde \u00f6nemli pazarlara a\u00e7\u0131lma sa\u011flad\u0131\u011f\u0131n\u0131 ve \u00f6nemli say\u0131da Alman turisti a\u011f\u0131rlad\u0131\u011f\u0131n\u0131 da dile getirdi. \r<br>\r<br>Heyetleri \u0130zmir\u0092e \u00e7ekme s\u00f6z\u00fc \r<br>\r<br>Almanya \u0130zmir Ba\u015fkonsolosu Thomas Gerlach ise, turist olarak bir\u00e7ok kez T\u00fcrkiye ve \u0130zmir\u0092e geldi\u011fini belirterek \u00f6zellikle \u00c7e\u015fme\u0092yi \u00e7ok sevdi\u011fini dile getirdi. \r<br>\r<br>Yeni g\u00f6revinde kente daha fazla yat\u0131r\u0131m \u00e7ekmek i\u00e7in EBSO ile i\u015fbirli\u011fi i\u00e7inde olmaktan mutluluk duyaca\u011f\u0131n\u0131 belirten Gerlach, \u0093T\u00fcrkiye\u0092ye gelen yat\u0131r\u0131mc\u0131 Alman heyetleri Ankara ve \u0130stanbul\u0092u ziyaret ederken, \u0130zmir\u0092e daha az u\u011fruyor. EBSO ile ger\u00e7ekle\u015ftirece\u011fimiz i\u015fbirli\u011fi ile daha fazla heyeti \u0130zmir\u0092e \u00e7ekmek istiyoruz\u0094 dedi.<h3>Related Images:<\/h3>","protected":false},"excerpt":{"rendered":"<div class=\"mh-excerpt\"><p>\u0130zmir\u0092in g\u00f6reve yeni ba\u015flayan Almanya \u0130zmir Ba\u015fkonsolosu Thomas Gerlach Ege B\u00f6lgesi Sanayi Odas\u0131 Y\u00f6netim Kurulu Ba\u015fkan\u0131 Ender Yorganc\u0131lar\u0092\u0131 ziyaret etti. Alman yat\u0131r\u0131mc\u0131lar\u0131 \u0130zmir\u0092e beklediklerini belirten <a class=\"mh-excerpt-more\" href=\"https:\/\/kentyasam.com.tr\/wp\/2014\/06\/02\/alman-yatirimcilari-izmir-e-bekliyoruz\/\" title=\"Alman yat\u0131r\u0131mc\u0131lar\u0131 \u0130zmir&#8217;e bekliyoruz\">[&#8230;]<\/a><\/p>\n<\/div>","protected":false},"author":1,"featured_media":46539,"comment_status":"open","ping_status":"open","sticky":false,"template":"","format":"standard","meta":{"ngg_post_thumbnail":0,"footnotes":""},"categories":[1],"tags":[],"_links":{"self":[{"href":"https:\/\/kentyasam.com.tr\/wp\/wp-json\/wp\/v2\/posts\/23754"}],"collection":[{"href":"https:\/\/kentyasam.com.tr\/wp\/wp-json\/wp\/v2\/posts"}],"about":[{"href":"https:\/\/kentyasam.com.tr\/wp\/wp-json\/wp\/v2\/types\/post"}],"author":[{"embeddable":true,"href":"https:\/\/kentyasam.com.tr\/wp\/wp-json\/wp\/v2\/users\/1"}],"replies":[{"embeddable":true,"href":"https:\/\/kentyasam.com.tr\/wp\/wp-json\/wp\/v2\/comments?post=23754"}],"version-history":[{"count":0,"href":"https:\/\/kentyasam.com.tr\/wp\/wp-json\/wp\/v2\/posts\/23754\/revisions"}],"wp:featuredmedia":[{"embeddable":true,"href":"https:\/\/kentyasam.com.tr\/wp\/wp-json\/wp\/v2\/media\/46539"}],"wp:attachment":[{"href":"https:\/\/kentyasam.com.tr\/wp\/wp-json\/wp\/v2\/media?parent=23754"}],"wp:term":[{"taxonomy":"category","embeddable":true,"href":"https:\/\/kentyasam.com.tr\/wp\/wp-json\/wp\/v2\/categories?post=23754"},{"taxonomy":"post_tag","embeddable":true,"href":"https:\/\/kentyasam.com.tr\/wp\/wp-json\/wp\/v2\/tags?post=23754"}],"curies":[{"name":"wp","href":"https:\/\/api.w.org\/{rel}","templated":true}]}}