{"id":23487,"date":"2014-03-05T00:00:00","date_gmt":"2014-03-05T00:00:00","guid":{"rendered":"http:\/\/kentyasam.com.tr\/wp\/?p=23487"},"modified":"2014-03-05T00:00:00","modified_gmt":"2014-03-05T00:00:00","slug":"yildiz-turbinlerinin-kuslar-uzerinde-onemli-bir-etkisi-yok","status":"publish","type":"post","link":"https:\/\/kentyasam.com.tr\/wp\/2014\/03\/05\/yildiz-turbinlerinin-kuslar-uzerinde-onemli-bir-etkisi-yok\/","title":{"rendered":"Y\u0131ld\u0131z: T\u00fcrbinlerinin ku\u015flar \u00fczerinde \u00f6nemli bir etkisi yok"},"content":{"rendered":"T\u00fcrkiye R\u00fczgar Enerjisi Birli\u011fi\u0092nin (T\u00dcREB) Ankara\u0092da d\u00fczenledi\u011fi 2014 sekt\u00f6r toplant\u0131s\u0131nda, r\u00fczgar sekt\u00f6r\u00fcndeki sorunlar tart\u0131\u015f\u0131ld\u0131. Toplant\u0131da orman izinleriyle ilgili ya\u015fanan s\u0131k\u0131nt\u0131lar, lisans iptalleri ve son d\u00f6nemde \u00c7e\u015fme yar\u0131madas\u0131nda olu\u015fan halk tepkisi ele al\u0131nd\u0131.\r<br>\r<br>T\u00dcREB\u0092den yap\u0131lan a\u00e7\u0131klamaya g\u00f6re, toplant\u0131da konu\u015fan Enerji Bakan\u0131 Taner Y\u0131ld\u0131z, r\u00fczgar\u0131n \u00e7evreyle dost bir enerji kayna\u011f\u0131 oldu\u011funu s\u00f6yledi. R\u00fczgar enerjisinin \u00e7evresel etkilerine ili\u015fkin yurt d\u0131\u015f\u0131ndan bilgiler payla\u015fan Y\u0131ld\u0131z, \u0130ngiltere&#8217;de Kraliyet Ku\u015flar\u0131n\u0131 Koruma Derne\u011fi\u0092nin (Royal Society for the Protection of Birds \u0096 RSPB) yapt\u0131\u011f\u0131 \u00e7al\u0131\u015fmalara g\u00f6re, r\u00fczgar t\u00fcrbinlerinin ku\u015flar \u00fczerinde \u00f6nemli bir etkisinin olmad\u0131\u011f\u0131n\u0131 vurgulad\u0131.\r<br> \r<br>\u0130spanya&#8217;da 692 t\u00fcrbinin bulundu\u011fu b\u00f6lgede yap\u0131lan ara\u015ft\u0131rmada, ku\u015flar\u0131n y\u0131ll\u0131k \u00f6l\u00fcm oran\u0131n\u0131n t\u00fcrbin ba\u015f\u0131na 0,13&#8217;\u00fc ge\u00e7medi\u011fine de\u011finen Enerji Bakan\u0131 Taner Y\u0131ld\u0131z, ku\u015flar\u0131n birbirinden 700 metre uzakl\u0131kta iki t\u00fcrbin aras\u0131ndaki rahatl\u0131kla ge\u00e7ebilece\u011fini s\u00f6yledi. Y\u0131ld\u0131z, r\u00fczgar santrallerinin ku\u015flarla ilgili ciddi bir \u00f6l\u00fcme yol a\u00e7mad\u0131\u011f\u0131n\u0131n alt\u0131n\u0131 \u00e7izdi.\r<br> \r<br>T\u00fcrkiye R\u00fczgar Enerjisi Birli\u011fi (T\u00dcREB) Ba\u015fkan\u0131 Mustafa Serdar Ataseven, temiz enerji kayna\u011f\u0131 olan r\u00fczgar\u0131n \u00fclkemizde kar\u015f\u0131la\u015ft\u0131\u011f\u0131 sorunlara de\u011findi. Ataseven, \u00f6zellikle r\u00fczgara kar\u015f\u0131 olu\u015fan halk tepkisine anlam veremediklerini belirtti.\r<br>\r<br>Yenilenebilir Enerji Genel M\u00fcd\u00fcrl\u00fc\u011f\u00fcn\u00fcn t\u00fcrbin kurulacak yerle\u015fim yerlerindeki teknik standartlar\u0131 belirledi\u011fini ve her \u015feyin yasalara, mevzuatlara uygun yap\u0131ld\u0131\u011f\u0131n\u0131 anlatan Mustafa Serdar Ataseven, t\u00fcrbinlerin en yak\u0131n yerle\u015fim yerlerine 300 metre mesafede kurulabildi\u011fini s\u00f6yledi. Ataseven, \u00e7al\u0131\u015fmalar\u0131n \u00e7evreyi korumak ad\u0131na titizlikle y\u00fcr\u00fct\u00fclmeye \u00e7al\u0131\u015f\u0131ld\u0131\u011f\u0131n\u0131 belirten Ataseven,\u015fu g\u00f6r\u00fc\u015fleri dile getirdi:\r<br>\r<br>\u0093Avrupa\u0092daki uygulamalarda r\u00fczgar t\u00fcrbinleri evlerin arka bah\u00e7elerine kuruluyor. Herkes kendi evinin elektri\u011fini kendi \u00fcretiyor. Elektrik faturas\u0131 \u00f6demiyor. Senelerdir hastalanmadan, ar\u0131lar\u0131, ku\u015flar\u0131 \u00f6lmeden ya\u015f\u0131yorlar. Liverpool\u0092da, \u015fehrin merkezinde t\u00fcrbinleri g\u00f6rmek m\u00fcmk\u00fcn. Arazilerde kurulu t\u00fcrbinlerin yan\u0131nda tar\u0131m ve hayvanc\u0131l\u0131k yap\u0131l\u0131yor. Kimse g\u00fcr\u00fclt\u00fcden, kirlilikten \u015fikayet etmiyor \u00e7\u00fcnk\u00fc t\u00fcrbinlerin \u00e7\u0131kard\u0131\u011f\u0131 ses neredeyse evlerimizdeki 3-4 kliman\u0131n \u00e7\u0131kard\u0131\u011f\u0131 ses kadar.\u0094<h3>Related Images:<\/h3>","protected":false},"excerpt":{"rendered":"<div class=\"mh-excerpt\"><p>T\u00fcrkiye R\u00fczgar Enerjisi Birli\u011fi\u0092nin (T\u00dcREB) Ankara\u0092da d\u00fczenledi\u011fi 2014 sekt\u00f6r toplant\u0131s\u0131nda, r\u00fczgar sekt\u00f6r\u00fcndeki sorunlar tart\u0131\u015f\u0131ld\u0131. Toplant\u0131da orman izinleriyle ilgili ya\u015fanan s\u0131k\u0131nt\u0131lar, lisans iptalleri ve son d\u00f6nemde <a class=\"mh-excerpt-more\" href=\"https:\/\/kentyasam.com.tr\/wp\/2014\/03\/05\/yildiz-turbinlerinin-kuslar-uzerinde-onemli-bir-etkisi-yok\/\" title=\"Y\u0131ld\u0131z: T\u00fcrbinlerinin ku\u015flar \u00fczerinde \u00f6nemli bir etkisi yok\">[&#8230;]<\/a><\/p>\n<\/div>","protected":false},"author":1,"featured_media":46282,"comment_status":"open","ping_status":"open","sticky":false,"template":"","format":"standard","meta":{"ngg_post_thumbnail":0,"footnotes":""},"categories":[1],"tags":[],"_links":{"self":[{"href":"https:\/\/kentyasam.com.tr\/wp\/wp-json\/wp\/v2\/posts\/23487"}],"collection":[{"href":"https:\/\/kentyasam.com.tr\/wp\/wp-json\/wp\/v2\/posts"}],"about":[{"href":"https:\/\/kentyasam.com.tr\/wp\/wp-json\/wp\/v2\/types\/post"}],"author":[{"embeddable":true,"href":"https:\/\/kentyasam.com.tr\/wp\/wp-json\/wp\/v2\/users\/1"}],"replies":[{"embeddable":true,"href":"https:\/\/kentyasam.com.tr\/wp\/wp-json\/wp\/v2\/comments?post=23487"}],"version-history":[{"count":0,"href":"https:\/\/kentyasam.com.tr\/wp\/wp-json\/wp\/v2\/posts\/23487\/revisions"}],"wp:featuredmedia":[{"embeddable":true,"href":"https:\/\/kentyasam.com.tr\/wp\/wp-json\/wp\/v2\/media\/46282"}],"wp:attachment":[{"href":"https:\/\/kentyasam.com.tr\/wp\/wp-json\/wp\/v2\/media?parent=23487"}],"wp:term":[{"taxonomy":"category","embeddable":true,"href":"https:\/\/kentyasam.com.tr\/wp\/wp-json\/wp\/v2\/categories?post=23487"},{"taxonomy":"post_tag","embeddable":true,"href":"https:\/\/kentyasam.com.tr\/wp\/wp-json\/wp\/v2\/tags?post=23487"}],"curies":[{"name":"wp","href":"https:\/\/api.w.org\/{rel}","templated":true}]}}