{"id":23429,"date":"2014-02-12T00:00:00","date_gmt":"2014-02-12T00:00:00","guid":{"rendered":"http:\/\/kentyasam.com.tr\/wp\/?p=23429"},"modified":"2014-02-12T00:00:00","modified_gmt":"2014-02-12T00:00:00","slug":"tgc-basbakan-gazeteci-azarlama-aliskanligindan-vazgecmeli","status":"publish","type":"post","link":"https:\/\/kentyasam.com.tr\/wp\/2014\/02\/12\/tgc-basbakan-gazeteci-azarlama-aliskanligindan-vazgecmeli\/","title":{"rendered":"TGC: Ba\u015fbakan gazeteci azarlama al\u0131\u015fkanl\u0131\u011f\u0131ndan vazge\u00e7meli"},"content":{"rendered":"T\u00fcrkiye Gazeteciler Cemiyeti (TGC) Y\u00f6netim Kurulu, Ba\u015fbakan Recep Tayyip Erdo\u011fan\u0092\u0131n bas\u0131n toplant\u0131s\u0131nda soru sormaya \u00e7al\u0131\u015fan gazetecileri azarlamas\u0131n\u0131 yapt\u0131\u011f\u0131 a\u00e7\u0131lamayla ele\u015ftirdi. Son y\u0131llarda iktidar\u0131n gazetecileri \u0093soru soramaz\u0094 hale getirdi\u011fine dikkat \u00e7ekilen a\u00e7\u0131klamada, \u0093Halk\u0131n bilgi edinme ve ger\u00e7ekleri \u00f6\u011frenme hakk\u0131 i\u00e7in \u00e7al\u0131\u015fan gazetecilerin g\u00f6revlerini yapamaz hale getirilmesinin bedelini T\u00fcrkiye a\u011f\u0131r \u00f6demektedir. Ba\u015fbakan\u0131 gazetecileri azarlama al\u0131\u015fkanl\u0131\u011f\u0131ndan vazge\u00e7meye davet ediyoruz\u0094 denildi.\r<br>\r<br>TGC Y\u00f6netim Kurulu\u0092nun a\u00e7\u0131klamas\u0131nda \u015fu g\u00f6r\u00fc\u015fler yer ald\u0131:\r<br>\r<br>\u0093\u0130ktidar\u0131n gazetecilere y\u00f6nelik hedef g\u00f6sterme, itibars\u0131zla\u015ft\u0131rma, soru sordurmama al\u0131\u015fkanl\u0131\u011f\u0131n\u0131 endi\u015feyle izliyoruz. \u0130ktidar\u0131 ele\u015ftiren yay\u0131n organlar\u0131na akreditasyon uygulanmas\u0131n\u0131n, haber almalar\u0131n\u0131n engellenmesinin her g\u00fcn bir yeni \u00f6rne\u011fiyle kar\u015f\u0131la\u015f\u0131yoruz. Ba\u015fbakan\u0131n ho\u015flanmad\u0131\u011f\u0131 her haber i\u00e7in medya kurulu\u015flar\u0131n\u0131n aran\u0131p haberin yay\u0131ndan kald\u0131rt\u0131lmas\u0131, a\u00e7\u0131k\u00e7a \u0091Bu t\u00fcr \u015feyleri de \u00f6\u011fretmek zorunday\u0131z\u0092 denilmesi demokrasi ad\u0131na vahim bir durumdur.\r<br>\r<br>Medya y\u00f6neticilerinin de kamu yarar\u0131n\u0131 g\u00f6zeten haber yapan gazetecileri i\u015ften att\u0131klar\u0131n\u0131 rahatl\u0131kla ifade etmeleri bas\u0131n \u00f6zg\u00fcrl\u00fc\u011f\u00fc a\u00e7\u0131s\u0131ndan nas\u0131l bir karanl\u0131k tabloyla kar\u015f\u0131 kar\u015f\u0131ya oldu\u011fumuzu bir kez daha g\u00f6stermi\u015ftir. Bas\u0131n toplant\u0131lar\u0131nda soru sorabilen gazetecilerin azarlanmas\u0131, hedef g\u00f6sterilmesi, nas\u0131l soru sormas\u0131 gerekti\u011finin anlat\u0131lmas\u0131 \u00e7a\u011fda\u015f demokrasi ile ba\u011fda\u015f\u0131r bir tutum de\u011fildir. Bir kez daha Ba\u015fbakan\u0131 i\u015fsizlik, dava a\u00e7\u0131lma ve tutuklanma tehdidi alt\u0131nda halk\u0131n bilgi edinme ve ger\u00e7ekleri \u00f6\u011frenme hakk\u0131 i\u00e7in \u00e7al\u0131\u015fan gazetecileri azarlamaktan vazge\u00e7meye, bas\u0131n \u00f6zg\u00fcrl\u00fc\u011f\u00fcne sayg\u0131 g\u00f6stermeye davet ediyoruz.\u0094<h3>Related Images:<\/h3>","protected":false},"excerpt":{"rendered":"<div class=\"mh-excerpt\"><p>T\u00fcrkiye Gazeteciler Cemiyeti (TGC) Y\u00f6netim Kurulu, Ba\u015fbakan Recep Tayyip Erdo\u011fan\u0092\u0131n bas\u0131n toplant\u0131s\u0131nda soru sormaya \u00e7al\u0131\u015fan gazetecileri azarlamas\u0131n\u0131 yapt\u0131\u011f\u0131 a\u00e7\u0131lamayla ele\u015ftirdi. Son y\u0131llarda iktidar\u0131n gazetecileri \u0093soru <a class=\"mh-excerpt-more\" href=\"https:\/\/kentyasam.com.tr\/wp\/2014\/02\/12\/tgc-basbakan-gazeteci-azarlama-aliskanligindan-vazgecmeli\/\" title=\"TGC: Ba\u015fbakan gazeteci azarlama al\u0131\u015fkanl\u0131\u011f\u0131ndan vazge\u00e7meli\">[&#8230;]<\/a><\/p>\n<\/div>","protected":false},"author":1,"featured_media":46224,"comment_status":"open","ping_status":"open","sticky":false,"template":"","format":"standard","meta":{"ngg_post_thumbnail":0,"footnotes":""},"categories":[1],"tags":[],"_links":{"self":[{"href":"https:\/\/kentyasam.com.tr\/wp\/wp-json\/wp\/v2\/posts\/23429"}],"collection":[{"href":"https:\/\/kentyasam.com.tr\/wp\/wp-json\/wp\/v2\/posts"}],"about":[{"href":"https:\/\/kentyasam.com.tr\/wp\/wp-json\/wp\/v2\/types\/post"}],"author":[{"embeddable":true,"href":"https:\/\/kentyasam.com.tr\/wp\/wp-json\/wp\/v2\/users\/1"}],"replies":[{"embeddable":true,"href":"https:\/\/kentyasam.com.tr\/wp\/wp-json\/wp\/v2\/comments?post=23429"}],"version-history":[{"count":0,"href":"https:\/\/kentyasam.com.tr\/wp\/wp-json\/wp\/v2\/posts\/23429\/revisions"}],"wp:featuredmedia":[{"embeddable":true,"href":"https:\/\/kentyasam.com.tr\/wp\/wp-json\/wp\/v2\/media\/46224"}],"wp:attachment":[{"href":"https:\/\/kentyasam.com.tr\/wp\/wp-json\/wp\/v2\/media?parent=23429"}],"wp:term":[{"taxonomy":"category","embeddable":true,"href":"https:\/\/kentyasam.com.tr\/wp\/wp-json\/wp\/v2\/categories?post=23429"},{"taxonomy":"post_tag","embeddable":true,"href":"https:\/\/kentyasam.com.tr\/wp\/wp-json\/wp\/v2\/tags?post=23429"}],"curies":[{"name":"wp","href":"https:\/\/api.w.org\/{rel}","templated":true}]}}