{"id":21147,"date":"2011-11-05T00:00:00","date_gmt":"2011-11-05T00:00:00","guid":{"rendered":"http:\/\/kentyasam.com.tr\/wp\/?p=21147"},"modified":"2011-11-05T00:00:00","modified_gmt":"2011-11-05T00:00:00","slug":"konak-belediyesi-web-tv-ile-yayinda","status":"publish","type":"post","link":"https:\/\/kentyasam.com.tr\/wp\/2011\/11\/05\/konak-belediyesi-web-tv-ile-yayinda\/","title":{"rendered":"Konak Belediyesi Web TV ile yay\u0131nda"},"content":{"rendered":"Konak Belediyesi&#8217;nin kurdu\u011fu ve alt\u0131 ayd\u0131r deneme yay\u0131n\u0131 yapan Konak Web TV yay\u0131n hayat\u0131na ba\u015flad\u0131. Konak Belediye Ba\u015fkan\u0131 Hakan Tartan, internet \u00fczerinden yay\u0131nlar\u0131n yaln\u0131zca Konak il\u00e7esinde ya\u015fayanlar\u0131 de\u011fil t\u00fcm \u0130zmirliler&#8217;i yak\u0131ndan ilgilendirdi\u011fini s\u00f6yledi. \r<br>\r<br>Konak Web TV&#8217;nin internet \u00fczerinden de t\u00fcm d\u00fcnyaya yay\u0131n yapt\u0131\u011f\u0131n\u0131 anlatan Hakan Tartan, \u0093G\u00fcnd\u00fcz n\u00fcfusunun bir milyonu a\u015fan, gece ise e\u011flence ya\u015fam\u0131yla renklenen Konak il\u00e7esindeki her t\u00fcrl\u00fc etkinlik bundan b\u00f6yle Web TV&#8217;den izenebilecek&#8221; dedi. Tartan, \u0093\u0130zmirliler kent ya\u015fam\u0131n\u0131n ko\u015fu\u015fturmas\u0131 i\u00e7inde birka\u00e7 dakika zaman ay\u0131r\u0131p ilgilendikleri alanlarda \u00e7ok kolay bir \u015fekilde, do\u011fru bilgilere sahip olabilecekler&#8221; diye konu\u015ftu.\r<br> \r<br>Konak Belediye Ba\u015fkan\u0131 Hakan Tartan, Konak Web TV&#8217;nin \u00f6zellikle hareket halindeki ve internet ba\u015f\u0131ndaki \u0130zmirliler i\u00e7in vazge\u00e7ilmez bir ekran olaca\u011f\u0131n\u0131 dile getirdi. Tartan, \u0093Vatanda\u015flar bu sayede g\u00fcn i\u00e7inde k\u00fclt\u00fcr, sanat, spor, kurslar, etkinlikler, dilek ve \u015fikayetleri, g\u00fcn i\u00e7inde ya\u015fanan geli\u015fmeleri izleyebilecek&#8221; dedi. \r<br>\r<br>Konak Web TV yay\u0131nlar\u0131na Konak Belediyesi&#8217;nin<a href=\"http:\/\/www.konak.bel.tr\" target=\"_blank\"> www.konakbelediyesi.com<\/a> alan adl\u0131 web sitesinden eri\u015fip adresinden ula\u015facak.<h3>Related Images:<\/h3>","protected":false},"excerpt":{"rendered":"<div class=\"mh-excerpt\"><p>Konak Belediyesi&#8217;nin kurdu\u011fu ve alt\u0131 ayd\u0131r deneme yay\u0131n\u0131 yapan Konak Web TV yay\u0131n hayat\u0131na ba\u015flad\u0131. Konak Belediye Ba\u015fkan\u0131 Hakan Tartan, internet \u00fczerinden yay\u0131nlar\u0131n yaln\u0131zca Konak <a class=\"mh-excerpt-more\" href=\"https:\/\/kentyasam.com.tr\/wp\/2011\/11\/05\/konak-belediyesi-web-tv-ile-yayinda\/\" title=\"Konak Belediyesi Web TV ile yay\u0131nda\">[&#8230;]<\/a><\/p>\n<\/div>","protected":false},"author":1,"featured_media":44090,"comment_status":"open","ping_status":"open","sticky":false,"template":"","format":"standard","meta":{"ngg_post_thumbnail":0,"footnotes":""},"categories":[1],"tags":[],"_links":{"self":[{"href":"https:\/\/kentyasam.com.tr\/wp\/wp-json\/wp\/v2\/posts\/21147"}],"collection":[{"href":"https:\/\/kentyasam.com.tr\/wp\/wp-json\/wp\/v2\/posts"}],"about":[{"href":"https:\/\/kentyasam.com.tr\/wp\/wp-json\/wp\/v2\/types\/post"}],"author":[{"embeddable":true,"href":"https:\/\/kentyasam.com.tr\/wp\/wp-json\/wp\/v2\/users\/1"}],"replies":[{"embeddable":true,"href":"https:\/\/kentyasam.com.tr\/wp\/wp-json\/wp\/v2\/comments?post=21147"}],"version-history":[{"count":0,"href":"https:\/\/kentyasam.com.tr\/wp\/wp-json\/wp\/v2\/posts\/21147\/revisions"}],"wp:featuredmedia":[{"embeddable":true,"href":"https:\/\/kentyasam.com.tr\/wp\/wp-json\/wp\/v2\/media\/44090"}],"wp:attachment":[{"href":"https:\/\/kentyasam.com.tr\/wp\/wp-json\/wp\/v2\/media?parent=21147"}],"wp:term":[{"taxonomy":"category","embeddable":true,"href":"https:\/\/kentyasam.com.tr\/wp\/wp-json\/wp\/v2\/categories?post=21147"},{"taxonomy":"post_tag","embeddable":true,"href":"https:\/\/kentyasam.com.tr\/wp\/wp-json\/wp\/v2\/tags?post=21147"}],"curies":[{"name":"wp","href":"https:\/\/api.w.org\/{rel}","templated":true}]}}