{"id":19098,"date":"2010-09-17T00:00:00","date_gmt":"2010-09-17T00:00:00","guid":{"rendered":"http:\/\/kentyasam.com.tr\/wp\/?p=19098"},"modified":"2010-09-17T00:00:00","modified_gmt":"2010-09-17T00:00:00","slug":"baris-selcuk-gazetecilik-yarismasi-sonuclandi","status":"publish","type":"post","link":"https:\/\/kentyasam.com.tr\/wp\/2010\/09\/17\/baris-selcuk-gazetecilik-yarismasi-sonuclandi\/","title":{"rendered":"Bar\u0131\u015f Sel\u00e7uk Gazetecilik Yar\u0131\u015fmas\u0131 sonu\u00e7land\u0131"},"content":{"rendered":" \u0130zmir B\u00fcy\u00fck\u015fehir Belediyesi\u0092nin gazeteci Bar\u0131\u015f Sel\u00e7uk\u0092un an\u0131s\u0131n\u0131 ya\u015fatmak ve gen\u00e7 gazetecileri \u00f6zendirmek amac\u0131yla bu y\u0131l 11. kez d\u00fczenledi\u011fi gazetecilik yar\u0131\u015fmas\u0131 sonu\u00e7land\u0131. \u0093\u0130zmir Kent Haberi\u0094 dal\u0131nda Yeni As\u0131r Gazetesi Muhabiri Erdal \u00c7arbo\u011fa\u0092n\u0131n \u0093 Katliama Su\u00e7\u00fcst\u00fc\u0094 haberi birincili\u011fe lay\u0131k g\u00f6r\u00fcld\u00fc. Bu dalda Hande Mumcu \u00d6zendirme \u00d6d\u00fcl\u00fc\u0092n\u00fc Haber T\u00fcrk\u0092teki \u0093Baraj\u0131m\u0131z delindi, suyumuz bo\u015fa ak\u0131yor\u0094 ba\u015fl\u0131kl\u0131 haberiyle Sezen \u00d6zsavrangil kazand\u0131. \u0093Ulusal Gazete Haberi\u0094 dal\u0131nda Yeni As\u0131r-Sabah Gazetesi muhabiri Emre Sa\u00e7l\u0131\u0092n\u0131n \u0093Bu Kredinin Faizi Sevgi\u0094 ba\u015fl\u0131kl\u0131 haberi birincilik kazand\u0131. Bu dalda Hande Mumcu \u00d6zendirme \u00d6d\u00fcl\u00fc\u0092n\u00fc, Cumhuriyet Gazetesi Muhabiri Aykut K\u00fc\u00e7\u00fckkaya\u0092n\u0131n \u0093Fener Savc\u0131s\u0131\u0092na By &#8211; Pass \u0094 ba\u015fl\u0131kl\u0131 haberi ald\u0131. \u0093Gazete Haber Foto\u011fraf\u0131\u0094 dal\u0131nda H\u00fcrriyet muhabiri Nurettin Kurt\u0092un \u0093TK 855 Yolcular\u0131\u0094 ba\u015fl\u0131kl\u0131 haberde yay\u0131nlanan foto\u011fraf\u0131 birincili\u011fe lay\u0131k g\u00f6r\u00fcld\u00fc. Bu dalda Hande Mumcu \u00d6zendirme \u00d6d\u00fcl\u00fc\u0092n\u00fc ise Do\u011fan Haber Ajans\u0131 muhabiri Tura\u00e7 Top, Radikal Gazetesi\u0092nde \u0093Trafikte her an ensenize m\u0131zrak saplanabilir\u0094 ba\u015fl\u0131kl\u0131 haberde yay\u0131nlanan foto\u011fraf\u0131yla kazand\u0131. \u0093\u0130zmir Kent TV Haberi\u0094 dal\u0131nda EGE TV muhabiri \u0130brahim Ko\u00e7ba\u015f ve EGE TV Kameraman\u0131 Emre Ba\u011fdatl\u0131\u0092n\u0131n haz\u0131rlad\u0131\u011f\u0131 \u0093 Dram \u00fcst\u00fcne dram ve mutlu son\u0094 haberi birincili\u011fe lay\u0131k g\u00f6r\u00fcld\u00fc. Bu dalda Hande Mumcu \u00d6zendirme \u00d6d\u00fcl\u00fc\u0092n\u00fc ATV Muhabiri Gamze \u00c7\u0131kar ve ATV kameraman\u0131 Sinan Yeni\u00e7eri \u0093\u0130\u015fte trafik canavar\u0131\u0094 haberiyle kazand\u0131. \u00d6d\u00fcller, Bar\u0131\u015f Sel\u00e7uk\u0092un da do\u011fum g\u00fcn\u00fc olan 21 Eyl\u00fcl 2010 g\u00fcn\u00fc saat 18.30\u0092da Tarihi Havagaz\u0131 Fabrikas\u0131\u0092nda d\u00fczenlenecek t\u00f6renle sahiplerini bulacak.<h3>Related Images:<\/h3>","protected":false},"excerpt":{"rendered":"<div class=\"mh-excerpt\"><p>\u0130zmir B\u00fcy\u00fck\u015fehir Belediyesi\u0092nin gazeteci Bar\u0131\u015f Sel\u00e7uk\u0092un an\u0131s\u0131n\u0131 ya\u015fatmak ve gen\u00e7 gazetecileri \u00f6zendirmek amac\u0131yla bu y\u0131l 11. kez d\u00fczenledi\u011fi gazetecilik yar\u0131\u015fmas\u0131 sonu\u00e7land\u0131. \u0093\u0130zmir Kent Haberi\u0094 dal\u0131nda <a class=\"mh-excerpt-more\" href=\"https:\/\/kentyasam.com.tr\/wp\/2010\/09\/17\/baris-selcuk-gazetecilik-yarismasi-sonuclandi\/\" title=\"Bar\u0131\u015f Sel\u00e7uk Gazetecilik Yar\u0131\u015fmas\u0131 sonu\u00e7land\u0131\">[&#8230;]<\/a><\/p>\n<\/div>","protected":false},"author":1,"featured_media":42123,"comment_status":"open","ping_status":"open","sticky":false,"template":"","format":"standard","meta":{"ngg_post_thumbnail":0,"footnotes":""},"categories":[1],"tags":[],"_links":{"self":[{"href":"https:\/\/kentyasam.com.tr\/wp\/wp-json\/wp\/v2\/posts\/19098"}],"collection":[{"href":"https:\/\/kentyasam.com.tr\/wp\/wp-json\/wp\/v2\/posts"}],"about":[{"href":"https:\/\/kentyasam.com.tr\/wp\/wp-json\/wp\/v2\/types\/post"}],"author":[{"embeddable":true,"href":"https:\/\/kentyasam.com.tr\/wp\/wp-json\/wp\/v2\/users\/1"}],"replies":[{"embeddable":true,"href":"https:\/\/kentyasam.com.tr\/wp\/wp-json\/wp\/v2\/comments?post=19098"}],"version-history":[{"count":0,"href":"https:\/\/kentyasam.com.tr\/wp\/wp-json\/wp\/v2\/posts\/19098\/revisions"}],"wp:featuredmedia":[{"embeddable":true,"href":"https:\/\/kentyasam.com.tr\/wp\/wp-json\/wp\/v2\/media\/42123"}],"wp:attachment":[{"href":"https:\/\/kentyasam.com.tr\/wp\/wp-json\/wp\/v2\/media?parent=19098"}],"wp:term":[{"taxonomy":"category","embeddable":true,"href":"https:\/\/kentyasam.com.tr\/wp\/wp-json\/wp\/v2\/categories?post=19098"},{"taxonomy":"post_tag","embeddable":true,"href":"https:\/\/kentyasam.com.tr\/wp\/wp-json\/wp\/v2\/tags?post=19098"}],"curies":[{"name":"wp","href":"https:\/\/api.w.org\/{rel}","templated":true}]}}