{"id":127515,"date":"2026-08-27T23:30:00","date_gmt":"2026-08-27T20:30:00","guid":{"rendered":"https:\/\/kentyasam.com.tr\/wp\/?p=127515"},"modified":"2026-08-30T13:47:29","modified_gmt":"2026-08-30T10:47:29","slug":"95-ief-dokuz-gun-etkinliklerle-surecek","status":"publish","type":"post","link":"https:\/\/kentyasam.com.tr\/wp\/2026\/08\/27\/95-ief-dokuz-gun-etkinliklerle-surecek\/","title":{"rendered":"95. \u0130EF dokuz g\u00fcn etkinliklerle s\u00fcrecek"},"content":{"rendered":"\n<p>\u0130zmir Enternasyonal Fuar\u0131 (\u0130EF) bu y\u0131l 05 \u2013 13 Eyl\u00fcl 2022 tarihleri aras\u0131nda K\u00fclt\u00fcrpark\u2019ta 95. kez d\u00fczenlenecek. \u0130zmir B\u00fcy\u00fck\u015fehir Belediyesi&#8217;nin ev sahipli\u011fi yapaca\u011f\u0131, \u0130zmir Fuarc\u0131l\u0131k Hizmetleri K\u00fclt\u00fcr ve Sanat \u0130\u015fleri Tic. A.\u015e. (\u0130ZFA\u015e) taraf\u0131ndan d\u00fczenlenen fuar\u0131n ana sponsoru Folkart, etkinlik sponsoru Migros olacak. Fuar i\u00e7in K\u00fclt\u00fcrpark&#8217;a giri\u015f \u00fccretleri tam 100 lira, \u00f6\u011frenci 50 lira olarak belirlendi.<\/p>\n\n\n\n<ol start=\"95\">\n<li>\u0130EF&#8217;ye ili\u015fkin bas\u0131n toplant\u0131s\u0131nda konu\u015fan \u0130zmir B\u00fcy\u00fck\u015fehir Belediye Ba\u015fkan\u0131<strong> Cemil Tugay<\/strong>, \u0130zmir halk\u0131n\u0131n 365 g\u00fcn mutlu olaca\u011f\u0131 bir K\u00fclt\u00fcrpark yaratmak istediklerini ve bunun i\u00e7in gerekli \u00e7al\u0131\u015fmalar\u0131 yapt\u0131klar\u0131n\u0131 s\u00f6yledi. Tugay, <em>\u201cBu y\u0131l biraz daha \u00e7a\u011fda\u015f bir fuar yorumu g\u00f6rece\u011fiz. \u00d6n\u00fcm\u00fczdeki y\u0131llarda, i\u00e7inde ya\u015fad\u0131\u011f\u0131m\u0131z \u00e7a\u011f\u0131n gereklerini ve kat\u0131l\u0131mc\u0131lar\u0131n ve ziyaret\u00e7ilerin bizden beklentilerini kar\u015f\u0131lamak i\u00e7in \u00e7al\u0131\u015fmaya devam edece\u011fiz&#8221;<\/em> dedi.<\/li>\n<\/ol>\n\n\n\n<p>Gaziemir&#8217;deki fuar alan\u0131nda ihtisas fuarlar\u0131 d\u00fczenlendi\u011fini belirten Cemil Tugay, fuarlar\u0131n 2, 3 ya da 4 g\u00fcn s\u00fcrd\u00fc\u011f\u00fcn\u00fc an\u0131msatt\u0131. Tugay, fuar s\u00fcresinin uzat\u0131lmas\u0131 \u00fczerine bir soru \u00fczerine K\u00fclt\u00fcrpark&#8217;ta d\u00fczenlenecek ve dokuz g\u00fcn s\u00fcrecek 95. \u0130EF ile ihtisas fuarlar\u0131n\u0131 ili\u015fkilendirdi ve fuar s\u00fcresini uzatman\u0131n kat\u0131l\u0131m\u0131 azaltt\u0131\u011f\u0131n\u0131 \u00f6ne s\u00fcrd\u00fc. Cemil Tugay, 1992 y\u0131l\u0131nda uygulanmaya ba\u015flayan &#8220;onur konu\u011fu \u00fclke&#8221; ve 2005 y\u0131l\u0131nda uygulanmaya ba\u015flayan &#8220;onur konu\u011fu il&#8221; uygulamas\u0131na son verildi\u011fini belirtti.<\/p>\n\n\n\n<p>Folkart Y\u00f6netim Kurulu Ba\u015fkan\u0131 <strong>Mesut Sancak<\/strong>, kentin k\u00fclt\u00fcrel, sosyal hayat\u0131na katk\u0131 sunmay\u0131 bir tercih de\u011fil, temel bir sorumluluk olarak g\u00f6rd\u00fcklerini s\u00f6yledi. \u0130zmir Enternasyonal Fuar\u0131&#8217;n\u0131n bundan sonra da bu kentin d\u00fcnyaya a\u00e7\u0131k, yenilik\u00e7i ve cesur kimli\u011finin en \u00f6nemli simgelerinden biri olmaya devam edece\u011fini belirten Sancak, <em>&#8220;Kentin k\u00fclt\u00fcr\u00fcne, uluslararas\u0131 g\u00f6r\u00fcn\u00fcrl\u00fc\u011f\u00fcne ve ortak haf\u0131zas\u0131na katt\u0131\u011f\u0131 de\u011ferle hepimiz i\u00e7in bir gurur kayna\u011f\u0131 olmay\u0131 s\u00fcrd\u00fcrecek\u201d<\/em> diye konu\u015ftu.<\/p>\n\n\n\n<p>Migros\u2019un Kuzey Ege Direkt\u00f6r\u00fc <strong>G\u00fcne\u015f F\u0131r\u0131ldak<\/strong>, etkinlik sponsoru olmaktan, fuara katk\u0131 sunmaktan mutluluk duyduklar\u0131n\u0131 s\u00f6yledi. F\u0131r\u0131ldak, <em>\u201c\u0130zmir Enternasyonal Fuar\u0131, \u0130zmir&#8217;in en k\u00f6kl\u00fc de\u011ferlerinden biri. Biz de 15 y\u0131ld\u0131r bu b\u00fcy\u00fck bulu\u015fman\u0131n etkinlik sponsoru olman\u0131n mutlulu\u011funu ve gururunu ya\u015f\u0131yoruz. \u0130zmir ile kurdu\u011fumuz ba\u011f\u0131n par\u00e7as\u0131 olarak her y\u0131l fuara daha zengin, kapsay\u0131c\u0131, deneyim odakl\u0131 katk\u0131 sunmay\u0131 ama\u00e7l\u0131yoruz&#8221;<\/em> dedi.<\/p>\n\n\n\n<p>\u0130ZFA\u015e Genel M\u00fcd\u00fcr\u00fc <strong>Tu\u011f\u00e7e Cumal\u0131o\u011flu<\/strong>, \u0130zmir Enternasyonal Fuar\u0131&#8217;n\u0131 &#8220;Ku\u015faklar boyunca de\u011fi\u015fen sosyal ya\u015fam\u0131n \u00e7ok \u00f6nemli bir par\u00e7as\u0131&#8221; olarak niteledi. Cumal\u0131o\u011flu, <em>\u201cYine \u015fehrin kalbinde bir arada olaca\u011f\u0131z. 95 y\u0131l bir organizasyon i\u00e7in \u00e7ok uzun bir s\u00fcre ama \u0130EF s\u00f6z konusu oldu\u011funda bu yaln\u0131zca bir say\u0131 de\u011fil. \u0130zmir&#8217;in kent haf\u0131zas\u0131n\u0131n, T\u00fcrkiye&#8217;nin fuarc\u0131l\u0131k tarihinin ve ku\u015faklar boyunca de\u011fi\u015fen sosyal ya\u015fam\u0131n \u00e7ok \u00f6nemli bir par\u00e7as\u0131\u201d<\/em> diye konu\u015ftu.<\/p>\n\n\n\n<p>\u0130EF 16.00\u201323.00 saatleri aras\u0131nda ziyaret\u00e7ilerini a\u011f\u0131rlayacak. \u00c7ocuk alan\u0131ndaki etkinlikler 18.00\u201322.00 saatleri aras\u0131nda, gen\u00e7lik alan\u0131ndaki etkinlikler 17.00\u201321.00 saatleri aras\u0131nda ger\u00e7ekle\u015ftirilecek. 95. \u0130zmir Enternasyonal Fuar\u0131 etkinliklerine <a href=\"https:\/\/ief.izfas.com.tr\/etkinlikler-tum-etkinlikler-tr\" target=\"_blank\" rel=\"noreferrer noopener\">https:\/\/ief.izfas.com.tr\/etkinlikler-tum-etkinlikler-tr<\/a> ba\u011flant\u0131s\u0131ndan eri\u015filebilecek.<\/p>\n<h3>Related Images:<\/h3>","protected":false},"excerpt":{"rendered":"<div class=\"mh-excerpt\"><p>\u0130zmir Enternasyonal Fuar\u0131 (\u0130EF) bu y\u0131l 05 \u2013 13 Eyl\u00fcl 2022 tarihleri aras\u0131nda K\u00fclt\u00fcrpark\u2019ta 95. kez d\u00fczenlenecek. \u0130zmir B\u00fcy\u00fck\u015fehir Belediyesi&#8217;nin ev sahipli\u011fi yapaca\u011f\u0131, \u0130zmir Fuarc\u0131l\u0131k <a class=\"mh-excerpt-more\" href=\"https:\/\/kentyasam.com.tr\/wp\/2026\/08\/27\/95-ief-dokuz-gun-etkinliklerle-surecek\/\" title=\"95. \u0130EF dokuz g\u00fcn etkinliklerle s\u00fcrecek\">[&#8230;]<\/a><\/p>\n<\/div>","protected":false},"author":1,"featured_media":127518,"comment_status":"closed","ping_status":"open","sticky":false,"template":"","format":"standard","meta":{"ngg_post_thumbnail":0,"footnotes":""},"categories":[1],"tags":[389,386,390,384,385,391,388,387],"_links":{"self":[{"href":"https:\/\/kentyasam.com.tr\/wp\/wp-json\/wp\/v2\/posts\/127515"}],"collection":[{"href":"https:\/\/kentyasam.com.tr\/wp\/wp-json\/wp\/v2\/posts"}],"about":[{"href":"https:\/\/kentyasam.com.tr\/wp\/wp-json\/wp\/v2\/types\/post"}],"author":[{"embeddable":true,"href":"https:\/\/kentyasam.com.tr\/wp\/wp-json\/wp\/v2\/users\/1"}],"replies":[{"embeddable":true,"href":"https:\/\/kentyasam.com.tr\/wp\/wp-json\/wp\/v2\/comments?post=127515"}],"version-history":[{"count":3,"href":"https:\/\/kentyasam.com.tr\/wp\/wp-json\/wp\/v2\/posts\/127515\/revisions"}],"predecessor-version":[{"id":127519,"href":"https:\/\/kentyasam.com.tr\/wp\/wp-json\/wp\/v2\/posts\/127515\/revisions\/127519"}],"wp:featuredmedia":[{"embeddable":true,"href":"https:\/\/kentyasam.com.tr\/wp\/wp-json\/wp\/v2\/media\/127518"}],"wp:attachment":[{"href":"https:\/\/kentyasam.com.tr\/wp\/wp-json\/wp\/v2\/media?parent=127515"}],"wp:term":[{"taxonomy":"category","embeddable":true,"href":"https:\/\/kentyasam.com.tr\/wp\/wp-json\/wp\/v2\/categories?post=127515"},{"taxonomy":"post_tag","embeddable":true,"href":"https:\/\/kentyasam.com.tr\/wp\/wp-json\/wp\/v2\/tags?post=127515"}],"curies":[{"name":"wp","href":"https:\/\/api.w.org\/{rel}","templated":true}]}}