{"id":125802,"date":"2026-03-11T17:00:00","date_gmt":"2026-03-11T14:00:00","guid":{"rendered":"https:\/\/kentyasam.com.tr\/wp\/?p=125802"},"modified":"2026-03-12T19:12:22","modified_gmt":"2026-03-12T16:12:22","slug":"prof-dr-necla-cevik-son-yolculuguna-ugurlandi","status":"publish","type":"post","link":"https:\/\/kentyasam.com.tr\/wp\/2026\/03\/11\/prof-dr-necla-cevik-son-yolculuguna-ugurlandi\/","title":{"rendered":"Prof. Dr. Necla \u00c7evik son yolculu\u011funa u\u011furland\u0131"},"content":{"rendered":"\n<p>\u00dclkemizdeki ilk &#8220;Ambulans ve Acil Yard\u0131m Teknikerli\u011fi Program\u0131&#8221;n\u0131n Dokuz Eyl\u00fcl \u00dcniversitesi&#8217;nde kurulmas\u0131na \u00f6nc\u00fcl\u00fck eden Prof. Dr. <strong>Necla \u00c7evik<\/strong> son yolculu\u011funa u\u011furland\u0131. Tedavi g\u00f6rd\u00fc\u011f\u00fc hastanede 96 ya\u015f\u0131nda ya\u015fama veda eden Prof. Dr. \u00c7evik i\u00e7in Bostanl\u0131 Be\u015fik\u00e7io\u011flu Camisi&#8217;nde \u00f6\u011fle namaz\u0131n\u0131n ard\u0131ndan cenaze namaz\u0131 k\u0131l\u0131nd\u0131. Cenaze t\u00f6renine ailesi ve yak\u0131nlar\u0131n\u0131n yan\u0131 s\u0131ra Prof. Dr. Necla \u00c7evik&#8217;in meslekta\u015flar\u0131, \u00f6\u011frencileri, kurucusu oldu\u011fu DE\u00dc Ambulans ve Acil Yard\u0131m Teknikerli\u011fi Program\u0131 mezunlar\u0131n\u0131 bir araya getirdi. Ba\u015fkent \u00dcniversitesi Kurucusu ve Y\u00f6netim \u00dcst Kurulu Onursal Ba\u015fkan\u0131 Prof. Dr. <strong>Mehmet Haberal<\/strong> da Prof. Dr. \u00c7evik&#8217;in cenazesine kat\u0131lmak i\u00e7in Ankara&#8217;dan geldi. Prof. Dr. Necla \u00c7evik&#8217;in cenazesi Do\u011fan\u00e7ay Mezarl\u0131\u011f\u0131&#8217;nda, 2018 y\u0131l\u0131nda ya\u015fam\u0131n\u0131 yitiren 57 y\u0131ll\u0131k e\u015fi Prof. Dr. Nam\u0131k \u00c7evik&#8217;in kabrinin yan\u0131 ba\u015f\u0131ndaki kabirde topra\u011fa verildi.<\/p>\n<h3>Related Images:<\/h3>","protected":false},"excerpt":{"rendered":"<div class=\"mh-excerpt\"><p>\u00dclkemizdeki ilk &#8220;Ambulans ve Acil Yard\u0131m Teknikerli\u011fi Program\u0131&#8221;n\u0131n Dokuz Eyl\u00fcl \u00dcniversitesi&#8217;nde kurulmas\u0131na \u00f6nc\u00fcl\u00fck eden Prof. Dr. Necla \u00c7evik son yolculu\u011funa u\u011furland\u0131. Tedavi g\u00f6rd\u00fc\u011f\u00fc hastanede 96 <a class=\"mh-excerpt-more\" href=\"https:\/\/kentyasam.com.tr\/wp\/2026\/03\/11\/prof-dr-necla-cevik-son-yolculuguna-ugurlandi\/\" title=\"Prof. Dr. Necla \u00c7evik son yolculu\u011funa u\u011furland\u0131\">[&#8230;]<\/a><\/p>\n<\/div>","protected":false},"author":1,"featured_media":125803,"comment_status":"closed","ping_status":"open","sticky":false,"template":"","format":"standard","meta":{"ngg_post_thumbnail":0,"footnotes":""},"categories":[1],"tags":[],"_links":{"self":[{"href":"https:\/\/kentyasam.com.tr\/wp\/wp-json\/wp\/v2\/posts\/125802"}],"collection":[{"href":"https:\/\/kentyasam.com.tr\/wp\/wp-json\/wp\/v2\/posts"}],"about":[{"href":"https:\/\/kentyasam.com.tr\/wp\/wp-json\/wp\/v2\/types\/post"}],"author":[{"embeddable":true,"href":"https:\/\/kentyasam.com.tr\/wp\/wp-json\/wp\/v2\/users\/1"}],"replies":[{"embeddable":true,"href":"https:\/\/kentyasam.com.tr\/wp\/wp-json\/wp\/v2\/comments?post=125802"}],"version-history":[{"count":1,"href":"https:\/\/kentyasam.com.tr\/wp\/wp-json\/wp\/v2\/posts\/125802\/revisions"}],"predecessor-version":[{"id":125804,"href":"https:\/\/kentyasam.com.tr\/wp\/wp-json\/wp\/v2\/posts\/125802\/revisions\/125804"}],"wp:featuredmedia":[{"embeddable":true,"href":"https:\/\/kentyasam.com.tr\/wp\/wp-json\/wp\/v2\/media\/125803"}],"wp:attachment":[{"href":"https:\/\/kentyasam.com.tr\/wp\/wp-json\/wp\/v2\/media?parent=125802"}],"wp:term":[{"taxonomy":"category","embeddable":true,"href":"https:\/\/kentyasam.com.tr\/wp\/wp-json\/wp\/v2\/categories?post=125802"},{"taxonomy":"post_tag","embeddable":true,"href":"https:\/\/kentyasam.com.tr\/wp\/wp-json\/wp\/v2\/tags?post=125802"}],"curies":[{"name":"wp","href":"https:\/\/api.w.org\/{rel}","templated":true}]}}